{"id":30872531,"date":"2022-05-05T16:22:13","date_gmt":"2022-05-05T14:22:13","guid":{"rendered":"https:\/\/www.upo.es\/diario\/?p=30872531"},"modified":"2022-05-06T11:42:12","modified_gmt":"2022-05-06T09:42:12","slug":"por-que-deberia-importarnos-la-politica","status":"publish","type":"post","link":"https:\/\/www.upo.es\/diario\/theconversation\/2022\/05\/por-que-deberia-importarnos-la-politica\/","title":{"rendered":"\u00bfPor qu\u00e9 deber\u00eda importarnos la\u00a0pol\u00edtica?"},"content":{"rendered":"<figure id=\"attachment_30872534\" aria-describedby=\"caption-attachment-30872534\" style=\"width: 2560px\" class=\"wp-caption aligncenter\"><img loading=\"lazy\" decoding=\"async\" class=\"size-full wp-image-30872534\" src=\"https:\/\/www.upo.es\/diario\/wp-content\/uploads\/2022\/05\/TheConversation_20220505-scaled.jpg\" alt=\"Micr\u00f3fono ante la multitud\" width=\"2560\" height=\"1707\" srcset=\"https:\/\/www.upo.es\/diario\/wp-content\/uploads\/2022\/05\/TheConversation_20220505-scaled.jpg 2560w, https:\/\/www.upo.es\/diario\/wp-content\/uploads\/2022\/05\/TheConversation_20220505-360x240.jpg 360w, https:\/\/www.upo.es\/diario\/wp-content\/uploads\/2022\/05\/TheConversation_20220505-750x500.jpg 750w, https:\/\/www.upo.es\/diario\/wp-content\/uploads\/2022\/05\/TheConversation_20220505-768x512.jpg 768w, https:\/\/www.upo.es\/diario\/wp-content\/uploads\/2022\/05\/TheConversation_20220505-1536x1024.jpg 1536w, https:\/\/www.upo.es\/diario\/wp-content\/uploads\/2022\/05\/TheConversation_20220505-2048x1365.jpg 2048w\" sizes=\"auto, (max-width: 2560px) 100vw, 2560px\" \/><figcaption id=\"caption-attachment-30872534\" class=\"wp-caption-text\">Foto: shutterstock.<\/figcaption><\/figure>\n<p><a href=\"https:\/\/theconversation.com\/profiles\/jose-francisco-jimenez-diaz-1224047\">Jos\u00e9-Francisco Jim\u00e9nez-D\u00edaz<\/a>, <em><a href=\"https:\/\/theconversation.com\/institutions\/universidad-pablo-de-olavide-1362\">Universidad Pablo de Olavide<\/a><\/em><\/p>\n<p>La mayor\u00eda de la poblaci\u00f3n de las <a href=\"https:\/\/www.planetadelibros.com\/libro-la-democracia\/343536\">poliarqu\u00edas occidentales<\/a> dice <a href=\"https:\/\/www.analisis.cis.es\/cisdb.jsp\">apoyar la democracia como forma de gobierno<\/a>, pero reconoce no interesarse por la pol\u00edtica, desconfiar de las instituciones e, incluso, odiar a sus representantes.<\/p>\n<p>Un dato revelador: m\u00e1s del 60\u00a0% de la ciudadan\u00eda espa\u00f1ola dice no estar interesada en la <a href=\"https:\/\/www.cis.es\/cis\/opencm\/ES\/1_encuestas\/estudios\/ver.jsp?estudio=14479\">pol\u00edtica<\/a>. As\u00ed, la ciudadan\u00eda vota sopesando a qui\u00e9n no votar\u00e1 y acaba eligiendo una candidatura por descarte, sin convicci\u00f3n. De esto trata el <em><a href=\"https:\/\/dialnet.unirioja.es\/servlet\/articulo?codigo=4151172\">malestar<\/a><\/em> y <em><a href=\"https:\/\/www.upo.es\/revistas\/index.php\/ripp\/article\/view\/6159\">cinismo democr\u00e1ticos<\/a><\/em>.<\/p>\n<p>El desencanto hacia los representantes pol\u00edticos es creciente y los liderazgos democr\u00e1ticos viven <a href=\"https:\/\/theconversation.com\/que-es-el-liderazgo-politico-179408\">sus horas m\u00e1s dif\u00edciles y duras<\/a>. Desde principios del siglo XXI, los reg\u00edmenes democr\u00e1ticos-liberales son desafiados globalmente por los <a href=\"https:\/\/www.cidob.org\/es\/publicaciones\/serie_de_publicacion\/opinion\/seguridad_y_politica_mundial\/democracias_iliberales\">reg\u00edmenes autoritarios-iliberales<\/a>. Estas razones son suficientemente relevantes para repensar la importancia de la pol\u00edtica.<\/p>\n<h3>La visi\u00f3n aristot\u00e9lica<\/h3>\n<figure style=\"width: 380px\" class=\"wp-caption alignright\"><img decoding=\"async\" class=\"size-full\" src=\"https:\/\/images.theconversation.com\/files\/460947\/original\/file-20220503-10802-nj92hd.jpeg?ixlib=rb-1.1.0&amp;q=45&amp;auto=format&amp;w=380&amp;fit=crop&amp;dpr=1\" alt=\"Plat\u00f3n y Arist\u00f3teles\" width=\"380\" \/><figcaption class=\"wp-caption-text\">Plat\u00f3n y Arist\u00f3teles en la escuela de Atenas, por Rafael Sanzio (1509). Wikimedia Commons<\/figcaption><\/figure>\n<p>La ra\u00edz etimol\u00f3gica de la palabra pol\u00edtica se halla ligada a <em>polis<\/em> (ciudad), y supone que la pol\u00edtica solo pueden hacerla los <em>animales de polis y logos<\/em>. Es decir, los seres humanos son eminentemente pol\u00edticos, pues dependen de la ciudad para <a href=\"https:\/\/revistas.upb.edu.co\/index.php\/escritos\/article\/view\/6770\">realizar su naturaleza<\/a> y <em>vivir bien<\/em> (eudaimon\u00eda).Para <a href=\"https:\/\/www.philosophica.info\/voces\/aristoteles\/Aristoteles.html#toc42\">Arist\u00f3teles (384\u2013322 a.\u00a0e.\u00a0c.)<\/a>, la pol\u00edtica es el \u201carte de lo posible\u201d. Esta definici\u00f3n encierra un saber clave para <a href=\"http:\/\/www.cepc.gob.es\/publicaciones\/monografias\/retorica-democracia-y-crisis-un-estudio-de-teoria-politica-6\">pensar lo pol\u00edtico en nuestro tiempo<\/a>. Partiendo de ella, se medita sobre el sentido de la pol\u00edtica, desde el enfoque del realismo pol\u00edtico cl\u00e1sico. El fundador de este enfoque fue Arist\u00f3teles: <a href=\"https:\/\/www.fcede.es\/site\/es\/libros\/detalles.aspx?id_libro=939\">el estudioso de la pol\u00edtica<\/a> <a href=\"https:\/\/www.unebook.es\/es\/libro\/politica_137062\">m\u00e1s importante de la Antig\u00fcedad<\/a>.<\/p>\n<p>La pol\u00edtica trata sobre los asuntos comunes que nos afectan en la ciudad. Y seg\u00fan c\u00f3mo nos impliquemos en tales asuntos, quienes la habitamos tendremos diversas posibilidades de convivencia. Entre estas posibilidades nos jugamos la libertad pol\u00edtica y la dignidad humana.<\/p>\n<h3>Pol\u00edtica y posibilidades de convivencia<\/h3>\n<p>Las <em>posibilidades de convivencia<\/em>, abiertas en las variadas puertas de la polis libre, constituyen algo distintivo del <em>Homo sapiens<\/em>. Este est\u00e1 forzado a satisfacer sus necesidades biol\u00f3gicas, puede producir artefactos e inventar instrumentos para afrontar su vida material, pero tambi\u00e9n tiene la posibilidad de forjar un mundo com\u00fan, en el que puede <em>vivir bien<\/em> y <a href=\"https:\/\/www.planetadelibros.com\/libro-la-condicion-humana\/201616\">ser libre<\/a>. Ese mundo com\u00fan, para <a href=\"https:\/\/theconversation.com\/la-vigencia-de-hannah-arendt-y-su-pensamiento-critico-165643\">Hannah Arendt (1906-1975)<\/a>, est\u00e1 conformado por palabras y acciones.<\/p>\n<p>Los discursos p\u00fablicos constituyen la polis, al tiempo que condicionan las posibilidades de convivencia de sus presentes y futuros moradores. En una polis es posible vivir una vida decente si las personas no se humillan entre s\u00ed, y las instituciones no humillan a las <a href=\"https:\/\/www.unebook.es\/es\/libro\/la-sociedad-decente_165176\">personas<\/a>. Esto es: se puede deliberar sobre las diferencias, llegar a acuerdos, y regular los conflictos. Pero ello nunca es f\u00e1cil y requiere participar en la polis.<\/p>\n<p>Participar en pol\u00edtica no es aplazable y puede adoptar distintos <a href=\"https:\/\/recyt.fecyt.es\/index.php\/RevEsPol\/article\/view\/53693\">modos<\/a>: votar, defender una idea en un debate p\u00fablico, contactar con un representante, apoyar (o refutar) un discurso pol\u00edtico en las redes, asistir a una protesta social, etc.<\/p>\n<p>La diferencia entre la eudaimon\u00eda y subsistir es notoria. No es igual vivir en una polis que educa en un marco de libertades y es posible pensar aut\u00f3nomamente, que vivir en una sociedad donde se restringen las libertades y la libertad de pensamiento se considera un crimen.<\/p>\n<figure style=\"width: 380px\" class=\"wp-caption alignright\"><img decoding=\"async\" class=\"size-full\" src=\"https:\/\/images.theconversation.com\/files\/255582\/original\/file-20190125-108351-7zqlb2.jpg?ixlib=rb-1.1.0&amp;q=45&amp;auto=format&amp;w=380&amp;fit=crop&amp;dpr=1\" alt=\"George Orwell\" width=\"380\" \/><figcaption class=\"wp-caption-text\">Fotograf\u00eda de George Orwell. BBC \/ Wikimedia Commons<\/figcaption><\/figure>\n<p>La c\u00e9lebre novela <em>1984<\/em>, escrita por <a href=\"https:\/\/www.unebook.es\/es\/libro\/1984_267451\">Orwell<\/a>, ilustra muy bien este problema: v\u00e9ase la caracterizaci\u00f3n orwelliana del <em>crimental<\/em>, de la <em>ideacrimen<\/em> y del <em>malpensamiento<\/em>. Tales palabras forjan una neolengua y un mundo antipol\u00edtico que niega el <a href=\"https:\/\/elpais.com\/elpais\/2019\/06\/06\/icon\/1559833835_345792.html\">lazo com\u00fan<\/a>, olvida la interdependencia social y la <a href=\"https:\/\/www.lavanguardia.com\/politica\/20181031\/452669021548\/victoria-camps-ser-razonable-en-politica-no-es-una-quimera.html\">pol\u00edtica razonable<\/a>.<\/p>\n<p>El crimental orwelliano representa todos los pensamientos heterodoxos de una persona, como las ideas que cuestionan la ideolog\u00eda vigente en una dictadura. De modo que pensar diferente a lo establecido por el r\u00e9gimen te puede costar la vida o tener infinidad de obst\u00e1culos.<\/p>\n<p>As\u00ed, por ejemplo, ha ocurrido (y ocurre) en las <a href=\"https:\/\/es.wikipedia.org\/wiki\/El_gran_dictador\">variadas dictaduras de los tiempos modernos<\/a>: la Alemania de Hitler, la Uni\u00f3n Sovi\u00e9tica leninista y estalinista, la Espa\u00f1a de Franco, la Rusia de Putin, la Corea del Norte de Kim Jong-un.<\/p>\n<p>Tambi\u00e9n ocurre en la China de hoy, donde rige un sistema de cr\u00e9dito social que diferencia entre <em>buenos<\/em> y <em>malos<\/em> ciudadanos, otorg\u00e1ndoles <a href=\"https:\/\/es.wikipedia.org\/wiki\/Sistema_de_cr%C3%A9dito_social_chino\">puntuaciones oficiales<\/a>. Todo ello apoyado en la vigilancia social mediante tecnolog\u00edas de la informaci\u00f3n. \u00danicamente los considerados <em>buenos ciudadanos chinos<\/em> y que act\u00faan dentro del marco establecido pueden acceder a ciertos bienes sociales, como una plaza en una universidad, un piso en alquiler, etc.<\/p>\n<h3>\u00bfHacia una convivencia libre y digna?<\/h3>\n<p>Pocas cosas perjudican m\u00e1s a los seres humanos que negarles las posibilidades de ser libres y dignos. La convivencia requiere esmerarse en crear relaciones decentes y respetarse mutuamente en la polis.<\/p>\n<p>Sin duda, los llamados reg\u00edmenes iliberales, proclamados incluso dentro de la Uni\u00f3n Europea (v\u00e9ase la Hungr\u00eda de <a href=\"https:\/\/elpais.com\/internacional\/2022-04-03\/la-quinta-victoria-de-orban-consolida-su-regimen-iliberal-en-hungria.html\">Viktor Orb\u00e1n<\/a>), impiden las posibilidades de convivencia de muchos de sus habitantes.<\/p>\n<p>La difamaci\u00f3n p\u00fablica y el uso del odio contra ciertos grupos sociales (homosexuales, inmigrantes, <a href=\"https:\/\/theconversation.com\/el-odio-a-los-pobres-la-fobia-mas-comun-180471\">pobres<\/a>, etc.), tambi\u00e9n presente en las democracias, menoscaban la libertad y dignidad humanas. La calumnia p\u00fablica y los <em>manejos<\/em> demag\u00f3gicos del odio destruyen la convivencia en la <a href=\"https:\/\/www.es.amnesty.org\/en-que-estamos\/paises\/pais\/show\/hungria\/\">polis<\/a>. As\u00ed se debilitan las <a href=\"https:\/\/www.unebook.es\/es\/libro\/como-mueren-las-democracias_247908\">democracias<\/a>.<\/p>\n<p>La pol\u00edtica y las instituciones, en una sociedad libre y decente, pueden brindar a los seres humanos las oportunidades de ser libres, de respetar a quienes piensan diferente, de educarse en libertad, de deliberar sobre los conflictos, etc. Estas posibilidades son demasiado importantes como para dejarlas en manos de los demagogos de turno. Por ello, es necesaria la participaci\u00f3n ciudadana en la polis.<\/p>\n<p>Si realmente nos importa la pol\u00edtica tendr\u00edamos que evitar, a toda costa, las <a href=\"https:\/\/www.unebook.es\/es\/libro\/critica-de-las-ideologias_123581\">ideolog\u00edas totalitarias<\/a> y los <a href=\"https:\/\/www.unebook.es\/es\/libro\/contra-el-fanatismo-religioso-serie-great-ideas-39_123663\">variados<\/a> <a href=\"https:\/\/www.todostuslibros.com\/libros\/la-sociedad-de-la-intolerancia_978-84-18526-37-4\">fanatismos<\/a>.<\/p>\n<p>La ciudadan\u00eda libre-democr\u00e1tica no aparece espont\u00e1neamente, sino que requiere ciertas condiciones sociopol\u00edticas: bienestar social, educaci\u00f3n, <a href=\"https:\/\/www.anagrama-ed.es\/libro\/argumentos\/la-corrosion-del-caracter\/9788433905901\/A_239\">trabajo digno<\/a>, juicio reflexivo, prudencia, imaginaci\u00f3n y <a href=\"https:\/\/revistas.ucm.es\/index.php\/POSO\/article\/view\/41862\">pensamiento ampliado<\/a>. Mientras las democracias favorecen esas condiciones, las dictaduras las impiden.<\/p>\n<p><a href=\"https:\/\/theconversation.com\/profiles\/jose-francisco-jimenez-diaz-1224047\">Jos\u00e9-Francisco Jim\u00e9nez-D\u00edaz<\/a>, Profesor Titular de Ciencia Pol\u00edtica y de la Administraci\u00f3n, <em><a href=\"https:\/\/theconversation.com\/institutions\/universidad-pablo-de-olavide-1362\">Universidad Pablo de Olavide<\/a><\/em><\/p>\n<p>Este art\u00edculo fue publicado originalmente en <a href=\"https:\/\/theconversation.com\">The Conversation<\/a>. Lea el <a href=\"https:\/\/theconversation.com\/por-que-deberia-importarnos-la-politica-181574\">original<\/a>.<\/p>\n<p>&nbsp;<\/p>\n","protected":false},"excerpt":{"rendered":"<p>El desencanto hacia los representantes pol\u00edticos es creciente y los liderazgos democr\u00e1ticos viven sus horas m\u00e1s dif\u00edciles y duras. Desde principios del siglo XXI, los reg\u00edmenes democr\u00e1ticos-liberales son desafiados globalmente por los reg\u00edmenes autoritarios-iliberales. Estas razones son suficientemente relevantes para repensar la importancia de la pol\u00edtica.<\/p>\n","protected":false},"author":6,"featured_media":30872534,"comment_status":"closed","ping_status":"open","sticky":false,"template":"","format":"standard","meta":{"_monsterinsights_skip_tracking":false,"_monsterinsights_sitenote_active":false,"_monsterinsights_sitenote_note":"","_monsterinsights_sitenote_category":0,"footnotes":""},"categories":[5390],"tags":[598,458,744,2802,7047,76],"class_list":["post-30872531","post","type-post","status-publish","format-standard","has-post-thumbnail","hentry","category-theconversation","tag-ciencias-politicas","tag-ciudadania","tag-democracia","tag-ideologia","tag-participacion-ciudadana","tag-politica"],"_links":{"self":[{"href":"https:\/\/www.upo.es\/diario\/wp-json\/wp\/v2\/posts\/30872531","targetHints":{"allow":["GET"]}}],"collection":[{"href":"https:\/\/www.upo.es\/diario\/wp-json\/wp\/v2\/posts"}],"about":[{"href":"https:\/\/www.upo.es\/diario\/wp-json\/wp\/v2\/types\/post"}],"author":[{"embeddable":true,"href":"https:\/\/www.upo.es\/diario\/wp-json\/wp\/v2\/users\/6"}],"replies":[{"embeddable":true,"href":"https:\/\/www.upo.es\/diario\/wp-json\/wp\/v2\/comments?post=30872531"}],"version-history":[{"count":4,"href":"https:\/\/www.upo.es\/diario\/wp-json\/wp\/v2\/posts\/30872531\/revisions"}],"predecessor-version":[{"id":30872536,"href":"https:\/\/www.upo.es\/diario\/wp-json\/wp\/v2\/posts\/30872531\/revisions\/30872536"}],"wp:featuredmedia":[{"embeddable":true,"href":"https:\/\/www.upo.es\/diario\/wp-json\/wp\/v2\/media\/30872534"}],"wp:attachment":[{"href":"https:\/\/www.upo.es\/diario\/wp-json\/wp\/v2\/media?parent=30872531"}],"wp:term":[{"taxonomy":"category","embeddable":true,"href":"https:\/\/www.upo.es\/diario\/wp-json\/wp\/v2\/categories?post=30872531"},{"taxonomy":"post_tag","embeddable":true,"href":"https:\/\/www.upo.es\/diario\/wp-json\/wp\/v2\/tags?post=30872531"}],"curies":[{"name":"wp","href":"https:\/\/api.w.org\/{rel}","templated":true}]}}