{"id":30872537,"date":"2022-05-06T14:16:57","date_gmt":"2022-05-06T12:16:57","guid":{"rendered":"https:\/\/www.upo.es\/diario\/?p=30872537"},"modified":"2022-05-09T13:27:11","modified_gmt":"2022-05-09T11:27:11","slug":"conferencia-en-la-upo-del-ministro-de-agricultura-pesca-y-alimentacion-con-motivo-del-dia-de-europa","status":"publish","type":"post","link":"https:\/\/www.upo.es\/diario\/docencia-formacion\/2022\/05\/conferencia-en-la-upo-del-ministro-de-agricultura-pesca-y-alimentacion-con-motivo-del-dia-de-europa\/","title":{"rendered":"Conferencia en la UPO del ministro de Agricultura, Pesca y Alimentaci\u00f3n con motivo del D\u00eda de Europa"},"content":{"rendered":"<figure id=\"attachment_30872538\" aria-describedby=\"caption-attachment-30872538\" style=\"width: 360px\" class=\"wp-caption alignright\"><img loading=\"lazy\" decoding=\"async\" class=\"wp-image-30872538 size-medium\" src=\"https:\/\/www.upo.es\/diario\/wp-content\/uploads\/2022\/05\/14012020_LuisPlanas-360x240.jpg\" alt=\"Luis Planas\" width=\"360\" height=\"240\" srcset=\"https:\/\/www.upo.es\/diario\/wp-content\/uploads\/2022\/05\/14012020_LuisPlanas-360x240.jpg 360w, https:\/\/www.upo.es\/diario\/wp-content\/uploads\/2022\/05\/14012020_LuisPlanas-750x500.jpg 750w, https:\/\/www.upo.es\/diario\/wp-content\/uploads\/2022\/05\/14012020_LuisPlanas-768x512.jpg 768w, https:\/\/www.upo.es\/diario\/wp-content\/uploads\/2022\/05\/14012020_LuisPlanas-165x109.jpg 165w, https:\/\/www.upo.es\/diario\/wp-content\/uploads\/2022\/05\/14012020_LuisPlanas.jpg 1200w\" sizes=\"auto, (max-width: 360px) 100vw, 360px\" \/><figcaption id=\"caption-attachment-30872538\" class=\"wp-caption-text\">Luis Planas, ministro de Agricultura, Pesca y Alimentaci\u00f3n<\/figcaption><\/figure>\n<p>El pr\u00f3ximo <u>lunes 9 de mayo<\/u>, fecha en la que se celebra el D\u00eda de Europa, <strong>Luis Planas Puchades, ministro de Agricultura, Pesca y Alimentaci\u00f3n<\/strong>, impartir\u00e1 a las 11 horas, en la sala de grados del edificio 7 de la Universidad Pablo de Olavide, la <strong>conferencia \u2018D\u00eda de Europa. 60 a\u00f1os de Pol\u00edtica Agr\u00edcola Com\u00fan\u2019<\/strong>. La entrada es libre hasta completar el aforo.<\/p>\n<p>El <strong>9 de mayo se celebra el D\u00eda de Europa<\/strong>, fecha en la que se conmemora la Declaraci\u00f3n de Schuman; origen de lo que hoy es la Uni\u00f3n Europea.<\/p>\n<p>&nbsp;<\/p>\n","protected":false},"excerpt":{"rendered":"<p>El pr\u00f3ximo lunes 9 de mayo, fecha en la que se celebra el D\u00eda de Europa, Luis Planas Puchades, ministro de Agricultura, Pesca y Alimentaci\u00f3n, impartir\u00e1 a las 11 horas, en la sala de grados del edificio 7 de la Universidad Pablo de Olavide, la conferencia \u2018D\u00eda de Europa. 60 a\u00f1os de Pol\u00edtica Agr\u00edcola Com\u00fan\u2019. La entrada es libre hasta completar el aforo.<\/p>\n","protected":false},"author":6,"featured_media":30872538,"comment_status":"closed","ping_status":"open","sticky":false,"template":"","format":"standard","meta":{"_monsterinsights_skip_tracking":false,"_monsterinsights_sitenote_active":false,"_monsterinsights_sitenote_note":"","_monsterinsights_sitenote_category":0,"footnotes":""},"categories":[2779],"tags":[],"class_list":["post-30872537","post","type-post","status-publish","format-standard","has-post-thumbnail","hentry","category-docencia-formacion"],"_links":{"self":[{"href":"https:\/\/www.upo.es\/diario\/wp-json\/wp\/v2\/posts\/30872537","targetHints":{"allow":["GET"]}}],"collection":[{"href":"https:\/\/www.upo.es\/diario\/wp-json\/wp\/v2\/posts"}],"about":[{"href":"https:\/\/www.upo.es\/diario\/wp-json\/wp\/v2\/types\/post"}],"author":[{"embeddable":true,"href":"https:\/\/www.upo.es\/diario\/wp-json\/wp\/v2\/users\/6"}],"replies":[{"embeddable":true,"href":"https:\/\/www.upo.es\/diario\/wp-json\/wp\/v2\/comments?post=30872537"}],"version-history":[{"count":3,"href":"https:\/\/www.upo.es\/diario\/wp-json\/wp\/v2\/posts\/30872537\/revisions"}],"predecessor-version":[{"id":30872541,"href":"https:\/\/www.upo.es\/diario\/wp-json\/wp\/v2\/posts\/30872537\/revisions\/30872541"}],"wp:featuredmedia":[{"embeddable":true,"href":"https:\/\/www.upo.es\/diario\/wp-json\/wp\/v2\/media\/30872538"}],"wp:attachment":[{"href":"https:\/\/www.upo.es\/diario\/wp-json\/wp\/v2\/media?parent=30872537"}],"wp:term":[{"taxonomy":"category","embeddable":true,"href":"https:\/\/www.upo.es\/diario\/wp-json\/wp\/v2\/categories?post=30872537"},{"taxonomy":"post_tag","embeddable":true,"href":"https:\/\/www.upo.es\/diario\/wp-json\/wp\/v2\/tags?post=30872537"}],"curies":[{"name":"wp","href":"https:\/\/api.w.org\/{rel}","templated":true}]}}