{"id":30872643,"date":"2022-05-11T05:06:21","date_gmt":"2022-05-11T03:06:21","guid":{"rendered":"https:\/\/www.upo.es\/diario\/?p=30872643"},"modified":"2022-05-11T15:08:08","modified_gmt":"2022-05-11T13:08:08","slug":"la-facultad-de-derecho-destina-casi-la-mitad-de-su-presupuesto-a-sufragar-actividades-academicas-de-estudiantes-y-profesorado","status":"publish","type":"post","link":"https:\/\/www.upo.es\/diario\/institucional\/2022\/05\/la-facultad-de-derecho-destina-casi-la-mitad-de-su-presupuesto-a-sufragar-actividades-academicas-de-estudiantes-y-profesorado\/","title":{"rendered":"La Facultad de Derecho destina casi la mitad de su presupuesto a sufragar actividades acad\u00e9micas de estudiantes y profesorado"},"content":{"rendered":"<p>La <a href=\"https:\/\/www.upo.es\/facultad-derecho\/es\/\">Facultad de Derecho de la Universidad Pablo de Olavide<\/a> ha destinado este a\u00f1o 2022, mediante dos convocatorias p\u00fablicas dirigidas a su profesorado y a estudiantes de cualquiera de las titulaciones que imparte, un total de quince mil euros en ayudas para actividades acad\u00e9micas y publicaciones, estas \u00faltimas dirigidas a investigadores. <strong>Esta cantidad supone casi la mitad del presupuesto del centro y con ello el equipo decanal ha querido<a href=\"https:\/\/www.upo.es\/cms2\/export\/sites\/facultades\/facultad-derecho\/.galleries\/noticias\/ayudas-economicas-22\/1Resolucion-de-concesion-de-ayudas-profesores-.pdf\"> incentivar las actividades organizadas por profesores y profesoras de la Facultad, ayudar a la divulgaci\u00f3n de sus trabajos de investigaci\u00f3n, as\u00ed como a la publicaci\u00f3n de libros<\/a>, o la traducci\u00f3n de art\u00edculos jur\u00eddicos, con el objetivo de fomentar la investigaci\u00f3n del profesorado<\/strong>. De igual modo, la convocatoria ha permitido la <a href=\"https:\/\/www.upo.es\/cms2\/export\/sites\/facultades\/facultad-derecho\/.galleries\/noticias\/ayudas-economicas-22\/3Resolucion-de-concesion-de-ayudas-estudiantes.pdf\">participaci\u00f3n de estudiantes en foros y seminarios que redunden en su formaci\u00f3n<\/a>.<\/p>\n<figure id=\"attachment_30872644\" aria-describedby=\"caption-attachment-30872644\" style=\"width: 346px\" class=\"wp-caption alignright\"><a href=\"https:\/\/www.upo.es\/diario\/wp-content\/uploads\/2022\/05\/Decana-FDER-Maria-Serrano.jpg\"><img loading=\"lazy\" decoding=\"async\" class=\"wp-image-30872644 size-full\" src=\"https:\/\/www.upo.es\/diario\/wp-content\/uploads\/2022\/05\/Decana-FDER-Maria-Serrano.jpg\" alt=\"Mar\u00eda Serrano\" width=\"346\" height=\"242\" \/><\/a><figcaption id=\"caption-attachment-30872644\" class=\"wp-caption-text\">Mar\u00eda Serrano, decana de la Facultad de Derecho<\/figcaption><\/figure>\n<p><strong>Mar\u00eda Serrano Fern\u00e1ndez<\/strong>, decana de la Facultad, destaca la buena acogida de las convocatorias, de las que se han beneficiado veinti\u00fan profesores y cinco estudiantes, que han contribuido a la organizaci\u00f3n de trece actividades acad\u00e9micas y la publicaci\u00f3n de ocho trabajos de investigaci\u00f3n. Por su parte, gracias a la convocatoria dirigida a estudiantes, un total de cinco han podido asistir a eventos especializados de su inter\u00e9s. \u201cSin duda, una consecuencia indirecta de estas ayudas es, precisamente, el gran n\u00famero de actividades que se organizan cada a\u00f1o, con asistencia de ponentes tanto nacionales como extranjeros, lo cual repercute en la calidad de la investigaci\u00f3n que se realiza en nuestra Universidad. Tambi\u00e9n nuestros estudiantes est\u00e1n solicitando ayudas para, por ejemplo, poder desplazarse a organismos internacionales, como la OTAN\u201d, ha resaltado Mar\u00eda Serrano.<\/p>\n<p>&nbsp;<\/p>\n","protected":false},"excerpt":{"rendered":"<p>La Facultad de Derecho de la Universidad Pablo de Olavide ha destinado este a\u00f1o 2022, mediante dos convocatorias p\u00fablicas dirigidas a su profesorado y a estudiantes de cualquiera de las titulaciones que imparte, un total de quince mil euros en ayudas para actividades acad\u00e9micas y publicaciones, estas \u00faltimas dirigidas a investigadores. <\/p>\n","protected":false},"author":6,"featured_media":30872644,"comment_status":"closed","ping_status":"open","sticky":false,"template":"","format":"standard","meta":{"_monsterinsights_skip_tracking":false,"_monsterinsights_sitenote_active":false,"_monsterinsights_sitenote_note":"","_monsterinsights_sitenote_category":0,"footnotes":""},"categories":[6],"tags":[863,87,81,7406,84,5826,199,406],"class_list":["post-30872643","post","type-post","status-publish","format-standard","has-post-thumbnail","hentry","category-institucional","tag-congresos","tag-derecho","tag-facultad-de-derecho","tag-formacion-academica","tag-jornadas","tag-maria-serrano","tag-profesorado","tag-publicacion"],"_links":{"self":[{"href":"https:\/\/www.upo.es\/diario\/wp-json\/wp\/v2\/posts\/30872643","targetHints":{"allow":["GET"]}}],"collection":[{"href":"https:\/\/www.upo.es\/diario\/wp-json\/wp\/v2\/posts"}],"about":[{"href":"https:\/\/www.upo.es\/diario\/wp-json\/wp\/v2\/types\/post"}],"author":[{"embeddable":true,"href":"https:\/\/www.upo.es\/diario\/wp-json\/wp\/v2\/users\/6"}],"replies":[{"embeddable":true,"href":"https:\/\/www.upo.es\/diario\/wp-json\/wp\/v2\/comments?post=30872643"}],"version-history":[{"count":2,"href":"https:\/\/www.upo.es\/diario\/wp-json\/wp\/v2\/posts\/30872643\/revisions"}],"predecessor-version":[{"id":30872646,"href":"https:\/\/www.upo.es\/diario\/wp-json\/wp\/v2\/posts\/30872643\/revisions\/30872646"}],"wp:featuredmedia":[{"embeddable":true,"href":"https:\/\/www.upo.es\/diario\/wp-json\/wp\/v2\/media\/30872644"}],"wp:attachment":[{"href":"https:\/\/www.upo.es\/diario\/wp-json\/wp\/v2\/media?parent=30872643"}],"wp:term":[{"taxonomy":"category","embeddable":true,"href":"https:\/\/www.upo.es\/diario\/wp-json\/wp\/v2\/categories?post=30872643"},{"taxonomy":"post_tag","embeddable":true,"href":"https:\/\/www.upo.es\/diario\/wp-json\/wp\/v2\/tags?post=30872643"}],"curies":[{"name":"wp","href":"https:\/\/api.w.org\/{rel}","templated":true}]}}