{"id":30872652,"date":"2022-05-11T08:00:06","date_gmt":"2022-05-11T06:00:06","guid":{"rendered":"https:\/\/www.upo.es\/diario\/?p=30872652"},"modified":"2022-05-12T11:59:59","modified_gmt":"2022-05-12T09:59:59","slug":"ceremonia-de-fin-de-grado-de-analisis-economico-y-los-dobles-grados-en-ade-en-ingles-y-derecho-y-en-derecho-y-finanzas-y-contabilidad","status":"publish","type":"post","link":"https:\/\/www.upo.es\/diario\/comunidad\/2022\/05\/ceremonia-de-fin-de-grado-de-analisis-economico-y-los-dobles-grados-en-ade-en-ingles-y-derecho-y-en-derecho-y-finanzas-y-contabilidad\/","title":{"rendered":"Ceremonia de Fin de Grado de An\u00e1lisis Econ\u00f3mico y los Dobles Grados en ADE en ingl\u00e9s y Derecho y en Derecho y Finanzas y Contabilidad"},"content":{"rendered":"<figure id=\"attachment_30872653\" aria-describedby=\"caption-attachment-30872653\" style=\"width: 750px\" class=\"wp-caption aligncenter\"><a href=\"https:\/\/www.upo.es\/diario\/wp-content\/uploads\/2022\/05\/Egresado_10052022.jpg\"><img loading=\"lazy\" decoding=\"async\" class=\"size-large wp-image-30872653\" src=\"https:\/\/www.upo.es\/diario\/wp-content\/uploads\/2022\/05\/Egresado_10052022-750x500.jpg\" alt=\"\" width=\"750\" height=\"500\" srcset=\"https:\/\/www.upo.es\/diario\/wp-content\/uploads\/2022\/05\/Egresado_10052022-750x500.jpg 750w, https:\/\/www.upo.es\/diario\/wp-content\/uploads\/2022\/05\/Egresado_10052022-360x240.jpg 360w, https:\/\/www.upo.es\/diario\/wp-content\/uploads\/2022\/05\/Egresado_10052022-768x512.jpg 768w, https:\/\/www.upo.es\/diario\/wp-content\/uploads\/2022\/05\/Egresado_10052022-1536x1024.jpg 1536w, https:\/\/www.upo.es\/diario\/wp-content\/uploads\/2022\/05\/Egresado_10052022-165x109.jpg 165w, https:\/\/www.upo.es\/diario\/wp-content\/uploads\/2022\/05\/Egresado_10052022-1320x880.jpg 1320w, https:\/\/www.upo.es\/diario\/wp-content\/uploads\/2022\/05\/Egresado_10052022.jpg 1800w\" sizes=\"auto, (max-width: 750px) 100vw, 750px\" \/><\/a><figcaption id=\"caption-attachment-30872653\" class=\"wp-caption-text\">Promoci\u00f3n 2018\/22 del Grado en An\u00e1lisis Econ\u00f3mico y de las promociones 2017\/2023 de los Dobles Grados en Administraci\u00f3n y Direcci\u00f3n de Empresas en ingl\u00e9s y Derecho y en Derecho y Finanzas y Contabilidad.<\/figcaption><\/figure>\n<p>La ceremonia de egresados de la promoci\u00f3n 2018\/22 del Grado en An\u00e1lisis Econ\u00f3mico y de las promociones 2017\/2023 de los Dobles Grados en Administraci\u00f3n y Direcci\u00f3n de Empresas en ingl\u00e9s y Derecho y en Derecho y Finanzas y Contabilidad se celebr\u00f3 ayer martes en el Paraninfo de la Universidad Pablo de Olavide. El acto fue presidido por la decana de la Facultad de Derecho, Mar\u00eda Serrano Fern\u00e1ndez, y el decano de la Facultad de Ciencias Empresariales, Jes\u00fas Juan Cambra Fierro.<\/p>\n<p>El padrino de las promociones ha sido Antonio Pulido Guti\u00e9rrez, presidente de la Fundaci\u00f3n Cajasol. A la ceremonia tambi\u00e9n asistieron Roc\u00edo Reinoso Cuevas, presidenta del Consejo Social de la UPO; y las vicedecanas de Ordenaci\u00f3n Docente de la Facultad de Derecho y de la Facultad de Ciencias Empresariales, Reyes P\u00e9rez Alberdi y Guadalupe Valera Blanes, respectivamente.<\/p>\n<p><a href=\"https:\/\/www.upo.es\/diario\/wp-content\/uploads\/2022\/05\/220510UPO_262-scaled.jpg\"><img loading=\"lazy\" decoding=\"async\" class=\"alignright size-medium wp-image-30872654\" src=\"https:\/\/www.upo.es\/diario\/wp-content\/uploads\/2022\/05\/220510UPO_262-360x240.jpg\" alt=\"\" width=\"360\" height=\"240\" srcset=\"https:\/\/www.upo.es\/diario\/wp-content\/uploads\/2022\/05\/220510UPO_262-360x240.jpg 360w, https:\/\/www.upo.es\/diario\/wp-content\/uploads\/2022\/05\/220510UPO_262-750x501.jpg 750w, https:\/\/www.upo.es\/diario\/wp-content\/uploads\/2022\/05\/220510UPO_262-768x513.jpg 768w, https:\/\/www.upo.es\/diario\/wp-content\/uploads\/2022\/05\/220510UPO_262-1536x1025.jpg 1536w, https:\/\/www.upo.es\/diario\/wp-content\/uploads\/2022\/05\/220510UPO_262-2048x1367.jpg 2048w, https:\/\/www.upo.es\/diario\/wp-content\/uploads\/2022\/05\/220510UPO_262-165x109.jpg 165w, https:\/\/www.upo.es\/diario\/wp-content\/uploads\/2022\/05\/220510UPO_262-1320x881.jpg 1320w\" sizes=\"auto, (max-width: 360px) 100vw, 360px\" \/><\/a>En representaci\u00f3n del alumnado egresado, pronunciaron los discursos Bel\u00e9n Peri\u00e1\u00f1ez Langa del Grado en An\u00e1lisis Econ\u00f3mico; Juan Otero Alarc\u00f3n y Pablo Suara P\u00e9rez del Doble Grado en Derecho y Financias y Contabilidad; y Juan Esteban Ballesteros Parrado y Alberto Mateo Nogueiras del Doble Grado en Administraci\u00f3n y Direcci\u00f3n de Empresas en ingl\u00e9s y Derecho. Un total de 74 egresados y egresadas asistieron, junto a sus familiares, a este acto con el que la Universidad Pablo de Olavide recupera una antigua tradici\u00f3n de las universidades europeas.<\/p>\n","protected":false},"excerpt":{"rendered":"<p>La ceremonia de egresados de la promoci\u00f3n 2018\/22 del Grado en An\u00e1lisis Econ\u00f3mico y de las promociones 2017\/2023 de los Dobles Grados en Administraci\u00f3n y Direcci\u00f3n de Empresas en ingl\u00e9s y Derecho y en Derecho y Finanzas y Contabilidad se celebraron ayer martes en el Paraninfo de la Universidad Pablo de Olavide.<\/p>\n","protected":false},"author":4,"featured_media":30872653,"comment_status":"closed","ping_status":"open","sticky":false,"template":"","format":"standard","meta":{"_monsterinsights_skip_tracking":false,"_monsterinsights_sitenote_active":false,"_monsterinsights_sitenote_note":"","_monsterinsights_sitenote_category":0,"footnotes":""},"categories":[5842],"tags":[581,5083,5989,360,81,2719],"class_list":["post-30872652","post","type-post","status-publish","format-standard","has-post-thumbnail","hentry","category-comunidad","tag-ceremonia-de-egresados","tag-doble-grado-en-ade-en-ingles-y-derecho","tag-doble-grado-en-administracion-y-direccion-de-empresas-y-derecho","tag-facultad-de-ciencias-empresariales","tag-facultad-de-derecho","tag-grado-en-analisis-economico"],"_links":{"self":[{"href":"https:\/\/www.upo.es\/diario\/wp-json\/wp\/v2\/posts\/30872652","targetHints":{"allow":["GET"]}}],"collection":[{"href":"https:\/\/www.upo.es\/diario\/wp-json\/wp\/v2\/posts"}],"about":[{"href":"https:\/\/www.upo.es\/diario\/wp-json\/wp\/v2\/types\/post"}],"author":[{"embeddable":true,"href":"https:\/\/www.upo.es\/diario\/wp-json\/wp\/v2\/users\/4"}],"replies":[{"embeddable":true,"href":"https:\/\/www.upo.es\/diario\/wp-json\/wp\/v2\/comments?post=30872652"}],"version-history":[{"count":2,"href":"https:\/\/www.upo.es\/diario\/wp-json\/wp\/v2\/posts\/30872652\/revisions"}],"predecessor-version":[{"id":30872673,"href":"https:\/\/www.upo.es\/diario\/wp-json\/wp\/v2\/posts\/30872652\/revisions\/30872673"}],"wp:featuredmedia":[{"embeddable":true,"href":"https:\/\/www.upo.es\/diario\/wp-json\/wp\/v2\/media\/30872653"}],"wp:attachment":[{"href":"https:\/\/www.upo.es\/diario\/wp-json\/wp\/v2\/media?parent=30872652"}],"wp:term":[{"taxonomy":"category","embeddable":true,"href":"https:\/\/www.upo.es\/diario\/wp-json\/wp\/v2\/categories?post=30872652"},{"taxonomy":"post_tag","embeddable":true,"href":"https:\/\/www.upo.es\/diario\/wp-json\/wp\/v2\/tags?post=30872652"}],"curies":[{"name":"wp","href":"https:\/\/api.w.org\/{rel}","templated":true}]}}