{"id":30872687,"date":"2022-05-13T06:32:27","date_gmt":"2022-05-13T04:32:27","guid":{"rendered":"https:\/\/www.upo.es\/diario\/?p=30872687"},"modified":"2022-05-13T11:33:21","modified_gmt":"2022-05-13T09:33:21","slug":"ciclo-el-logro-de-la-autonomia-andaluza-el-papel-de-los-medios-de-comunicacion","status":"publish","type":"post","link":"https:\/\/www.upo.es\/diario\/video\/2022\/05\/ciclo-el-logro-de-la-autonomia-andaluza-el-papel-de-los-medios-de-comunicacion\/","title":{"rendered":"Ciclo &#8216;El logro de la autonom\u00eda andaluza&#8217;: El papel de los medios de comunicaci\u00f3n"},"content":{"rendered":"<p><iframe loading=\"lazy\" title=\"YouTube video player\" src=\"https:\/\/www.youtube.com\/embed\/IoMSpysBwaI\" width=\"560\" height=\"315\" frameborder=\"0\" allowfullscreen=\"allowfullscreen\"><\/iframe><\/p>\n<p>Primera mesa de debate del ciclo organizado por la Universidad Pablo de Olavide y la Asociaci\u00f3n de la Prensa de Sevilla (APS) con motivo de los <strong>40 a\u00f1os de las primeras elecciones al Parlamento de Andaluc\u00eda<\/strong>, celebradas el 23 de mayo de 1982. La sesi\u00f3n inaugural del <a href=\"https:\/\/youtube.com\/playlist?list=PLOH8fLVZUPVC-UvgO60H1at5hMkrnHLQy\">ciclo &#8216;El logro de la autonom\u00eda andaluza&#8217;<\/a> estuvo dedicada al papel de los medios de comunicaci\u00f3n en el proceso que condujo a la autonom\u00eda, con la presencia de protagonistas como <strong>Lola Cintado<\/strong>, jefa de prensa de <strong>Pl\u00e1cido Fern\u00e1ndez Viagas<\/strong>, primer presidente de la preautonom\u00eda andaluza y periodista de la agencia EFE; <strong>Enrique Garc\u00eda<\/strong>, director de comunicaci\u00f3n de Rafael Escuredo, segundo presidente preauton\u00f3mico y primer presidente de la Junta de Andaluc\u00eda y periodista de la Cadena SER; y <strong>Rafael Rodr\u00edguez<\/strong>, presidente de la Asociaci\u00f3n de Prensa de Sevilla.<\/p>\n","protected":false},"excerpt":{"rendered":"<p>Primera mesa de debate del ciclo organizado por la Universidad Pablo de Olavide y la Asociaci\u00f3n de la Prensa de Sevilla (APS) con motivo de los 40 a\u00f1os de las primeras elecciones al Parlamento de Andaluc\u00eda, celebradas el 23 de mayo de 1982.<\/p>\n","protected":false},"author":6,"featured_media":30871505,"comment_status":"closed","ping_status":"open","sticky":false,"template":"","format":"video","meta":{"_monsterinsights_skip_tracking":false,"_monsterinsights_sitenote_active":false,"_monsterinsights_sitenote_note":"","_monsterinsights_sitenote_category":0,"footnotes":""},"categories":[6038],"tags":[190,2230,1402,76,146],"class_list":["post-30872687","post","type-post","status-publish","format-video","has-post-thumbnail","hentry","category-video","tag-andalucia","tag-autonomia","tag-historia-contemporanea","tag-politica","tag-sociedad","post_format-post-format-video"],"_links":{"self":[{"href":"https:\/\/www.upo.es\/diario\/wp-json\/wp\/v2\/posts\/30872687","targetHints":{"allow":["GET"]}}],"collection":[{"href":"https:\/\/www.upo.es\/diario\/wp-json\/wp\/v2\/posts"}],"about":[{"href":"https:\/\/www.upo.es\/diario\/wp-json\/wp\/v2\/types\/post"}],"author":[{"embeddable":true,"href":"https:\/\/www.upo.es\/diario\/wp-json\/wp\/v2\/users\/6"}],"replies":[{"embeddable":true,"href":"https:\/\/www.upo.es\/diario\/wp-json\/wp\/v2\/comments?post=30872687"}],"version-history":[{"count":2,"href":"https:\/\/www.upo.es\/diario\/wp-json\/wp\/v2\/posts\/30872687\/revisions"}],"predecessor-version":[{"id":30872689,"href":"https:\/\/www.upo.es\/diario\/wp-json\/wp\/v2\/posts\/30872687\/revisions\/30872689"}],"wp:featuredmedia":[{"embeddable":true,"href":"https:\/\/www.upo.es\/diario\/wp-json\/wp\/v2\/media\/30871505"}],"wp:attachment":[{"href":"https:\/\/www.upo.es\/diario\/wp-json\/wp\/v2\/media?parent=30872687"}],"wp:term":[{"taxonomy":"category","embeddable":true,"href":"https:\/\/www.upo.es\/diario\/wp-json\/wp\/v2\/categories?post=30872687"},{"taxonomy":"post_tag","embeddable":true,"href":"https:\/\/www.upo.es\/diario\/wp-json\/wp\/v2\/tags?post=30872687"}],"curies":[{"name":"wp","href":"https:\/\/api.w.org\/{rel}","templated":true}]}}