{"id":30872721,"date":"2022-05-17T11:43:55","date_gmt":"2022-05-17T09:43:55","guid":{"rendered":"https:\/\/www.upo.es\/diario\/?p=30872721"},"modified":"2022-05-18T17:00:48","modified_gmt":"2022-05-18T15:00:48","slug":"la-upo-se-adhiere-a-la-red-de-universidades-por-la-diversidad","status":"publish","type":"post","link":"https:\/\/www.upo.es\/diario\/institucional\/2022\/05\/la-upo-se-adhiere-a-la-red-de-universidades-por-la-diversidad\/","title":{"rendered":"La UPO se adhiere a la Red de Universidades por la Diversidad"},"content":{"rendered":"<figure id=\"attachment_30872722\" aria-describedby=\"caption-attachment-30872722\" style=\"width: 750px\" class=\"wp-caption aligncenter\"><a href=\"https:\/\/www.upo.es\/diario\/wp-content\/uploads\/2022\/05\/rud_CG.jpg\"><img loading=\"lazy\" decoding=\"async\" class=\"wp-image-30872722 size-large\" src=\"https:\/\/www.upo.es\/diario\/wp-content\/uploads\/2022\/05\/rud_CG-e1652780458396-750x480.jpg\" alt=\"\" width=\"750\" height=\"480\" srcset=\"https:\/\/www.upo.es\/diario\/wp-content\/uploads\/2022\/05\/rud_CG-e1652780458396-750x480.jpg 750w, https:\/\/www.upo.es\/diario\/wp-content\/uploads\/2022\/05\/rud_CG-e1652780458396-360x230.jpg 360w, https:\/\/www.upo.es\/diario\/wp-content\/uploads\/2022\/05\/rud_CG-e1652780458396-768x491.jpg 768w, https:\/\/www.upo.es\/diario\/wp-content\/uploads\/2022\/05\/rud_CG-e1652780458396.jpg 783w\" sizes=\"auto, (max-width: 750px) 100vw, 750px\" \/><\/a><figcaption id=\"caption-attachment-30872722\" class=\"wp-caption-text\">M\u00f3nica Dom\u00ednguez durante la \u00faltima sesi\u00f3n de Consejo de Gobierno, en la que se aprueba la adhesi\u00f3n de la UPO a la Red de Universidades por la Diversidad<\/figcaption><\/figure>\n<p>Una treintena de universidades espa\u00f1olas, entre las que se encuentra la Universidad Pablo de Olavide, han ratificado recientemente su <strong>compromiso en defensa del respeto de la diversidad<\/strong>, acordando expresamente su adhesi\u00f3n a la Red de Universidades por la Diversidad (RUD), un espacio de coordinaci\u00f3n constituido a finales del pasado a\u00f1o que trabajar\u00e1 conjuntamente por un abordaje inclusivo de la diversidad en el sistema universitario.<\/p>\n<p><a href=\"https:\/\/www.upo.es\/diario\/wp-content\/uploads\/2022\/05\/cartel_lgtbifobia.jpg\"><img loading=\"lazy\" decoding=\"async\" class=\"alignright size-medium wp-image-30872723\" src=\"https:\/\/www.upo.es\/diario\/wp-content\/uploads\/2022\/05\/cartel_lgtbifobia-360x360.jpg\" alt=\"\" width=\"360\" height=\"360\" srcset=\"https:\/\/www.upo.es\/diario\/wp-content\/uploads\/2022\/05\/cartel_lgtbifobia-360x360.jpg 360w, https:\/\/www.upo.es\/diario\/wp-content\/uploads\/2022\/05\/cartel_lgtbifobia-750x750.jpg 750w, https:\/\/www.upo.es\/diario\/wp-content\/uploads\/2022\/05\/cartel_lgtbifobia-150x150.jpg 150w, https:\/\/www.upo.es\/diario\/wp-content\/uploads\/2022\/05\/cartel_lgtbifobia-768x768.jpg 768w, https:\/\/www.upo.es\/diario\/wp-content\/uploads\/2022\/05\/cartel_lgtbifobia.jpg 1080w\" sizes=\"auto, (max-width: 360px) 100vw, 360px\" \/><\/a>Hoy martes 17 de mayo, con motivo del <strong>D\u00eda Internacional contra la LGBTIfobia<\/strong>, <strong>la Universidad Pablo de Olavide<\/strong>, junto al resto de universidades que constituyen la Red, <strong>condena de manera contundente cualquier forma de discriminaci\u00f3n contra el colectivo de lesbianas, gais, trans, bisexuales, intersexuales y m\u00e1s disidencias sexogen\u00e9ricas<\/strong>.<\/p>\n<p>\u201cEl respeto a la diversidad en todas sus expresiones es un principio de derechos humanos por el que continuaremos trabajando, especialmente con la adhesi\u00f3n a la RUD\u201d, ha explicado la delegada del Rector para la Igualdad de G\u00e9nero de la UPO, <strong>M\u00f3nica Dom\u00ednguez Serrano<\/strong>.<\/p>\n<p>Las universidades adheridas a esta red llevan coordin\u00e1ndose desde hace varios a\u00f1os, a trav\u00e9s de iniciativas como el <em>Orgullo Universitario<\/em>, que se realiz\u00f3 por primera vez en el a\u00f1o 2020 y uni\u00f3 a decenas de universidades en torno a las oportunas actividades y reivindicaciones, o la presentaci\u00f3n de alegaciones en el tr\u00e1mite de consulta p\u00fablica del Anteproyecto de Ley Org\u00e1nica del Sistema Universitario, para mejorar las medidas legislativas acerca de la diversidad en la educaci\u00f3n superior.<\/p>\n<p>Desde la coordinaci\u00f3n y la secretar\u00eda de la RUD destacan que \u201ctenemos un enorme e ilusionante trabajo por delante, en el reconocimiento y visibilidad de la diversidad en todos los rincones de nuestras universidades, con la interseccionalidad como se\u00f1a de identidad y el m\u00e1ximo respeto al derecho a la igualdad y la ausencia de discriminaci\u00f3n por cualquier condici\u00f3n o circunstancia personal o social, que debe presidir la educaci\u00f3n universitaria\u201d.<\/p>\n<p>En diciembre del a\u00f1o pasado, representantes de m\u00e1s de treinta universidades se reunieron en Valencia para definir y dar forma a los reglamentos de la Red. Entonces se abri\u00f3 un plazo para la adhesi\u00f3n formal por parte de las universidades. Hasta el momento, se han adherido y son fundadoras las siguientes universidades: Universidade da Coru\u00f1a, Universidad de Alcal\u00e1, Universitat d\u2019Alacant, Universidad de Almer\u00eda, Universitat Aut\u00f2noma de Barcelona, Universidad Aut\u00f3noma de Madrid, Universitat de Barcelona, Universidad Carlos III de Madrid, Universidad de C\u00e1diz, Universidad de Extremadura, Universitat de Girona, Universidad de Granada, Universidad de Huelva, Universidad de Ja\u00e9n, Universidad de La Laguna, Universidad de La Rioja, Universidad de Le\u00f3n, Universidad de Lleida, Universidad de M\u00e1laga, Universidad Miguel Hern\u00e1ndez de Elche, Universidad de Oviedo, Universidad Pablo de Olavide de Sevilla, Universidad Polit\u00e9cnica de Cartagena, Universitat Polit\u00e8cnica de Val\u00e8ncia, Universitat Pompeu Fabra, Universidad Rey Juan Carlos, Universitat Rovira i Virgili, Universidad de Santiago de Compostela, Universitat Oberta de Catalunya, Universidad de Valladolid, Universidad de Vigo y Universidad Jaume I de Castell\u00f3n.<\/p>\n<p>En los pr\u00f3ximos meses, se prev\u00e9 que se adhieran m\u00e1s universidades, cuyas responsables institucionales prev\u00e9n reunirse presencialmente a finales de este a\u00f1o en el encuentro anual de la RUD, para continuar marcando las l\u00edneas de acci\u00f3n coordinada por la diversidad.<\/p>\n<p>&nbsp;<\/p>\n<p>&nbsp;<\/p>\n","protected":false},"excerpt":{"rendered":"<p>Una treintena de universidades espa\u00f1olas, entre las que se encuentra la Universidad Pablo de Olavide, han ratificado recientemente su compromiso en defensa del respeto de la diversidad, acordando expresamente su adhesi\u00f3n a la Red de Universidades por la Diversidad (RUD), un espacio de coordinaci\u00f3n constituido a finales del pasado a\u00f1o que trabajar\u00e1 conjuntamente por un abordaje inclusivo de la diversidad en el sistema universitario.<\/p>\n","protected":false},"author":15,"featured_media":30872722,"comment_status":"closed","ping_status":"open","sticky":false,"template":"","format":"standard","meta":{"_monsterinsights_skip_tracking":false,"_monsterinsights_sitenote_active":false,"_monsterinsights_sitenote_note":"","_monsterinsights_sitenote_category":0,"footnotes":""},"categories":[6],"tags":[7883,7249,7678,877,7884,7882],"class_list":["post-30872721","post","type-post","status-publish","format-standard","has-post-thumbnail","hentry","category-institucional","tag-adhesion","tag-lgtbifobia","tag-monica-dominguez","tag-red","tag-red-de-universidades-por-la-diversidad","tag-rud"],"_links":{"self":[{"href":"https:\/\/www.upo.es\/diario\/wp-json\/wp\/v2\/posts\/30872721","targetHints":{"allow":["GET"]}}],"collection":[{"href":"https:\/\/www.upo.es\/diario\/wp-json\/wp\/v2\/posts"}],"about":[{"href":"https:\/\/www.upo.es\/diario\/wp-json\/wp\/v2\/types\/post"}],"author":[{"embeddable":true,"href":"https:\/\/www.upo.es\/diario\/wp-json\/wp\/v2\/users\/15"}],"replies":[{"embeddable":true,"href":"https:\/\/www.upo.es\/diario\/wp-json\/wp\/v2\/comments?post=30872721"}],"version-history":[{"count":5,"href":"https:\/\/www.upo.es\/diario\/wp-json\/wp\/v2\/posts\/30872721\/revisions"}],"predecessor-version":[{"id":30872728,"href":"https:\/\/www.upo.es\/diario\/wp-json\/wp\/v2\/posts\/30872721\/revisions\/30872728"}],"wp:featuredmedia":[{"embeddable":true,"href":"https:\/\/www.upo.es\/diario\/wp-json\/wp\/v2\/media\/30872722"}],"wp:attachment":[{"href":"https:\/\/www.upo.es\/diario\/wp-json\/wp\/v2\/media?parent=30872721"}],"wp:term":[{"taxonomy":"category","embeddable":true,"href":"https:\/\/www.upo.es\/diario\/wp-json\/wp\/v2\/categories?post=30872721"},{"taxonomy":"post_tag","embeddable":true,"href":"https:\/\/www.upo.es\/diario\/wp-json\/wp\/v2\/tags?post=30872721"}],"curies":[{"name":"wp","href":"https:\/\/api.w.org\/{rel}","templated":true}]}}