{"id":30872774,"date":"2022-05-18T08:00:50","date_gmt":"2022-05-18T06:00:50","guid":{"rendered":"https:\/\/www.upo.es\/diario\/?p=30872774"},"modified":"2022-05-19T12:50:57","modified_gmt":"2022-05-19T10:50:57","slug":"ceremonia-de-fin-de-grado-de-finanzas-y-contabilidad","status":"publish","type":"post","link":"https:\/\/www.upo.es\/diario\/comunidad\/2022\/05\/ceremonia-de-fin-de-grado-de-finanzas-y-contabilidad\/","title":{"rendered":"Ceremonia de Fin de Grado de Finanzas y Contabilidad"},"content":{"rendered":"<figure id=\"attachment_30872775\" aria-describedby=\"caption-attachment-30872775\" style=\"width: 750px\" class=\"wp-caption aligncenter\"><a href=\"https:\/\/www.upo.es\/diario\/wp-content\/uploads\/2022\/05\/220517UPO_204.jpg\"><img loading=\"lazy\" decoding=\"async\" class=\"size-large wp-image-30872775\" src=\"https:\/\/www.upo.es\/diario\/wp-content\/uploads\/2022\/05\/220517UPO_204-750x501.jpg\" alt=\"\" width=\"750\" height=\"501\" srcset=\"https:\/\/www.upo.es\/diario\/wp-content\/uploads\/2022\/05\/220517UPO_204-750x501.jpg 750w, https:\/\/www.upo.es\/diario\/wp-content\/uploads\/2022\/05\/220517UPO_204-360x240.jpg 360w, https:\/\/www.upo.es\/diario\/wp-content\/uploads\/2022\/05\/220517UPO_204-768x513.jpg 768w, https:\/\/www.upo.es\/diario\/wp-content\/uploads\/2022\/05\/220517UPO_204-1536x1025.jpg 1536w, https:\/\/www.upo.es\/diario\/wp-content\/uploads\/2022\/05\/220517UPO_204-165x109.jpg 165w, https:\/\/www.upo.es\/diario\/wp-content\/uploads\/2022\/05\/220517UPO_204-1320x881.jpg 1320w, https:\/\/www.upo.es\/diario\/wp-content\/uploads\/2022\/05\/220517UPO_204.jpg 1600w\" sizes=\"auto, (max-width: 750px) 100vw, 750px\" \/><\/a><figcaption id=\"caption-attachment-30872775\" class=\"wp-caption-text\">Promoci\u00f3n 2018\/22 del Grado en Finanzas y Contabilidad.<\/figcaption><\/figure>\n<p>La ceremonia de fin de grado de la promoci\u00f3n 2018\/22 del Grado en Finanzas y Contabilidad se celebr\u00f3 ayer martes en el Paraninfo de la Universidad Pablo de Olavide. El acto fue presidido el decano de la Facultad de Ciencias Empresariales, Jes\u00fas Juan Cambra Fierro.<\/p>\n<p>El padrino de la promoci\u00f3n ha sido Francisco Tato Jim\u00e9nez, decano del Colegio Profesional de Economistas de Sevilla. A la ceremonia tambi\u00e9n asistieron Cecilia Tellez Valle, vicedecana de Relaciones Internacionales, Macarena Lozano Oyola, vicedecana de Pr\u00e1cticas y Relaciones Externas y Juan Ba\u00f1os S\u00e1nchez-Matamoros, secretario de la Facultad de Ciencias Empresariales.<\/p>\n<figure id=\"attachment_30872776\" aria-describedby=\"caption-attachment-30872776\" style=\"width: 360px\" class=\"wp-caption alignright\"><a href=\"https:\/\/www.upo.es\/diario\/wp-content\/uploads\/2022\/05\/220517UPO_159.jpg\"><img loading=\"lazy\" decoding=\"async\" class=\"size-medium wp-image-30872776\" src=\"https:\/\/www.upo.es\/diario\/wp-content\/uploads\/2022\/05\/220517UPO_159-360x240.jpg\" alt=\"\" width=\"360\" height=\"240\" srcset=\"https:\/\/www.upo.es\/diario\/wp-content\/uploads\/2022\/05\/220517UPO_159-360x240.jpg 360w, https:\/\/www.upo.es\/diario\/wp-content\/uploads\/2022\/05\/220517UPO_159-750x501.jpg 750w, https:\/\/www.upo.es\/diario\/wp-content\/uploads\/2022\/05\/220517UPO_159-768x513.jpg 768w, https:\/\/www.upo.es\/diario\/wp-content\/uploads\/2022\/05\/220517UPO_159-1536x1025.jpg 1536w, https:\/\/www.upo.es\/diario\/wp-content\/uploads\/2022\/05\/220517UPO_159-165x109.jpg 165w, https:\/\/www.upo.es\/diario\/wp-content\/uploads\/2022\/05\/220517UPO_159-1320x881.jpg 1320w, https:\/\/www.upo.es\/diario\/wp-content\/uploads\/2022\/05\/220517UPO_159.jpg 1600w\" sizes=\"auto, (max-width: 360px) 100vw, 360px\" \/><\/a><figcaption id=\"caption-attachment-30872776\" class=\"wp-caption-text\">Los estudiantes Yaiza Dom\u00ednguez y Pedro Esteban.<\/figcaption><\/figure>\n<p>En representaci\u00f3n del alumnado egresado, pronunciaron los discursos Pedro Esteban Villagr\u00e1n y Yaiza Dom\u00ednguez Ortega. Un total de 52 egresados y egresadas asistieron, junto a sus familiares, a este acto con el que la Universidad Pablo de Olavide recupera una antigua tradici\u00f3n de las universidades europeas.<\/p>\n<p>&nbsp;<\/p>\n<p>&nbsp;<\/p>\n","protected":false},"excerpt":{"rendered":"<p>La ceremonia de fin de grado de la promoci\u00f3n 2018\/22 del Grado en Finanzas y Contabilidad se ha celebrado en el Paraninfo de la Universidad Pablo de Olavide. Un total de 52 egresados y egresadas asistieron, junto a sus familiares, a este acto con el que la UPO recupera una antigua tradici\u00f3n de las universidades europeas.<\/p>\n","protected":false},"author":4,"featured_media":30872775,"comment_status":"closed","ping_status":"open","sticky":false,"template":"","format":"standard","meta":{"_monsterinsights_skip_tracking":false,"_monsterinsights_sitenote_active":false,"_monsterinsights_sitenote_note":"","_monsterinsights_sitenote_category":0,"footnotes":""},"categories":[5842],"tags":[581,360,2343],"class_list":["post-30872774","post","type-post","status-publish","format-standard","has-post-thumbnail","hentry","category-comunidad","tag-ceremonia-de-egresados","tag-facultad-de-ciencias-empresariales","tag-grado-en-finanzas-y-contabilidad"],"_links":{"self":[{"href":"https:\/\/www.upo.es\/diario\/wp-json\/wp\/v2\/posts\/30872774","targetHints":{"allow":["GET"]}}],"collection":[{"href":"https:\/\/www.upo.es\/diario\/wp-json\/wp\/v2\/posts"}],"about":[{"href":"https:\/\/www.upo.es\/diario\/wp-json\/wp\/v2\/types\/post"}],"author":[{"embeddable":true,"href":"https:\/\/www.upo.es\/diario\/wp-json\/wp\/v2\/users\/4"}],"replies":[{"embeddable":true,"href":"https:\/\/www.upo.es\/diario\/wp-json\/wp\/v2\/comments?post=30872774"}],"version-history":[{"count":1,"href":"https:\/\/www.upo.es\/diario\/wp-json\/wp\/v2\/posts\/30872774\/revisions"}],"predecessor-version":[{"id":30872777,"href":"https:\/\/www.upo.es\/diario\/wp-json\/wp\/v2\/posts\/30872774\/revisions\/30872777"}],"wp:featuredmedia":[{"embeddable":true,"href":"https:\/\/www.upo.es\/diario\/wp-json\/wp\/v2\/media\/30872775"}],"wp:attachment":[{"href":"https:\/\/www.upo.es\/diario\/wp-json\/wp\/v2\/media?parent=30872774"}],"wp:term":[{"taxonomy":"category","embeddable":true,"href":"https:\/\/www.upo.es\/diario\/wp-json\/wp\/v2\/categories?post=30872774"},{"taxonomy":"post_tag","embeddable":true,"href":"https:\/\/www.upo.es\/diario\/wp-json\/wp\/v2\/tags?post=30872774"}],"curies":[{"name":"wp","href":"https:\/\/api.w.org\/{rel}","templated":true}]}}