{"id":30872778,"date":"2022-05-19T08:00:49","date_gmt":"2022-05-19T06:00:49","guid":{"rendered":"https:\/\/www.upo.es\/diario\/?p=30872778"},"modified":"2022-05-19T13:07:00","modified_gmt":"2022-05-19T11:07:00","slug":"ceremonia-de-fin-de-grado-de-trabajo-social","status":"publish","type":"post","link":"https:\/\/www.upo.es\/diario\/comunidad\/2022\/05\/ceremonia-de-fin-de-grado-de-trabajo-social\/","title":{"rendered":"Ceremonia de Fin de Grado de Trabajo Social"},"content":{"rendered":"<figure id=\"attachment_30872779\" aria-describedby=\"caption-attachment-30872779\" style=\"width: 750px\" class=\"wp-caption aligncenter\"><a href=\"https:\/\/www.upo.es\/diario\/wp-content\/uploads\/2022\/05\/220518UPO_410-scaled.jpg\"><img loading=\"lazy\" decoding=\"async\" class=\"size-large wp-image-30872779\" src=\"https:\/\/www.upo.es\/diario\/wp-content\/uploads\/2022\/05\/220518UPO_410-750x499.jpg\" alt=\"\" width=\"750\" height=\"499\" srcset=\"https:\/\/www.upo.es\/diario\/wp-content\/uploads\/2022\/05\/220518UPO_410-750x499.jpg 750w, https:\/\/www.upo.es\/diario\/wp-content\/uploads\/2022\/05\/220518UPO_410-360x239.jpg 360w, https:\/\/www.upo.es\/diario\/wp-content\/uploads\/2022\/05\/220518UPO_410-768x511.jpg 768w, https:\/\/www.upo.es\/diario\/wp-content\/uploads\/2022\/05\/220518UPO_410-1536x1021.jpg 1536w, https:\/\/www.upo.es\/diario\/wp-content\/uploads\/2022\/05\/220518UPO_410-2048x1362.jpg 2048w, https:\/\/www.upo.es\/diario\/wp-content\/uploads\/2022\/05\/220518UPO_410-165x109.jpg 165w, https:\/\/www.upo.es\/diario\/wp-content\/uploads\/2022\/05\/220518UPO_410-1320x878.jpg 1320w\" sizes=\"auto, (max-width: 750px) 100vw, 750px\" \/><\/a><figcaption id=\"caption-attachment-30872779\" class=\"wp-caption-text\">Promoci\u00f3n 2018\/22 del Grado en Trabajo Social (L\u00ednea 1).<\/figcaption><\/figure>\n<p>La ceremonia de fin de grado de la promoci\u00f3n 2018\/22 del Grado en Trabajo Social se celebr\u00f3 ayer mi\u00e9rcoles en el Paraninfo de la Universidad Pablo de Olavide. El acto fue presidido por la decana de la Facultad de Ciencias Sociales, Rosa D\u00edaz Jim\u00e9nez.<\/p>\n<figure id=\"attachment_30872780\" aria-describedby=\"caption-attachment-30872780\" style=\"width: 360px\" class=\"wp-caption alignright\"><a href=\"https:\/\/www.upo.es\/diario\/wp-content\/uploads\/2022\/05\/220518UPO2_290-scaled.jpg\"><img loading=\"lazy\" decoding=\"async\" class=\"size-medium wp-image-30872780\" src=\"https:\/\/www.upo.es\/diario\/wp-content\/uploads\/2022\/05\/220518UPO2_290-360x239.jpg\" alt=\"\" width=\"360\" height=\"239\" srcset=\"https:\/\/www.upo.es\/diario\/wp-content\/uploads\/2022\/05\/220518UPO2_290-360x239.jpg 360w, https:\/\/www.upo.es\/diario\/wp-content\/uploads\/2022\/05\/220518UPO2_290-750x499.jpg 750w, https:\/\/www.upo.es\/diario\/wp-content\/uploads\/2022\/05\/220518UPO2_290-768x511.jpg 768w, https:\/\/www.upo.es\/diario\/wp-content\/uploads\/2022\/05\/220518UPO2_290-1536x1021.jpg 1536w, https:\/\/www.upo.es\/diario\/wp-content\/uploads\/2022\/05\/220518UPO2_290-2048x1362.jpg 2048w, https:\/\/www.upo.es\/diario\/wp-content\/uploads\/2022\/05\/220518UPO2_290-165x109.jpg 165w, https:\/\/www.upo.es\/diario\/wp-content\/uploads\/2022\/05\/220518UPO2_290-1320x878.jpg 1320w\" sizes=\"auto, (max-width: 360px) 100vw, 360px\" \/><\/a><figcaption id=\"caption-attachment-30872780\" class=\"wp-caption-text\">Promoci\u00f3n 2018\/22 del Grado en Trabajo Social (L\u00edneas 2 y 3).<\/figcaption><\/figure>\n<p>La madrina de la promoci\u00f3n ha sido Carmen Tamayo Elo, trabajadora social del programa \u2018Sin hogar\u2019 de Solidarios para el Desarrollo. A la ceremonia tambi\u00e9n asistieron los profesores del \u00c1rea de Trabajo Social y Servicios Sociales de la UPO, Jos\u00e9 David Guti\u00e9rrez S\u00e1nchez y Ana Vallejo Andrada como invitados de honor; Estrella Abolafio Moreno, vicedecana de Pr\u00e1cticas e Inmaculada Zambrano \u00c1lvarez, secretaria de la Facultad de Ciencias Sociales.<\/p>\n<p>En representaci\u00f3n del alumnado egresado, pronunciaron los discursos Adelaida Pach\u00f3n Balboa, Mireia Masdeu Valdivia, Ana Umbr\u00eda Carrasco y Andrea Rodr\u00edguez Menor. Un total de 152 egresados y egresadas asistieron, junto a sus familiares, a este acto con el que la Universidad Pablo de Olavide recupera una antigua tradici\u00f3n de las universidades europeas.<\/p>\n","protected":false},"excerpt":{"rendered":"<p>La ceremonia de fin de grado de la promoci\u00f3n 2018\/22 del Grado en Trabajo Social se ha celebrado en el Paraninfo de la Universidad Pablo de Olavide. Un total de 152 egresados y egresadas asistieron, junto a sus familiares, a este acto con el que la UPO recupera una antigua tradici\u00f3n de las universidades europeas.<\/p>\n","protected":false},"author":4,"featured_media":30872779,"comment_status":"closed","ping_status":"open","sticky":false,"template":"","format":"standard","meta":{"_monsterinsights_skip_tracking":false,"_monsterinsights_sitenote_active":false,"_monsterinsights_sitenote_note":"","_monsterinsights_sitenote_category":0,"footnotes":""},"categories":[5842],"tags":[581,487,1457],"class_list":["post-30872778","post","type-post","status-publish","format-standard","has-post-thumbnail","hentry","category-comunidad","tag-ceremonia-de-egresados","tag-facultad-ciencias-sociales","tag-grado-en-trabajo-social"],"_links":{"self":[{"href":"https:\/\/www.upo.es\/diario\/wp-json\/wp\/v2\/posts\/30872778","targetHints":{"allow":["GET"]}}],"collection":[{"href":"https:\/\/www.upo.es\/diario\/wp-json\/wp\/v2\/posts"}],"about":[{"href":"https:\/\/www.upo.es\/diario\/wp-json\/wp\/v2\/types\/post"}],"author":[{"embeddable":true,"href":"https:\/\/www.upo.es\/diario\/wp-json\/wp\/v2\/users\/4"}],"replies":[{"embeddable":true,"href":"https:\/\/www.upo.es\/diario\/wp-json\/wp\/v2\/comments?post=30872778"}],"version-history":[{"count":1,"href":"https:\/\/www.upo.es\/diario\/wp-json\/wp\/v2\/posts\/30872778\/revisions"}],"predecessor-version":[{"id":30872781,"href":"https:\/\/www.upo.es\/diario\/wp-json\/wp\/v2\/posts\/30872778\/revisions\/30872781"}],"wp:featuredmedia":[{"embeddable":true,"href":"https:\/\/www.upo.es\/diario\/wp-json\/wp\/v2\/media\/30872779"}],"wp:attachment":[{"href":"https:\/\/www.upo.es\/diario\/wp-json\/wp\/v2\/media?parent=30872778"}],"wp:term":[{"taxonomy":"category","embeddable":true,"href":"https:\/\/www.upo.es\/diario\/wp-json\/wp\/v2\/categories?post=30872778"},{"taxonomy":"post_tag","embeddable":true,"href":"https:\/\/www.upo.es\/diario\/wp-json\/wp\/v2\/tags?post=30872778"}],"curies":[{"name":"wp","href":"https:\/\/api.w.org\/{rel}","templated":true}]}}