{"id":30872796,"date":"2022-05-20T06:02:51","date_gmt":"2022-05-20T04:02:51","guid":{"rendered":"https:\/\/www.upo.es\/diario\/?p=30872796"},"modified":"2022-05-20T14:33:38","modified_gmt":"2022-05-20T12:33:38","slug":"el-periodista-rafael-cremades-nuevo-secretario-del-consejo-social-de-la-upo","status":"publish","type":"post","link":"https:\/\/www.upo.es\/diario\/institucional\/2022\/05\/el-periodista-rafael-cremades-nuevo-secretario-del-consejo-social-de-la-upo\/","title":{"rendered":"El periodista Rafael Cremades, nuevo secretario del Consejo Social de la UPO"},"content":{"rendered":"<figure id=\"attachment_30872797\" aria-describedby=\"caption-attachment-30872797\" style=\"width: 360px\" class=\"wp-caption alignright\"><img loading=\"lazy\" decoding=\"async\" class=\"size-medium wp-image-30872797\" src=\"https:\/\/www.upo.es\/diario\/wp-content\/uploads\/2022\/05\/Cremades-360x240.jpg\" alt=\"Rafael Cremades\" width=\"360\" height=\"240\" srcset=\"https:\/\/www.upo.es\/diario\/wp-content\/uploads\/2022\/05\/Cremades-360x240.jpg 360w, https:\/\/www.upo.es\/diario\/wp-content\/uploads\/2022\/05\/Cremades-165x109.jpg 165w, https:\/\/www.upo.es\/diario\/wp-content\/uploads\/2022\/05\/Cremades.jpg 500w\" sizes=\"auto, (max-width: 360px) 100vw, 360px\" \/><figcaption id=\"caption-attachment-30872797\" class=\"wp-caption-text\">Rafael Cremades<\/figcaption><\/figure>\n<p><strong>Rafael Cremades<\/strong>, vocal del Consejo Social de la Universidad Pablo de Olavide por el Consejo de Gobierno de la Junta de Andaluc\u00eda desde 2016, ha sido <strong>nombrado secretario por su presidenta, Roc\u00edo Reinoso<\/strong>. Desde su nombramiento como vocal ha tomado parte activamente en el Consejo Social, formando parte de la Comisi\u00f3n de Estrategia y Relaciones con la Sociedad.<\/p>\n<p>Periodista, licenciado por la Facultad de Ciencias de la Informaci\u00f3n de la Universidad Complutense de Madrid, ha desarrollado su labor profesional en prensa, televisi\u00f3n y radio, donde actualmente dirige y presenta el programa <em>La noche de Rafa Cremades<\/em> en Canal Sur Radio. Rafael Cremades ha recibido diversos premios por su trayectoria profesional, entre ellos, dos Premios Andaluc\u00eda de Periodismo, Antena de Oro y tres premios de la Asociaci\u00f3n de Telespectadores de Andaluc\u00eda.<\/p>\n","protected":false},"excerpt":{"rendered":"<p>Rafael Cremades, vocal del Consejo Social de la Universidad Pablo de Olavide por el Consejo de Gobierno de la Junta de Andaluc\u00eda desde 2016, ha sido nombrado secretario por su presidenta, Roc\u00edo Reinoso. Desde su nombramiento como vocal ha tomado parte activamente en el Consejo Social, formando parte de la Comisi\u00f3n de Estrategia y Relaciones con la Sociedad.<\/p>\n","protected":false},"author":6,"featured_media":30872797,"comment_status":"closed","ping_status":"open","sticky":false,"template":"","format":"standard","meta":{"_monsterinsights_skip_tracking":false,"_monsterinsights_sitenote_active":false,"_monsterinsights_sitenote_note":"","_monsterinsights_sitenote_category":0,"footnotes":""},"categories":[6],"tags":[112,159,6518],"class_list":["post-30872796","post","type-post","status-publish","format-standard","has-post-thumbnail","hentry","category-institucional","tag-consejo-social","tag-nombramiento","tag-rocio-reinoso"],"_links":{"self":[{"href":"https:\/\/www.upo.es\/diario\/wp-json\/wp\/v2\/posts\/30872796","targetHints":{"allow":["GET"]}}],"collection":[{"href":"https:\/\/www.upo.es\/diario\/wp-json\/wp\/v2\/posts"}],"about":[{"href":"https:\/\/www.upo.es\/diario\/wp-json\/wp\/v2\/types\/post"}],"author":[{"embeddable":true,"href":"https:\/\/www.upo.es\/diario\/wp-json\/wp\/v2\/users\/6"}],"replies":[{"embeddable":true,"href":"https:\/\/www.upo.es\/diario\/wp-json\/wp\/v2\/comments?post=30872796"}],"version-history":[{"count":1,"href":"https:\/\/www.upo.es\/diario\/wp-json\/wp\/v2\/posts\/30872796\/revisions"}],"predecessor-version":[{"id":30872798,"href":"https:\/\/www.upo.es\/diario\/wp-json\/wp\/v2\/posts\/30872796\/revisions\/30872798"}],"wp:featuredmedia":[{"embeddable":true,"href":"https:\/\/www.upo.es\/diario\/wp-json\/wp\/v2\/media\/30872797"}],"wp:attachment":[{"href":"https:\/\/www.upo.es\/diario\/wp-json\/wp\/v2\/media?parent=30872796"}],"wp:term":[{"taxonomy":"category","embeddable":true,"href":"https:\/\/www.upo.es\/diario\/wp-json\/wp\/v2\/categories?post=30872796"},{"taxonomy":"post_tag","embeddable":true,"href":"https:\/\/www.upo.es\/diario\/wp-json\/wp\/v2\/tags?post=30872796"}],"curies":[{"name":"wp","href":"https:\/\/api.w.org\/{rel}","templated":true}]}}