{"id":30872815,"date":"2022-05-23T13:23:48","date_gmt":"2022-05-23T11:23:48","guid":{"rendered":"https:\/\/www.upo.es\/diario\/?p=30872815"},"modified":"2022-05-26T02:26:18","modified_gmt":"2022-05-26T00:26:18","slug":"comienza-en-la-upo-el-congreso-epics-x-dedicado-a-la-comunicacion-en-tiempos-de-crisis","status":"publish","type":"post","link":"https:\/\/www.upo.es\/diario\/docencia-formacion\/2022\/05\/comienza-en-la-upo-el-congreso-epics-x-dedicado-a-la-comunicacion-en-tiempos-de-crisis\/","title":{"rendered":"Comienza en la UPO el Congreso EPICS X, dedicado a la comunicaci\u00f3n en tiempos de crisis"},"content":{"rendered":"<p><a href=\"https:\/\/www.upo.es\/diario\/wp-content\/uploads\/2022\/05\/EPICS_X-2-scaled.jpg\"><img loading=\"lazy\" decoding=\"async\" class=\"alignright size-full wp-image-30872822\" src=\"https:\/\/www.upo.es\/diario\/wp-content\/uploads\/2022\/05\/EPICS_X-2-scaled.jpg\" alt=\"\" width=\"2560\" height=\"1707\" srcset=\"https:\/\/www.upo.es\/diario\/wp-content\/uploads\/2022\/05\/EPICS_X-2-scaled.jpg 2560w, https:\/\/www.upo.es\/diario\/wp-content\/uploads\/2022\/05\/EPICS_X-2-360x240.jpg 360w, https:\/\/www.upo.es\/diario\/wp-content\/uploads\/2022\/05\/EPICS_X-2-2048x1365.jpg 2048w\" sizes=\"auto, (max-width: 2560px) 100vw, 2560px\" \/><\/a>El congreso internacional EPICS X, d\u00e9cima edici\u00f3n de los Encuentros de Pragm\u00e1tica Intercultural, Cognitiva y Social, ha dado comienzo esta ma\u00f1ana en el campus de la Universidad Pablo de Olavide. Centrado en la tem\u00e1tica <strong><em>Pragmatics in times of global crisis: exploring communication online and offline<\/em><\/strong>, el simposio acoge hasta el pr\u00f3ximo mi\u00e9rcoles d\u00eda 25 a m\u00e1s de un centenar de participantes en un programa que contempla cuatro sesiones paralelas y tres ponentes plenarios.<\/p>\n<figure id=\"attachment_30872818\" aria-describedby=\"caption-attachment-30872818\" style=\"width: 360px\" class=\"wp-caption alignleft\"><a href=\"https:\/\/www.upo.es\/diario\/wp-content\/uploads\/2022\/05\/EPICS_X-scaled.jpg\"><img loading=\"lazy\" decoding=\"async\" class=\"size-medium wp-image-30872818\" src=\"https:\/\/www.upo.es\/diario\/wp-content\/uploads\/2022\/05\/EPICS_X-360x240.jpg\" alt=\"Anne Barron durante su conferencia plenaria en EPICS X\" width=\"360\" height=\"240\" srcset=\"https:\/\/www.upo.es\/diario\/wp-content\/uploads\/2022\/05\/EPICS_X-360x240.jpg 360w, https:\/\/www.upo.es\/diario\/wp-content\/uploads\/2022\/05\/EPICS_X-2048x1365.jpg 2048w\" sizes=\"auto, (max-width: 360px) 100vw, 360px\" \/><\/a><figcaption id=\"caption-attachment-30872818\" class=\"wp-caption-text\">Anne Barron durante su conferencia<\/figcaption><\/figure>\n<p>La primera de las conferencias plenarias ha sido impartida este lunes por <strong>Anne Barron<\/strong>, de la Leuphana Universit\u00e4t L\u00fcneburg (Alemania) con el t\u00edtulo <em>\u2018Don\u2019t be daft, I\u2019m paying\u2019: First date payment negotiations across cultures and gender<\/em>; <strong>Nuria Lorenzo-Dus<\/strong>, de la Swansea University (Reino Unido) intervendr\u00e1 este martes con la <em>conferencia \u2018The power to manipulate beliefs is the only thing that counts\u2019 \u2013 A Discursive Pragmatics Approach to Digital Grooming<\/em>; por \u00faltimo, el mi\u00e9rcoles 26 <strong>Crispin Thurlow<\/strong>, de la Universit\u00e4t Bern (Suiza), presentar\u00e1 su ponencia <em>While Rome burns: Regrounding work in elite discourse<\/em>.<\/p>\n<p>EPICS, de car\u00e1cter bienal, cumple as\u00ed veinte a\u00f1os organizado por el grupo de investigaci\u00f3n \u2018Estudios de pragm\u00e1tica intercultural (ingl\u00e9s-espa\u00f1ol): aspectos pragm\u00e1ticos y discursivos\u2019 (HUM-640) compuesto por miembros de la Universidad de Sevilla y de la Universidad Pablo de Olavide. El congreso cuenta con el apoyo de la Facultad de Humanidades de la UPO, del Departamento de Filolog\u00eda y Traducci\u00f3n; del Doctorado en Historia y Estudios Human\u00edsticos; y Pearson Educaci\u00f3n.<\/p>\n<p>M\u00e1s informaci\u00f3n y programa de <strong>EPICS X<\/strong>: <a href=\"http:\/\/eventos.upo.es\/go\/EPICSX\">http:\/\/eventos.upo.es\/go\/EPICSX<\/a><\/p>\n","protected":false},"excerpt":{"rendered":"<p>El congreso internacional EPICS X, d\u00e9cima edici\u00f3n de los Encuentros de Pragm\u00e1tica Intercultural, Cognitiva y Social, ha dado comienzo esta ma\u00f1ana en el campus de la Universidad Pablo de Olavide. Centrado en la tem\u00e1tica Pragmatics in times of global crisis: exploring communication online and offline, el simposio acoge hasta el pr\u00f3ximo mi\u00e9rcoles d\u00eda 25 a m\u00e1s de un centenar de participantes en un programa que contempla cuatro sesiones paralelas y tres ponentes plenarios.<\/p>\n","protected":false},"author":6,"featured_media":30872822,"comment_status":"closed","ping_status":"open","sticky":false,"template":"","format":"standard","meta":{"_monsterinsights_skip_tracking":false,"_monsterinsights_sitenote_active":false,"_monsterinsights_sitenote_note":"","_monsterinsights_sitenote_category":0,"footnotes":""},"categories":[2779],"tags":[350,354,144,3343],"class_list":["post-30872815","post","type-post","status-publish","format-standard","has-post-thumbnail","hentry","category-docencia-formacion","tag-comunicacion","tag-congreso","tag-crisis","tag-epics"],"_links":{"self":[{"href":"https:\/\/www.upo.es\/diario\/wp-json\/wp\/v2\/posts\/30872815","targetHints":{"allow":["GET"]}}],"collection":[{"href":"https:\/\/www.upo.es\/diario\/wp-json\/wp\/v2\/posts"}],"about":[{"href":"https:\/\/www.upo.es\/diario\/wp-json\/wp\/v2\/types\/post"}],"author":[{"embeddable":true,"href":"https:\/\/www.upo.es\/diario\/wp-json\/wp\/v2\/users\/6"}],"replies":[{"embeddable":true,"href":"https:\/\/www.upo.es\/diario\/wp-json\/wp\/v2\/comments?post=30872815"}],"version-history":[{"count":5,"href":"https:\/\/www.upo.es\/diario\/wp-json\/wp\/v2\/posts\/30872815\/revisions"}],"predecessor-version":[{"id":30872824,"href":"https:\/\/www.upo.es\/diario\/wp-json\/wp\/v2\/posts\/30872815\/revisions\/30872824"}],"wp:featuredmedia":[{"embeddable":true,"href":"https:\/\/www.upo.es\/diario\/wp-json\/wp\/v2\/media\/30872822"}],"wp:attachment":[{"href":"https:\/\/www.upo.es\/diario\/wp-json\/wp\/v2\/media?parent=30872815"}],"wp:term":[{"taxonomy":"category","embeddable":true,"href":"https:\/\/www.upo.es\/diario\/wp-json\/wp\/v2\/categories?post=30872815"},{"taxonomy":"post_tag","embeddable":true,"href":"https:\/\/www.upo.es\/diario\/wp-json\/wp\/v2\/tags?post=30872815"}],"curies":[{"name":"wp","href":"https:\/\/api.w.org\/{rel}","templated":true}]}}