{"id":30872826,"date":"2022-05-23T08:00:43","date_gmt":"2022-05-23T06:00:43","guid":{"rendered":"https:\/\/www.upo.es\/diario\/?p=30872826"},"modified":"2022-05-23T13:53:51","modified_gmt":"2022-05-23T11:53:51","slug":"ceremonia-de-egresados-del-doble-grado-en-administracion-y-direccion-de-empresas-y-derecho-2","status":"publish","type":"post","link":"https:\/\/www.upo.es\/diario\/comunidad\/2022\/05\/ceremonia-de-egresados-del-doble-grado-en-administracion-y-direccion-de-empresas-y-derecho-2\/","title":{"rendered":"Ceremonia de egresados del Doble Grado en Administraci\u00f3n y Direcci\u00f3n de Empresas y Derecho"},"content":{"rendered":"<figure id=\"attachment_30872828\" aria-describedby=\"caption-attachment-30872828\" style=\"width: 750px\" class=\"wp-caption aligncenter\"><a href=\"https:\/\/www.upo.es\/diario\/wp-content\/uploads\/2022\/05\/220520UPO_251-scaled.jpg\"><img loading=\"lazy\" decoding=\"async\" class=\"size-large wp-image-30872828\" src=\"https:\/\/www.upo.es\/diario\/wp-content\/uploads\/2022\/05\/220520UPO_251-750x501.jpg\" alt=\"\" width=\"750\" height=\"501\" srcset=\"https:\/\/www.upo.es\/diario\/wp-content\/uploads\/2022\/05\/220520UPO_251-750x501.jpg 750w, https:\/\/www.upo.es\/diario\/wp-content\/uploads\/2022\/05\/220520UPO_251-385x257.jpg 385w, https:\/\/www.upo.es\/diario\/wp-content\/uploads\/2022\/05\/220520UPO_251-768x513.jpg 768w, https:\/\/www.upo.es\/diario\/wp-content\/uploads\/2022\/05\/220520UPO_251-1536x1025.jpg 1536w, https:\/\/www.upo.es\/diario\/wp-content\/uploads\/2022\/05\/220520UPO_251-2048x1367.jpg 2048w, https:\/\/www.upo.es\/diario\/wp-content\/uploads\/2022\/05\/220520UPO_251-165x109.jpg 165w, https:\/\/www.upo.es\/diario\/wp-content\/uploads\/2022\/05\/220520UPO_251-1320x881.jpg 1320w\" sizes=\"auto, (max-width: 750px) 100vw, 750px\" \/><\/a><figcaption id=\"caption-attachment-30872828\" class=\"wp-caption-text\">Promoci\u00f3n 2017\/23 del Doble Grado en Administraci\u00f3n y Direcci\u00f3n de Empresas y Derecho.<\/figcaption><\/figure>\n<p>La ceremonia de egresados y egresadas de la promoci\u00f3n 2017\/23 del Doble Grado en Administraci\u00f3n y Direcci\u00f3n de Empresas y Derecho se celebr\u00f3 el pasado viernes en el Paraninfo de la Universidad Pablo de Olavide. El acto fue presidido por Mar\u00eda Serrano Fern\u00e1ndez, decana de la Facultad de Derecho y Jes\u00fas Juan Cambra Fierro, decano de la Facultad de Ciencias Empresariales.<\/p>\n<p>La madrina de la promoci\u00f3n ha sido Blanca Rodr\u00edguez Pi\u00f1ero, socia del despacho de abogados Garrigues. A la ceremonia tambi\u00e9n asistieron Juan Ba\u00f1os S\u00e1nchez-Matamoros, secretario de la Facultad de Ciencias Empresariales y Jos\u00e9 Miguel Mart\u00edn Rodr\u00edguez, coordinador acad\u00e9mico intercentros de la Facultad de Derecho.<\/p>\n<p><a href=\"https:\/\/www.upo.es\/diario\/wp-content\/uploads\/2022\/05\/220520UPO_208-scaled.jpg\"><img loading=\"lazy\" decoding=\"async\" class=\"alignright wp-image-30872827 size-medium\" src=\"https:\/\/www.upo.es\/diario\/wp-content\/uploads\/2022\/05\/220520UPO_208-385x257.jpg\" alt=\"\" width=\"385\" height=\"257\" srcset=\"https:\/\/www.upo.es\/diario\/wp-content\/uploads\/2022\/05\/220520UPO_208-385x257.jpg 385w, https:\/\/www.upo.es\/diario\/wp-content\/uploads\/2022\/05\/220520UPO_208-750x501.jpg 750w, https:\/\/www.upo.es\/diario\/wp-content\/uploads\/2022\/05\/220520UPO_208-768x513.jpg 768w, https:\/\/www.upo.es\/diario\/wp-content\/uploads\/2022\/05\/220520UPO_208-1536x1025.jpg 1536w, https:\/\/www.upo.es\/diario\/wp-content\/uploads\/2022\/05\/220520UPO_208-2048x1367.jpg 2048w, https:\/\/www.upo.es\/diario\/wp-content\/uploads\/2022\/05\/220520UPO_208-165x109.jpg 165w, https:\/\/www.upo.es\/diario\/wp-content\/uploads\/2022\/05\/220520UPO_208-1320x881.jpg 1320w\" sizes=\"auto, (max-width: 385px) 100vw, 385px\" \/><\/a>En representaci\u00f3n del alumnado egresado, pronunciaron los discursos Pablo D\u00edaz Ramos y Paula Soriano Men\u00e9ndez. Un total de 75 egresados y egresadas asistieron, junto a sus familiares, a este acto con el que la Universidad Pablo de Olavide recupera una antigua tradici\u00f3n de las universidades europeas.<\/p>\n<p>&nbsp;<\/p>\n","protected":false},"excerpt":{"rendered":"<p>La ceremonia de egresados y egresadas de la promoci\u00f3n 2017\/23 del Doble Grado en Administraci\u00f3n y Direcci\u00f3n de Empresas y Derecho se ha celebrado en el Paraninfo de la Universidad Pablo de Olavide. Un total de 75 egresados y egresadas asistieron, junto a sus familiares, a este acto con el que la Universidad Pablo de Olavide recupera una antigua tradici\u00f3n de las universidades europeas.<\/p>\n","protected":false},"author":4,"featured_media":30872828,"comment_status":"closed","ping_status":"open","sticky":false,"template":"","format":"standard","meta":{"_monsterinsights_skip_tracking":false,"_monsterinsights_sitenote_active":false,"_monsterinsights_sitenote_note":"","_monsterinsights_sitenote_category":0,"footnotes":""},"categories":[5842],"tags":[581,5989,360,81],"class_list":["post-30872826","post","type-post","status-publish","format-standard","has-post-thumbnail","hentry","category-comunidad","tag-ceremonia-de-egresados","tag-doble-grado-en-administracion-y-direccion-de-empresas-y-derecho","tag-facultad-de-ciencias-empresariales","tag-facultad-de-derecho"],"_links":{"self":[{"href":"https:\/\/www.upo.es\/diario\/wp-json\/wp\/v2\/posts\/30872826","targetHints":{"allow":["GET"]}}],"collection":[{"href":"https:\/\/www.upo.es\/diario\/wp-json\/wp\/v2\/posts"}],"about":[{"href":"https:\/\/www.upo.es\/diario\/wp-json\/wp\/v2\/types\/post"}],"author":[{"embeddable":true,"href":"https:\/\/www.upo.es\/diario\/wp-json\/wp\/v2\/users\/4"}],"replies":[{"embeddable":true,"href":"https:\/\/www.upo.es\/diario\/wp-json\/wp\/v2\/comments?post=30872826"}],"version-history":[{"count":1,"href":"https:\/\/www.upo.es\/diario\/wp-json\/wp\/v2\/posts\/30872826\/revisions"}],"predecessor-version":[{"id":30872829,"href":"https:\/\/www.upo.es\/diario\/wp-json\/wp\/v2\/posts\/30872826\/revisions\/30872829"}],"wp:featuredmedia":[{"embeddable":true,"href":"https:\/\/www.upo.es\/diario\/wp-json\/wp\/v2\/media\/30872828"}],"wp:attachment":[{"href":"https:\/\/www.upo.es\/diario\/wp-json\/wp\/v2\/media?parent=30872826"}],"wp:term":[{"taxonomy":"category","embeddable":true,"href":"https:\/\/www.upo.es\/diario\/wp-json\/wp\/v2\/categories?post=30872826"},{"taxonomy":"post_tag","embeddable":true,"href":"https:\/\/www.upo.es\/diario\/wp-json\/wp\/v2\/tags?post=30872826"}],"curies":[{"name":"wp","href":"https:\/\/api.w.org\/{rel}","templated":true}]}}