{"id":30872836,"date":"2022-05-24T12:09:35","date_gmt":"2022-05-24T10:09:35","guid":{"rendered":"https:\/\/www.upo.es\/diario\/?p=30872836"},"modified":"2022-05-24T12:09:35","modified_gmt":"2022-05-24T10:09:35","slug":"retos-derecho-penal-discurso-terrorista-odio","status":"publish","type":"post","link":"https:\/\/www.upo.es\/diario\/docencia-formacion\/2022\/05\/retos-derecho-penal-discurso-terrorista-odio\/","title":{"rendered":"Unas jornadas analizan este viernes en la UPO los retos que afronta el Derecho penal frente al discurso terrorista y de odio"},"content":{"rendered":"<p><a href=\"https:\/\/www.upo.es\/diario\/wp-content\/uploads\/2022\/05\/jorn-int-dcho-penal-disc-terrorista.png\"><img loading=\"lazy\" decoding=\"async\" class=\"alignright wp-image-30872838 size-full\" src=\"https:\/\/www.upo.es\/diario\/wp-content\/uploads\/2022\/05\/jorn-int-dcho-penal-disc-terrorista-e1653386850321.png\" alt=\"im\u00e1genes de atentados en TV\" width=\"395\" height=\"200\" srcset=\"https:\/\/www.upo.es\/diario\/wp-content\/uploads\/2022\/05\/jorn-int-dcho-penal-disc-terrorista-e1653386850321.png 395w, https:\/\/www.upo.es\/diario\/wp-content\/uploads\/2022\/05\/jorn-int-dcho-penal-disc-terrorista-e1653386850321-385x195.png 385w\" sizes=\"auto, (max-width: 395px) 100vw, 395px\" \/><\/a>Las <a href=\"https:\/\/eventos.upo.es\/84242\/detail\/jornadas-internacionales-odio-derecho-penal-y-discurso-terrorista.html\">jornadas internacionales \u2018Odio, Derecho penal y discurso terrorista\u2019<\/a> ser\u00e1n inauguradas por <strong>Francisco Oliva<\/strong>, rector de la Universidad Pablo de Olavide, este viernes 27 de mayo en la sala de grados de la Biblioteca-CRAI. Dirigidas por <strong>Alfonso Gal\u00e1n<\/strong> (UPO) y <strong>Carmen G\u00f3mez<\/strong> (US), investigadores principales del proyecto <a href=\"https:\/\/www.upo.es\/investiga\/analisis-discurso-terrorista\/\">An\u00e1lisis interdisciplinar de la represi\u00f3n penal del discurso terrorista (AIRPENDIT)<\/a>, el programa pretende crear un foro de debate, con la participaci\u00f3n de expertos del Derecho penal y profesionales de la investigaci\u00f3n del fen\u00f3meno terrorista, sobre los retos y las dificultades que afronta la investigaci\u00f3n y la represi\u00f3n penal de los discursos instigadores de delitos terroristas o de odio. Las jornadas <a href=\"https:\/\/eu.bbcollab.com\/collab\/ui\/session\/guest\/ea732ddf8452406a82aa299f17bb9d2f\">podr\u00e1n seguirse tambi\u00e9n <em>online<\/em><\/a> y la asistencia es libre y gratuita hasta completar el aforo.<\/p>\n<p>Las jornadas dar\u00e1n comienzo con la <strong>presentaci\u00f3n del <a href=\"https:\/\/editorial.tirant.com\/es\/libro\/la-represion-y-persecucion-penal-del-discurso-terrorista-alfonso-galan-munoz-9788413979694\">libro \u2018La represi\u00f3n y persecuci\u00f3n penal del discurso terrorista\u2019<\/a>; editado por Tirant lo Blanch y coordinado por los directores de AIRPENDIT<\/strong>, el libro re\u00fane los principales resultados del proyecto financiado por el Fondo Europeo de Desarrollo Regional, el Ministerio de Ciencia e Innovaci\u00f3n y la Agencia Estatal de Investigaci\u00f3n.<\/p>\n<p>Tras la presentaci\u00f3n del libro tendr\u00e1n lugar las <strong>cuatro mesas en torno a las que girar\u00e1 el programa de las jornadas<\/strong>. En la primera el catedr\u00e1tico de Derecho penal de la Universidad de M\u00fcnster <strong>Moritz Vormbaum <\/strong>impartir\u00e1 la ponencia \u2018Eberhard Schmidt y el Derecho penal nacionalsocialista\u2019. A continuaci\u00f3n, intervendr\u00e1 el profesor de la Universidad de Barcelona <strong>Sergi Cardenal<\/strong>, con la sesi\u00f3n \u2018La represi\u00f3n penal de los discursos de odio en el Derecho penal espa\u00f1ol\u2019. La segunda mesa comenzar\u00e1 con la conferencia \u2018El papel de Internet en el contexto de la radicalizaci\u00f3n yihadista. Reflexiones desde una perspectiva hist\u00f3rico-criminol\u00f3gica\u2019, impartida por <strong>Miguel \u00c1ngel Cano<\/strong>, profesor de la Universidad de Granada. <strong>Francisco V\u00e1zquez<\/strong>, Coronel jefe de la Unidad contraterrorismo internacional de la Guardia Civil, pondr\u00e1 fin a la jornada de ma\u00f1ana con la charla \u2018La propaganda yihadista. Aspectos policiales para enfrentarla\u2019.<\/p>\n<p>Ya por la tarde, <strong>Jos\u00e9 Luis Gonz\u00e1lez<\/strong>, catedr\u00e1tico de Derecho penal de la Universidad de Valencia, pronunciar\u00e1 la conferencia \u2018Los servicios de inteligencia frente al terrorismo\u2019. La tercera mesa concluir\u00e1 con la intervenci\u00f3n de <strong>Fernando Navarro<\/strong>, de la Universidad de Las Palmas de Gran Canaria, que hablar\u00e1 sobre \u2018Desinformaci\u00f3n, noticias falsas y discursos del odio terrorista\u2019. Por \u00faltimo, en la cuarta mesa que dar\u00e1 comienzo a las 18 horas, el profesor de la Universidad de Valencia <strong>Jos\u00e9 Le\u00f3n<\/strong> hablar\u00e1 sobre \u2018El enaltecimiento del terrorismo y la humillaci\u00f3n de las v\u00edctimas: \u00bfdelitos de odio, discurso del odio, libertad de expresi\u00f3n o terrorismo?\u2019. \u2018El delito de capacitaci\u00f3n terrorista como instrumento pol\u00edtico criminal contra el terrorismo\u2019, por <strong>Carmen Gonz\u00e1lez<\/strong>, profesora de la Universidad Isabel I, ser\u00e1 la \u00faltima conferencia.<\/p>\n<p>Los investigadores principales del proyecto AIRPENDIT, Carmen G\u00f3mez y Alfonso Gal\u00e1n, clausurar\u00e1n unas jornadas organizadas con la colaboraci\u00f3n del Doctorado en Ciencias Jur\u00eddicas y Pol\u00edticas y del grupo de investigaci\u00f3n Sistema Penal y Criminolog\u00eda (SISPECRIM), ambos de la Universidad Pablo de Olavide.<\/p>\n<p><strong>M\u00e1s informaci\u00f3n y programa completo:<br \/>\n<\/strong><a href=\"https:\/\/eventos.upo.es\/84242\/detail\/jornadas-internacionales-odio-derecho-penal-y-discurso-terrorista.html\">https:\/\/eventos.upo.es\/84242\/detail\/jornadas-internacionales-odio-derecho-penal-y-discurso-terrorista.html<\/a><\/p>\n<p>&nbsp;<\/p>\n<p>&nbsp;<\/p>\n","protected":false},"excerpt":{"rendered":"<p>Las jornadas internacionales \u2018Odio, Derecho penal y discurso terrorista\u2019 ser\u00e1n inauguradas por Francisco Oliva, rector de la Universidad Pablo de Olavide, este viernes 27 de mayo en la sala de grados de la Biblioteca-CRAI. Dirigidas por Alfonso Gal\u00e1n (UPO) y Carmen G\u00f3mez (US), investigadores principales del proyecto An\u00e1lisis interdisciplinar de la represi\u00f3n penal del discurso terrorista (AIRPENDIT), el programa pretende crear un foro de debate, con la participaci\u00f3n de expertos del Derecho penal y profesionales de la investigaci\u00f3n del fen\u00f3meno terrorista, sobre los retos y las dificultades que afronta la investigaci\u00f3n y la represi\u00f3n penal de los discursos instigadores de delitos terroristas o de odio. Las jornadas podr\u00e1n seguirse tambi\u00e9n online y la asistencia es libre y gratuita hasta completar el aforo.<\/p>\n","protected":false},"author":6,"featured_media":30872838,"comment_status":"closed","ping_status":"open","sticky":false,"template":"","format":"standard","meta":{"_monsterinsights_skip_tracking":false,"_monsterinsights_sitenote_active":false,"_monsterinsights_sitenote_note":"","_monsterinsights_sitenote_category":0,"footnotes":""},"categories":[2779],"tags":[1240,350,87,84,4979,482],"class_list":["post-30872836","post","type-post","status-publish","format-standard","has-post-thumbnail","hentry","category-docencia-formacion","tag-area-de-derecho-penal","tag-comunicacion","tag-derecho","tag-jornadas","tag-seguridad-nacional","tag-terrorismo"],"_links":{"self":[{"href":"https:\/\/www.upo.es\/diario\/wp-json\/wp\/v2\/posts\/30872836","targetHints":{"allow":["GET"]}}],"collection":[{"href":"https:\/\/www.upo.es\/diario\/wp-json\/wp\/v2\/posts"}],"about":[{"href":"https:\/\/www.upo.es\/diario\/wp-json\/wp\/v2\/types\/post"}],"author":[{"embeddable":true,"href":"https:\/\/www.upo.es\/diario\/wp-json\/wp\/v2\/users\/6"}],"replies":[{"embeddable":true,"href":"https:\/\/www.upo.es\/diario\/wp-json\/wp\/v2\/comments?post=30872836"}],"version-history":[{"count":2,"href":"https:\/\/www.upo.es\/diario\/wp-json\/wp\/v2\/posts\/30872836\/revisions"}],"predecessor-version":[{"id":30872839,"href":"https:\/\/www.upo.es\/diario\/wp-json\/wp\/v2\/posts\/30872836\/revisions\/30872839"}],"wp:featuredmedia":[{"embeddable":true,"href":"https:\/\/www.upo.es\/diario\/wp-json\/wp\/v2\/media\/30872838"}],"wp:attachment":[{"href":"https:\/\/www.upo.es\/diario\/wp-json\/wp\/v2\/media?parent=30872836"}],"wp:term":[{"taxonomy":"category","embeddable":true,"href":"https:\/\/www.upo.es\/diario\/wp-json\/wp\/v2\/categories?post=30872836"},{"taxonomy":"post_tag","embeddable":true,"href":"https:\/\/www.upo.es\/diario\/wp-json\/wp\/v2\/tags?post=30872836"}],"curies":[{"name":"wp","href":"https:\/\/api.w.org\/{rel}","templated":true}]}}