{"id":30872847,"date":"2022-05-25T09:52:05","date_gmt":"2022-05-25T07:52:05","guid":{"rendered":"https:\/\/www.upo.es\/diario\/?p=30872847"},"modified":"2022-06-08T10:54:43","modified_gmt":"2022-06-08T08:54:43","slug":"la-upo-celebra-en-la-puebla-del-rio-un-congreso-internacional-sobre-las-diferentes-maneras-de-poblar-territorios","status":"publish","type":"post","link":"https:\/\/www.upo.es\/diario\/docencia-formacion\/2022\/05\/la-upo-celebra-en-la-puebla-del-rio-un-congreso-internacional-sobre-las-diferentes-maneras-de-poblar-territorios\/","title":{"rendered":"La UPO celebra en La Puebla del R\u00edo un Congreso Internacional sobre las diferentes maneras de poblar territorios"},"content":{"rendered":"<p><a href=\"https:\/\/www.upo.es\/diario\/wp-content\/uploads\/2022\/05\/cartel_congreso_puebla_rio.png\"><img loading=\"lazy\" decoding=\"async\" class=\"size-medium wp-image-30872848 alignright\" src=\"https:\/\/www.upo.es\/diario\/wp-content\/uploads\/2022\/05\/cartel_congreso_puebla_rio-385x164.png\" alt=\"\" width=\"385\" height=\"164\" srcset=\"https:\/\/www.upo.es\/diario\/wp-content\/uploads\/2022\/05\/cartel_congreso_puebla_rio-385x164.png 385w, https:\/\/www.upo.es\/diario\/wp-content\/uploads\/2022\/05\/cartel_congreso_puebla_rio-750x320.png 750w, https:\/\/www.upo.es\/diario\/wp-content\/uploads\/2022\/05\/cartel_congreso_puebla_rio-768x327.png 768w, https:\/\/www.upo.es\/diario\/wp-content\/uploads\/2022\/05\/cartel_congreso_puebla_rio.png 906w\" sizes=\"auto, (max-width: 385px) 100vw, 385px\" \/><\/a>La Universidad Pablo de Olavide y el Ayuntamiento de La Puebla del R\u00edo celebran <strong>desde ma\u00f1ana jueves 26 de mayo y hasta el pr\u00f3ximo s\u00e1bado 28 <\/strong>el Congreso Internacional <strong>\u2018Poblar de diferentes maneras: tiempos y territorios (siglos XIII al XX). 750 a\u00f1os de la Carta Puebla de La Guardia (Sevilla)<\/strong>, con motivo del 750 aniversario de la fundaci\u00f3n del municipio sevillano.<\/p>\n<p>Este evento, que se celebrar\u00e1 tanto en formato presencial como virtual en la localidad cigarrera, persigue generar un encuentro internacional, acad\u00e9mico, interdisciplinar e interuniversitario con el objetivo de reflexionar de manera colectiva sobre el significado de poblar un espacio.\u00a0 El fen\u00f3meno se analiza desde una perspectiva amplia entendiendo la <strong>fundaci\u00f3n de poblaciones como experiencia creadora<\/strong> que ensancha los horizontes econ\u00f3micos, sociales y mentales de sus habitantes y <strong>como proceso en continuo cambio y movimiento.<\/strong><\/p>\n<p>Las repoblaciones medievales, las nuevas poblaciones de Andaluc\u00eda, los pueblos de colonizaci\u00f3n en el franquismo, el poblamiento de la Amazon\u00eda, el arroz y las nuevas poblaciones, la Puebla en la historia o el reto demogr\u00e1fico en la Andaluc\u00eda actual son algunas de las cuestiones que se abordar\u00e1n en el Congreso.<\/p>\n<p>El encuentro est\u00e1 organizado desde la Universidad Pablo de Olavide y el Grupo de Investigaci\u00f3n CEIRA (HUM 686), con la colaboraci\u00f3n del Ayuntamiento de La Puebla del R\u00edo y el Centro de Estudios Andaluces.<\/p>\n<p>La direcci\u00f3n acad\u00e9mica y cient\u00edfica corre a cargo de los profesores de la UPO <strong>Jos\u00e9 Mar\u00eda Miura Andrades<\/strong> y <strong>Juan Manuel Berbel Pineda<\/strong>.<\/p>\n<p><strong>M\u00e1s informaci\u00f3n:<\/strong> <a href=\"http:\/\/eventos.upo.es\/go\/congreso-750-aniversario-puebla-guardia\">http:\/\/eventos.upo.es\/go\/congreso-750-aniversario-puebla-guardia<\/a><\/p>\n","protected":false},"excerpt":{"rendered":"<p>La Universidad Pablo de Olavide y el Ayuntamiento de La Puebla del R\u00edo celebran desde ma\u00f1ana jueves 26 de mayo y hasta el pr\u00f3ximo s\u00e1bado 28 el Congreso Internacional \u2018Poblar de diferentes maneras: tiempos y territorios (siglos XIII al XX). 750 a\u00f1os de la Carta Puebla de La Guardia (Sevilla), con motivo del 750 aniversario de la fundaci\u00f3n del municipio sevillano.<\/p>\n","protected":false},"author":15,"featured_media":30872848,"comment_status":"closed","ping_status":"open","sticky":false,"template":"","format":"standard","meta":{"_monsterinsights_skip_tracking":false,"_monsterinsights_sitenote_active":false,"_monsterinsights_sitenote_note":"","_monsterinsights_sitenote_category":0,"footnotes":""},"categories":[2779],"tags":[7892,354,446,2014,7891,7336,7890,4839],"class_list":["post-30872847","post","type-post","status-publish","format-standard","has-post-thumbnail","hentry","category-docencia-formacion","tag-carta-puebla-de-la-guardia","tag-congreso","tag-internacional","tag-jose-maria-miura","tag-juan-manuel-berbel","tag-la-puebla-del-rio","tag-poblar","tag-territorios"],"_links":{"self":[{"href":"https:\/\/www.upo.es\/diario\/wp-json\/wp\/v2\/posts\/30872847","targetHints":{"allow":["GET"]}}],"collection":[{"href":"https:\/\/www.upo.es\/diario\/wp-json\/wp\/v2\/posts"}],"about":[{"href":"https:\/\/www.upo.es\/diario\/wp-json\/wp\/v2\/types\/post"}],"author":[{"embeddable":true,"href":"https:\/\/www.upo.es\/diario\/wp-json\/wp\/v2\/users\/15"}],"replies":[{"embeddable":true,"href":"https:\/\/www.upo.es\/diario\/wp-json\/wp\/v2\/comments?post=30872847"}],"version-history":[{"count":1,"href":"https:\/\/www.upo.es\/diario\/wp-json\/wp\/v2\/posts\/30872847\/revisions"}],"predecessor-version":[{"id":30872849,"href":"https:\/\/www.upo.es\/diario\/wp-json\/wp\/v2\/posts\/30872847\/revisions\/30872849"}],"wp:featuredmedia":[{"embeddable":true,"href":"https:\/\/www.upo.es\/diario\/wp-json\/wp\/v2\/media\/30872848"}],"wp:attachment":[{"href":"https:\/\/www.upo.es\/diario\/wp-json\/wp\/v2\/media?parent=30872847"}],"wp:term":[{"taxonomy":"category","embeddable":true,"href":"https:\/\/www.upo.es\/diario\/wp-json\/wp\/v2\/categories?post=30872847"},{"taxonomy":"post_tag","embeddable":true,"href":"https:\/\/www.upo.es\/diario\/wp-json\/wp\/v2\/tags?post=30872847"}],"curies":[{"name":"wp","href":"https:\/\/api.w.org\/{rel}","templated":true}]}}