{"id":30872905,"date":"2022-05-25T15:23:13","date_gmt":"2022-05-25T13:23:13","guid":{"rendered":"https:\/\/www.upo.es\/diario\/?p=30872905"},"modified":"2022-06-08T10:54:41","modified_gmt":"2022-06-08T08:54:41","slug":"el-ayuntamiento-de-sevilla-y-la-upo-desarrollaran-nuevas-medidas-para-lograr-la-igualdad-real-entre-mujeres-y-hombres","status":"publish","type":"post","link":"https:\/\/www.upo.es\/diario\/institucional\/2022\/05\/el-ayuntamiento-de-sevilla-y-la-upo-desarrollaran-nuevas-medidas-para-lograr-la-igualdad-real-entre-mujeres-y-hombres\/","title":{"rendered":"El Ayuntamiento de Sevilla y la UPO desarrollar\u00e1n nuevas medidas para lograr la igualdad real entre mujeres y hombres"},"content":{"rendered":"<figure id=\"attachment_30872906\" aria-describedby=\"caption-attachment-30872906\" style=\"width: 750px\" class=\"wp-caption aligncenter\"><a href=\"https:\/\/www.upo.es\/diario\/wp-content\/uploads\/2022\/05\/Conve_Igualdad_AytoSevilla_2.jpeg\"><img loading=\"lazy\" decoding=\"async\" class=\"size-large wp-image-30872906\" src=\"https:\/\/www.upo.es\/diario\/wp-content\/uploads\/2022\/05\/Conve_Igualdad_AytoSevilla_2-750x563.jpeg\" alt=\"\" width=\"750\" height=\"563\" srcset=\"https:\/\/www.upo.es\/diario\/wp-content\/uploads\/2022\/05\/Conve_Igualdad_AytoSevilla_2-750x563.jpeg 750w, https:\/\/www.upo.es\/diario\/wp-content\/uploads\/2022\/05\/Conve_Igualdad_AytoSevilla_2-385x289.jpeg 385w, https:\/\/www.upo.es\/diario\/wp-content\/uploads\/2022\/05\/Conve_Igualdad_AytoSevilla_2-768x576.jpeg 768w, https:\/\/www.upo.es\/diario\/wp-content\/uploads\/2022\/05\/Conve_Igualdad_AytoSevilla_2-1536x1152.jpeg 1536w, https:\/\/www.upo.es\/diario\/wp-content\/uploads\/2022\/05\/Conve_Igualdad_AytoSevilla_2-1320x990.jpeg 1320w, https:\/\/www.upo.es\/diario\/wp-content\/uploads\/2022\/05\/Conve_Igualdad_AytoSevilla_2.jpeg 1600w\" sizes=\"auto, (max-width: 750px) 100vw, 750px\" \/><\/a><figcaption id=\"caption-attachment-30872906\" class=\"wp-caption-text\">El rector de la UPO y el alcalde junto con miembros del Ayuntamiento de Sevilla y de la Universidad que han impulsado este convenio.<\/figcaption><\/figure>\n<p>El rector de la Universidad Pablo de Olavide, Francisco Oliva Bl\u00e1zquez, y el alcalde de Sevilla, Antonio Mu\u00f1oz Mart\u00ednez, han firmado esta ma\u00f1ana un convenio por el que el Ayuntamiento, a trav\u00e9s de la Delegaci\u00f3n de Igualdad, Participaci\u00f3n Ciudadana y Coordinaci\u00f3n de Distritos, financiar\u00e1 durante el presente a\u00f1o l\u00edneas de investigaci\u00f3n, as\u00ed como programas de formaci\u00f3n y sensibilizaci\u00f3n, desarrollados por la Universidad, a trav\u00e9s de la Delegaci\u00f3n del Rector para la Igualdad de G\u00e9nero, para avanzar en la igualdad real entre mujeres y hombres. Con el mismo fin, el Ayuntamiento ha firmado asimismo un convenio con la Universidad de Sevilla, de la mano de la vicerrectora de Servicios Sociales, Campus Saludable, Igualdad y Cooperaci\u00f3n, Ana Mar\u00eda L\u00f3pez Jim\u00e9nez. Han estado tambi\u00e9n presentes durante la firma, entre otras autoridades, Adela Casta\u00f1o Di\u00e9guez, teniente de alcalde delegada de Igualdad, Participaci\u00f3n Ciudadana y Coordinaci\u00f3n de Distritos, Teresa Garc\u00eda Garc\u00eda, directora general de Igualdad del Ayuntamiento de Sevilla, y M\u00f3nica Dom\u00ednguez Serrano, delegada del Rector para la Igualdad de G\u00e9nero de la UPO.<\/p>\n<p>De este modo, ambas instituciones colaborar\u00e1n en el desarrollo de acciones que contribuyan a avanzar en igualdad de g\u00e9nero, tanto en \u00e1mbitos de docencia como de sensibilizaci\u00f3n y eliminaci\u00f3n de violencias. La <em>Carta Europea por la igualdad entre mujeres y hombres en la vida local<\/em> establece que la dimensi\u00f3n de g\u00e9nero ha de ser tenida en cuenta en la elaboraci\u00f3n de pol\u00edticas y programas de acci\u00f3n que afectan a la vida cotidiana de las mujeres en la ciudad. La Direcci\u00f3n General de Igualdad del Ayuntamiento de Sevilla y la Delegaci\u00f3n del Rector para la Igualdad de G\u00e9nero de la Universidad Pablo de Olavide trabajar\u00e1n conjuntamente para favorecer la plena igualdad en el \u00e1mbito educativo, social, laboral, cultural, pol\u00edtico y econ\u00f3mico en la ciudad de Sevilla.<\/p>\n<p><a href=\"https:\/\/www.upo.es\/diario\/wp-content\/uploads\/2022\/05\/Conve_Igualdad_AytoSevilla_1.jpeg\"><img loading=\"lazy\" decoding=\"async\" class=\"alignright size-medium wp-image-30872907\" src=\"https:\/\/www.upo.es\/diario\/wp-content\/uploads\/2022\/05\/Conve_Igualdad_AytoSevilla_1-385x289.jpeg\" alt=\"\" width=\"385\" height=\"289\" srcset=\"https:\/\/www.upo.es\/diario\/wp-content\/uploads\/2022\/05\/Conve_Igualdad_AytoSevilla_1-385x289.jpeg 385w, https:\/\/www.upo.es\/diario\/wp-content\/uploads\/2022\/05\/Conve_Igualdad_AytoSevilla_1-750x563.jpeg 750w, https:\/\/www.upo.es\/diario\/wp-content\/uploads\/2022\/05\/Conve_Igualdad_AytoSevilla_1-768x576.jpeg 768w, https:\/\/www.upo.es\/diario\/wp-content\/uploads\/2022\/05\/Conve_Igualdad_AytoSevilla_1-1536x1152.jpeg 1536w, https:\/\/www.upo.es\/diario\/wp-content\/uploads\/2022\/05\/Conve_Igualdad_AytoSevilla_1-1320x990.jpeg 1320w, https:\/\/www.upo.es\/diario\/wp-content\/uploads\/2022\/05\/Conve_Igualdad_AytoSevilla_1.jpeg 1600w\" sizes=\"auto, (max-width: 385px) 100vw, 385px\" \/><\/a>En este sentido, el rector de la UPO ha declarado que \u00abhablar de igualdad es hablar de derechos fundamentales, de derechos humanos. Y debilitar la apuesta por la igualdad es debilitar la democracia y el Estado de derecho\u00bb. Para Francisco Oliva, la alianza con las entidades locales es imprescindible para alcanzar la igualdad real en la sociedad y ha reiterado el compromiso de la Universidad Pablo de Olavide con la igualdad de g\u00e9nero a trav\u00e9s de pilares clave como la formaci\u00f3n, la investigaci\u00f3n y la concienciaci\u00f3n.<\/p>\n<p>Por su parte, M\u00f3nica Dom\u00ednguez, delegada del Rector para la Igualdad de G\u00e9nero, ha destacado del convenio firmado hoy que constituye un hito para la Universidad Pablo de Olavide en materia de igualdad, ya que \u201cnos va a permitir trabajar con nuevas propuestas innovadoras que nos ilusionan y que esperamos que resulten atractivas y sean muy fruct\u00edferas\u201d.<\/p>\n<p>Antonio Mu\u00f1oz ha puesto en valor la igualdad de g\u00e9nero como se\u00f1a de identidad del Ayuntamiento y ha subrayado que se trata de un \u00abobjetivo irrenunciable de su equipo de gobierno\u00bb. Mu\u00f1oz ha insistido en que para alcanzar los retos en innovaci\u00f3n, digitalizaci\u00f3n o sostenibilidad que demanda la sociedad, hace falta igualdad de g\u00e9nero.<\/p>\n<p>La primera de las actividades a desarrollar tendr\u00e1 lugar en el marco de la vig\u00e9sima edici\u00f3n de los Cursos de Verano de la Universidad Pablo de Olavide en Carmona; con la idea de avanzar en la formaci\u00f3n en materia de transversalidad de g\u00e9nero, ser\u00e1 impartido el curso \u2018Transversalidad de G\u00e9nero en las Pol\u00edticas P\u00fablicas Locales\u2019, entre los d\u00edas 27 y 29 de junio de 2022.<\/p>\n<p>&nbsp;<\/p>\n","protected":false},"excerpt":{"rendered":"<p>El rector de la Universidad Pablo de Olavide, Francisco Oliva Bl\u00e1zquez, y el alcalde de Sevilla, Antonio Mu\u00f1oz Mart\u00ednez, han firmado un convenio por el que el Ayuntamiento, a trav\u00e9s de la Delegaci\u00f3n de Igualdad, Participaci\u00f3n Ciudadana y Coordinaci\u00f3n de Distritos, financiar\u00e1 durante el presente a\u00f1o l\u00edneas de investigaci\u00f3n, as\u00ed como programas de formaci\u00f3n y sensibilizaci\u00f3n, desarrollados por la Universidad, a trav\u00e9s de la Delegaci\u00f3n del Rector para la Igualdad de G\u00e9nero, para avanzar en la igualdad real entre mujeres y hombres.<\/p>\n","protected":false},"author":4,"featured_media":30872906,"comment_status":"closed","ping_status":"open","sticky":false,"template":"","format":"standard","meta":{"_monsterinsights_skip_tracking":false,"_monsterinsights_sitenote_active":false,"_monsterinsights_sitenote_note":"","_monsterinsights_sitenote_category":0,"footnotes":""},"categories":[6],"tags":[621,7256,517,5883,2209],"class_list":["post-30872905","post","type-post","status-publish","format-standard","has-post-thumbnail","hentry","category-institucional","tag-ayuntamiento-de-sevilla","tag-delegada-del-rector-para-la-igualdad-de-genero","tag-igualdad","tag-igualdad-de-genero","tag-oficina-para-la-igualdad"],"_links":{"self":[{"href":"https:\/\/www.upo.es\/diario\/wp-json\/wp\/v2\/posts\/30872905","targetHints":{"allow":["GET"]}}],"collection":[{"href":"https:\/\/www.upo.es\/diario\/wp-json\/wp\/v2\/posts"}],"about":[{"href":"https:\/\/www.upo.es\/diario\/wp-json\/wp\/v2\/types\/post"}],"author":[{"embeddable":true,"href":"https:\/\/www.upo.es\/diario\/wp-json\/wp\/v2\/users\/4"}],"replies":[{"embeddable":true,"href":"https:\/\/www.upo.es\/diario\/wp-json\/wp\/v2\/comments?post=30872905"}],"version-history":[{"count":2,"href":"https:\/\/www.upo.es\/diario\/wp-json\/wp\/v2\/posts\/30872905\/revisions"}],"predecessor-version":[{"id":30872909,"href":"https:\/\/www.upo.es\/diario\/wp-json\/wp\/v2\/posts\/30872905\/revisions\/30872909"}],"wp:featuredmedia":[{"embeddable":true,"href":"https:\/\/www.upo.es\/diario\/wp-json\/wp\/v2\/media\/30872906"}],"wp:attachment":[{"href":"https:\/\/www.upo.es\/diario\/wp-json\/wp\/v2\/media?parent=30872905"}],"wp:term":[{"taxonomy":"category","embeddable":true,"href":"https:\/\/www.upo.es\/diario\/wp-json\/wp\/v2\/categories?post=30872905"},{"taxonomy":"post_tag","embeddable":true,"href":"https:\/\/www.upo.es\/diario\/wp-json\/wp\/v2\/tags?post=30872905"}],"curies":[{"name":"wp","href":"https:\/\/api.w.org\/{rel}","templated":true}]}}