{"id":30872936,"date":"2022-05-30T12:51:12","date_gmt":"2022-05-30T10:51:12","guid":{"rendered":"https:\/\/www.upo.es\/diario\/?p=30872936"},"modified":"2022-06-08T10:54:37","modified_gmt":"2022-06-08T08:54:37","slug":"tres-catedraticos-de-la-upo-vocales-permanentes-de-la-comision-general-de-codificacion","status":"publish","type":"post","link":"https:\/\/www.upo.es\/diario\/comunidad\/2022\/05\/tres-catedraticos-de-la-upo-vocales-permanentes-de-la-comision-general-de-codificacion\/","title":{"rendered":"Tres catedr\u00e1ticos de la UPO, vocales permanentes de la Comisi\u00f3n General de Codificaci\u00f3n"},"content":{"rendered":"<figure id=\"attachment_30872937\" aria-describedby=\"caption-attachment-30872937\" style=\"width: 750px\" class=\"wp-caption aligncenter\"><a href=\"https:\/\/www.upo.es\/diario\/wp-content\/uploads\/2022\/05\/comisioncodificacion.jpg\"><img loading=\"lazy\" decoding=\"async\" class=\"size-large wp-image-30872937\" src=\"https:\/\/www.upo.es\/diario\/wp-content\/uploads\/2022\/05\/comisioncodificacion-750x563.jpg\" alt=\"\" width=\"750\" height=\"563\" srcset=\"https:\/\/www.upo.es\/diario\/wp-content\/uploads\/2022\/05\/comisioncodificacion-750x563.jpg 750w, https:\/\/www.upo.es\/diario\/wp-content\/uploads\/2022\/05\/comisioncodificacion-385x289.jpg 385w, https:\/\/www.upo.es\/diario\/wp-content\/uploads\/2022\/05\/comisioncodificacion-768x576.jpg 768w, https:\/\/www.upo.es\/diario\/wp-content\/uploads\/2022\/05\/comisioncodificacion-1536x1152.jpg 1536w, https:\/\/www.upo.es\/diario\/wp-content\/uploads\/2022\/05\/comisioncodificacion-1320x990.jpg 1320w, https:\/\/www.upo.es\/diario\/wp-content\/uploads\/2022\/05\/comisioncodificacion.jpg 1600w\" sizes=\"auto, (max-width: 750px) 100vw, 750px\" \/><\/a><figcaption id=\"caption-attachment-30872937\" class=\"wp-caption-text\">Francisco Oliva Bl\u00e1zquez, Mar\u00eda Jes\u00fas Guerrero Lebr\u00f3n y Andr\u00e9s Rodr\u00edguez Benot.<\/figcaption><\/figure>\n<p>El Ministerio de Justicia ha nombrado a los profesores de la Universidad Pablo de Olavide <strong>Francisco Oliva Bl\u00e1zquez, catedr\u00e1tico de Derecho civil y rector de la UPO, Mar\u00eda Jes\u00fas Guerrero Lebr\u00f3n, catedr\u00e1tica de Derecho mercantil, y a Andr\u00e9s Rodr\u00edguez Benot, catedr\u00e1tico de Derecho internacional privado<\/strong>, vocales permanentes de la <a href=\"https:\/\/www.mjusticia.gob.es\/es\/areas-tematicas\/actividad-legislativa\/comision-general-codificacion\/quienes-somos\"><strong>Comisi\u00f3n General de Codificaci\u00f3n<\/strong><\/a>.<\/p>\n<p>La Comisi\u00f3n es un \u00f3rgano superior colegiado de asesoramiento al Ministerio de Justicia al que corresponde la preparaci\u00f3n de los textos prelegislativos y de car\u00e1cter reglamentario, as\u00ed como la asesor\u00eda para la mejor orientaci\u00f3n, preservaci\u00f3n y tutela del ordenamiento jur\u00eddico espa\u00f1ol. Presidida por la Ministra de Justicia, la Comisi\u00f3n est\u00e1 compuesta por sendas secciones sobre Derecho civil, Derecho mercantil, Derecho p\u00fablico, Derecho penal y Derecho procesal.<\/p>\n<p>De acuerdo con los Estatutos de la Comisi\u00f3n General de Codificaci\u00f3n, los vocales Permanentes son nombrados libremente por la ministra de Justicia entre juristas de prestigio que acrediten, al menos, quince a\u00f1os de dedicaci\u00f3n cient\u00edfica al Derecho o ejercicio profesional en el \u00e1mbito jur\u00eddico.<\/p>\n<p><strong>Francisco Oliva Bl\u00e1zquez<\/strong> ha sido nombrado como vocal permanente de la <strong>Secci\u00f3n Primera, de Derecho Civil<\/strong>. Catedr\u00e1tico de Derecho civil de la Universidad Pablo de Olavide, Francisco Oliva ha sido vicesecretario general y secretario general de la UPO, y actualmente es el rector de dicha instituci\u00f3n. Ha dirigido su actividad investigadora pr\u00e1cticamente a todos los sectores del Derecho civil, y muy especialmente al Derecho de las obligaciones y contratos y de la responsabilidad civil. Adem\u00e1s, es experto en Bio\u00e9tica as\u00ed como en Derecho privado comparado. Autor de alrededor de cien publicaciones en forma de monograf\u00edas, manuales y art\u00edculos jur\u00eddicos en revistas y obras colectivas. Ha sido investigador principal de tres proyectos de investigaci\u00f3n competitivos de car\u00e1cter nacional.<\/p>\n<p><strong>Mar\u00eda Jes\u00fas Guerrero Lebr\u00f3n <\/strong>ha sido nombrada como vocal permanente de la <strong>Secci\u00f3n Segunda, de Derecho Mercantil<\/strong>. Es catedr\u00e1tica de Derecho mercantil de la Universidad Pablo de Olavide y <em>of counsel<\/em> de la firma dwf-RCD. Fue Secretaria General de la Universidad Internacional de Andaluc\u00eda, donde dirigi\u00f3 la C\u00e1tedra Extenda desde 2009 a 2017. Fue consejera de la compa\u00f1\u00eda Carbures (2018) y ha sido vocal de la Comisi\u00f3n de Investigaci\u00f3n de Accidentes e Incidentes de Aviaci\u00f3n Civil (2010-2018). En la actualidad ocupa el puesto de consejera en la compa\u00f1\u00eda Humanox, S.A. y es \u00e1rbitro en ASEMARB. Es autora de numerosas publicaciones entre las que destacan seis monograf\u00edas, as\u00ed como numerosos art\u00edculos publicados en revistas jur\u00eddicas, particularmente en materias relacionadas con el Derecho a\u00e9reo, el Derecho de sociedades, el Derecho bancario y el Derecho del comercio internacional.<\/p>\n<p><strong>Andr\u00e9s Rodr\u00edguez Benot <\/strong>ha sido nombrado como vocal permanente de la <strong>Secci\u00f3n Quinta, de Derecho Procesal<\/strong>. Catedr\u00e1tico de Derecho internacional privado de la Universidad Pablo de Olavide, Rodr\u00edguez Benot es miembro de la Academia Internacional de Derecho Comparado, numerario de la Real Academia Sevillana de Legislaci\u00f3n y Jurisprudencia, correspondiente de la Real Academia de Jurisprudencia y Legislaci\u00f3n de Espa\u00f1a, asesor de la Comisi\u00f3n Europea en materia de Derecho internacional privado y representante de Espa\u00f1a en el Comit\u00e9 de Derecho Civil del Consejo de la UE. Ha sido vicerrector de Relaciones Institucionales e Internacionales y decano de la Facultad de Derecho de la UPO. Ha recibido la Cruz de la Orden del M\u00e9rito de la Guardia Civil con distintivo blanco y la Cruz Distinguida de Primera Clase de la Orden de San Raimundo de Pe\u00f1afort.<\/p>\n<p>&nbsp;<\/p>\n<p>&nbsp;<\/p>\n","protected":false},"excerpt":{"rendered":"<p>El Ministerio de Justicia ha nombrado a los profesores de la Universidad Pablo de Olavide Francisco Oliva Bl\u00e1zquez, catedr\u00e1tico de Derecho civil y rector de la UPO, Mar\u00eda Jes\u00fas Guerrero Lebr\u00f3n, catedr\u00e1tica de Derecho mercantil, y a Andr\u00e9s Rodr\u00edguez Benot, catedr\u00e1tico de Derecho internacional privado, vocales permanentes de la Comisi\u00f3n General de Codificaci\u00f3n.<\/p>\n","protected":false},"author":4,"featured_media":30872937,"comment_status":"closed","ping_status":"open","sticky":false,"template":"","format":"standard","meta":{"_monsterinsights_skip_tracking":false,"_monsterinsights_sitenote_active":false,"_monsterinsights_sitenote_note":"","_monsterinsights_sitenote_category":0,"footnotes":""},"categories":[5842],"tags":[1228,7896,764,1311,2017,4021,4698],"class_list":["post-30872936","post","type-post","status-publish","format-standard","has-post-thumbnail","hentry","category-comunidad","tag-andres-rodriguez-benot","tag-comision-general-de-codificacion","tag-derecho-civil","tag-derecho-mercantil","tag-derecho-procesal","tag-francisco-oliva-blazquez","tag-maria-jesus-guerrero"],"_links":{"self":[{"href":"https:\/\/www.upo.es\/diario\/wp-json\/wp\/v2\/posts\/30872936","targetHints":{"allow":["GET"]}}],"collection":[{"href":"https:\/\/www.upo.es\/diario\/wp-json\/wp\/v2\/posts"}],"about":[{"href":"https:\/\/www.upo.es\/diario\/wp-json\/wp\/v2\/types\/post"}],"author":[{"embeddable":true,"href":"https:\/\/www.upo.es\/diario\/wp-json\/wp\/v2\/users\/4"}],"replies":[{"embeddable":true,"href":"https:\/\/www.upo.es\/diario\/wp-json\/wp\/v2\/comments?post=30872936"}],"version-history":[{"count":2,"href":"https:\/\/www.upo.es\/diario\/wp-json\/wp\/v2\/posts\/30872936\/revisions"}],"predecessor-version":[{"id":30872940,"href":"https:\/\/www.upo.es\/diario\/wp-json\/wp\/v2\/posts\/30872936\/revisions\/30872940"}],"wp:featuredmedia":[{"embeddable":true,"href":"https:\/\/www.upo.es\/diario\/wp-json\/wp\/v2\/media\/30872937"}],"wp:attachment":[{"href":"https:\/\/www.upo.es\/diario\/wp-json\/wp\/v2\/media?parent=30872936"}],"wp:term":[{"taxonomy":"category","embeddable":true,"href":"https:\/\/www.upo.es\/diario\/wp-json\/wp\/v2\/categories?post=30872936"},{"taxonomy":"post_tag","embeddable":true,"href":"https:\/\/www.upo.es\/diario\/wp-json\/wp\/v2\/tags?post=30872936"}],"curies":[{"name":"wp","href":"https:\/\/api.w.org\/{rel}","templated":true}]}}