{"id":30873024,"date":"2022-06-01T06:55:26","date_gmt":"2022-06-01T04:55:26","guid":{"rendered":"https:\/\/www.upo.es\/diario\/?p=30873024"},"modified":"2022-06-01T13:31:28","modified_gmt":"2022-06-01T11:31:28","slug":"un-seminario-analiza-en-la-upo-las-consecuencias-del-protagonismo-de-la-mujer-en-los-fenomenos-migratorios","status":"publish","type":"post","link":"https:\/\/www.upo.es\/diario\/docencia-formacion\/2022\/06\/un-seminario-analiza-en-la-upo-las-consecuencias-del-protagonismo-de-la-mujer-en-los-fenomenos-migratorios\/","title":{"rendered":"Un seminario analiza en la UPO las consecuencias del protagonismo de la mujer en los fen\u00f3menos migratorios"},"content":{"rendered":"<figure id=\"attachment_30873043\" aria-describedby=\"caption-attachment-30873043\" style=\"width: 750px\" class=\"wp-caption aligncenter\"><a href=\"https:\/\/www.upo.es\/diario\/wp-content\/uploads\/2022\/06\/Sem-Migraciones-DDHH-Genero_VIW-2022-scaled.jpg\"><img loading=\"lazy\" decoding=\"async\" class=\"size-large wp-image-30873043\" src=\"https:\/\/www.upo.es\/diario\/wp-content\/uploads\/2022\/06\/Sem-Migraciones-DDHH-Genero_VIW-2022-750x422.jpg\" alt=\"Teresa Terr\u00f3n, Ahumada, Antonio Jim\u00e9nez y Rosa D\u00edaz\" width=\"750\" height=\"422\" srcset=\"https:\/\/www.upo.es\/diario\/wp-content\/uploads\/2022\/06\/Sem-Migraciones-DDHH-Genero_VIW-2022-750x422.jpg 750w, https:\/\/www.upo.es\/diario\/wp-content\/uploads\/2022\/06\/Sem-Migraciones-DDHH-Genero_VIW-2022-385x216.jpg 385w, https:\/\/www.upo.es\/diario\/wp-content\/uploads\/2022\/06\/Sem-Migraciones-DDHH-Genero_VIW-2022-768x432.jpg 768w, https:\/\/www.upo.es\/diario\/wp-content\/uploads\/2022\/06\/Sem-Migraciones-DDHH-Genero_VIW-2022-1536x863.jpg 1536w, https:\/\/www.upo.es\/diario\/wp-content\/uploads\/2022\/06\/Sem-Migraciones-DDHH-Genero_VIW-2022-2048x1151.jpg 2048w, https:\/\/www.upo.es\/diario\/wp-content\/uploads\/2022\/06\/Sem-Migraciones-DDHH-Genero_VIW-2022-1320x742.jpg 1320w\" sizes=\"auto, (max-width: 750px) 100vw, 750px\" \/><\/a><figcaption id=\"caption-attachment-30873043\" class=\"wp-caption-text\">Desde la izquierda, Teresa Terr\u00f3n, M\u00aa del Mar Ahumada, Antonia Jim\u00e9nez y Rosa D\u00edaz<\/figcaption><\/figure>\n<p>El <strong><em>II Seminario sobre Derechos Humanos, Migraciones y G\u00e9nero. Una mirada transnacional<\/em><\/strong> ha comenzado este mi\u00e9rcoles la Sala de Grados I de la Biblioteca\/CRAI de la Universidad Pablo de Olavide. Organizado por el <strong>Departamento de Educaci\u00f3n y Psicolog\u00eda Social<\/strong> y por el <strong>Grupo de Investigaci\u00f3n en Acci\u00f3n Socioeducativa (GIAS)<\/strong> de la UPO, el encuentro tratar\u00e1 de crear un espacio de debate y reflexi\u00f3n sobre los procesos migratorios femeninos, favoreciendo a la vez la colaboraci\u00f3n entre el tercer sector y la academia.<\/p>\n<p><img loading=\"lazy\" decoding=\"async\" class=\"alignright size-medium wp-image-30873025\" src=\"https:\/\/www.upo.es\/diario\/wp-content\/uploads\/2022\/05\/inmigrant-women-385x385.jpg\" alt=\"ilustraci\u00f3n de mujeres de diverso origen\" width=\"385\" height=\"385\" srcset=\"https:\/\/www.upo.es\/diario\/wp-content\/uploads\/2022\/05\/inmigrant-women-385x385.jpg 385w, https:\/\/www.upo.es\/diario\/wp-content\/uploads\/2022\/05\/inmigrant-women-150x150.jpg 150w, https:\/\/www.upo.es\/diario\/wp-content\/uploads\/2022\/05\/inmigrant-women.jpg 612w\" sizes=\"auto, (max-width: 385px) 100vw, 385px\" \/>En las \u00faltimas d\u00e9cadas los movimientos migratorios han sufrido cambios debido, entre otras cuestiones, a la feminizaci\u00f3n de estos movimientos internacionales de poblaci\u00f3n. <strong>El rol desempe\u00f1ado por las mujeres en los procesos migratorios implica transformaciones tanto en los pa\u00edses de origen como en los de destino<\/strong>, cambios que afectan tambi\u00e9n a la red de apoyo y a la familiar y que tienen como catalizador principal la autonom\u00eda econ\u00f3mica que consiguen las mujeres tras la migraci\u00f3n. No obstante, durante el proceso que comienza al abandonar un pa\u00eds, y hasta que las mujeres migrantes logran esa autonom\u00eda, sufren vulnerabilidades y se enfrentan a situaciones complejas por cuestiones de g\u00e9nero.<\/p>\n<p>Para realizar una aproximaci\u00f3n a la situaci\u00f3n actual de las migraciones relacionadas con el g\u00e9nero y los derechos humanos, la UPO ha organizado este seminario que, en su segunda edici\u00f3n, ha sido inaugurado por <strong>Antonia Jim\u00e9nez<\/strong>, vicerrectora de Investigaci\u00f3n, Transferencia y Doctorado de la Universidad, acompa\u00f1ada por <strong>Mar\u00eda del Mar Ahumada<\/strong>, directora general de Coordinaci\u00f3n de Pol\u00edticas Migratorias de la Junta de Andaluc\u00eda; <strong>Rosa D\u00edaz<\/strong>, decana de la Facultad de Ciencias Sociales; y <strong>Teresa Terr\u00f3n<\/strong>, directora del <a href=\"https:\/\/viw.pixel-online.org\/\">proyecto \u2018Voices of Immigrant Women\u2019<\/a> (VIW), cofinanciado por la Uni\u00f3n Europea a trav\u00e9s de Erasmus+ y en el que se enmarca este foro internacional.<\/p>\n<p><strong>Javier de Lucas<\/strong>, catedr\u00e1tico de Filosof\u00eda del Derecho y Filosof\u00eda pol\u00edtica de la Universidad de Valencia, impartir\u00e1 la conferencia inaugural, a las 10.30 horas, con el t\u00edtulo <strong><em>Mujeres migrantes, emblema de la &lt;presencia ausente&gt;<\/em><\/strong>. A continuaci\u00f3n, tendr\u00e1 lugar un debate con la participaci\u00f3n de <strong>Marta Bertr\u00e1n<\/strong> y <strong>Angelina S\u00e1nchez<\/strong>, profesoras de la Universidad Aut\u00f3noma de Barcelona. Posteriormente tendr\u00e1n lugar cinco mesas redondas sobre g\u00e9nero y movimientos migratorios, gesti\u00f3n de pol\u00edticas migratorias con perspectiva de g\u00e9nero y la intervenci\u00f3n con mujeres migrantes desde entidades sociales. <strong>Safia El Aaddam<\/strong>, activista y autora del libro \u2018Hija de inmigrantes\u2019 (Nube de Tinta, 2022) impartir\u00e1 la conferencia de clausura, el jueves 2 junio a las 12:45 horas en la Sala de Grados II de la Biblioteca.Las profesoras de la Universidad Pablo de Olavide <strong>Roc\u00edo C\u00e1rdenas<\/strong> y <strong>Teresa Terr\u00f3n<\/strong> pondr\u00e1n fin al seminario a las 14 horas.<\/p>\n<h3><strong>\u2018Voices of inmigrant women\u2019 (VIW)<\/strong><\/h3>\n<p>Proyecto coordinado por la Universidad Pablo de Olavide cofinanciado por el programa Erasmus+ de la Uni\u00f3n Europea, en la tipolog\u00eda de proyectos de Asociaciones Estrat\u00e9gicas en el sector de Educaci\u00f3n Superior (KA203). Dirigido por Teresa Terr\u00f3n, tiene como finalidad contribuir a la construcci\u00f3n de un sistema de educaci\u00f3n superior m\u00e1s inclusivo, que aborde el importante desaf\u00edo social que representan las migraciones y, m\u00e1s espec\u00edficamente, los flujos migratorios de mujeres en el contexto europeo actual.<\/p>\n<p><strong>M\u00e1s informaci\u00f3n y programa completo:<\/strong><br \/>\n<a href=\"https:\/\/www.upo.es\/diario\/wp-content\/uploads\/2022\/05\/Programa-II-Seminario-VIW-1-y-2-de-junio-2022.pdf\">II Seminario sobre Derechos Humanos, Migraciones y G\u00e9nero. Una mirada transnacional<\/a><\/p>\n<p><strong>Para seguir las sesiones <em>online<\/em>:<\/strong><br \/>\n<a href=\"https:\/\/eu.bbcollab.com\/guest\/5c9ce9d0cfdd40b19d2970c9028ba77a\">https:\/\/eu.bbcollab.com\/guest\/5c9ce9d0cfdd40b19d2970c9028ba77a<\/a><\/p>\n<p>&nbsp;<\/p>\n","protected":false},"excerpt":{"rendered":"<p>El II Seminario sobre Derechos Humanos, Migraciones y G\u00e9nero. Una mirada transnacional ha comenzado este mi\u00e9rcoles la Sala de Grados I de la Biblioteca\/CRAI de la Universidad Pablo de Olavide. Organizado por el Departamento de Educaci\u00f3n y Psicolog\u00eda Social y por el Grupo de Investigaci\u00f3n en Acci\u00f3n Socioeducativa (GIAS) de la UPO, el encuentro tratar\u00e1 de crear un espacio de debate y reflexi\u00f3n sobre los procesos migratorios femeninos, favoreciendo a la vez la colaboraci\u00f3n entre el tercer sector y la academia.<\/p>\n","protected":false},"author":6,"featured_media":30873043,"comment_status":"closed","ping_status":"open","sticky":false,"template":"","format":"standard","meta":{"_monsterinsights_skip_tracking":false,"_monsterinsights_sitenote_active":false,"_monsterinsights_sitenote_note":"","_monsterinsights_sitenote_category":0,"footnotes":""},"categories":[2779],"tags":[4504,92,336,6022,1053,3923,78],"class_list":["post-30873024","post","type-post","status-publish","format-standard","has-post-thumbnail","hentry","category-docencia-formacion","tag-antonia-jimenez","tag-derechos-humanos","tag-genero","tag-migrantes","tag-mujeres","tag-proyecto-erasmus","tag-seminario"],"_links":{"self":[{"href":"https:\/\/www.upo.es\/diario\/wp-json\/wp\/v2\/posts\/30873024","targetHints":{"allow":["GET"]}}],"collection":[{"href":"https:\/\/www.upo.es\/diario\/wp-json\/wp\/v2\/posts"}],"about":[{"href":"https:\/\/www.upo.es\/diario\/wp-json\/wp\/v2\/types\/post"}],"author":[{"embeddable":true,"href":"https:\/\/www.upo.es\/diario\/wp-json\/wp\/v2\/users\/6"}],"replies":[{"embeddable":true,"href":"https:\/\/www.upo.es\/diario\/wp-json\/wp\/v2\/comments?post=30873024"}],"version-history":[{"count":8,"href":"https:\/\/www.upo.es\/diario\/wp-json\/wp\/v2\/posts\/30873024\/revisions"}],"predecessor-version":[{"id":30873044,"href":"https:\/\/www.upo.es\/diario\/wp-json\/wp\/v2\/posts\/30873024\/revisions\/30873044"}],"wp:featuredmedia":[{"embeddable":true,"href":"https:\/\/www.upo.es\/diario\/wp-json\/wp\/v2\/media\/30873043"}],"wp:attachment":[{"href":"https:\/\/www.upo.es\/diario\/wp-json\/wp\/v2\/media?parent=30873024"}],"wp:term":[{"taxonomy":"category","embeddable":true,"href":"https:\/\/www.upo.es\/diario\/wp-json\/wp\/v2\/categories?post=30873024"},{"taxonomy":"post_tag","embeddable":true,"href":"https:\/\/www.upo.es\/diario\/wp-json\/wp\/v2\/tags?post=30873024"}],"curies":[{"name":"wp","href":"https:\/\/api.w.org\/{rel}","templated":true}]}}