{"id":30873101,"date":"2022-06-01T13:31:14","date_gmt":"2022-06-01T11:31:14","guid":{"rendered":"https:\/\/www.upo.es\/diario\/?p=30873101"},"modified":"2022-06-08T09:43:12","modified_gmt":"2022-06-08T07:43:12","slug":"la-universidad-pablo-de-olavide-presenta-su-campus-deportivo-de-verano-2022","status":"publish","type":"post","link":"https:\/\/www.upo.es\/diario\/comunidad\/2022\/06\/la-universidad-pablo-de-olavide-presenta-su-campus-deportivo-de-verano-2022\/","title":{"rendered":"La Universidad Pablo de Olavide presenta su Campus Deportivo de Verano 2022"},"content":{"rendered":"<figure id=\"attachment_30873102\" aria-describedby=\"caption-attachment-30873102\" style=\"width: 750px\" class=\"wp-caption aligncenter\"><a href=\"https:\/\/www.upo.es\/diario\/wp-content\/uploads\/2022\/06\/Campus-Verano-2022.jpg\"><img loading=\"lazy\" decoding=\"async\" class=\"size-large wp-image-30873102\" src=\"https:\/\/www.upo.es\/diario\/wp-content\/uploads\/2022\/06\/Campus-Verano-2022-750x528.jpg\" alt=\"Vera Escalas, Antonio Fern\u00e1ndez y \u00c1frica Calvo durante la presentaci\u00f3n\" width=\"750\" height=\"528\" srcset=\"https:\/\/www.upo.es\/diario\/wp-content\/uploads\/2022\/06\/Campus-Verano-2022-750x528.jpg 750w, https:\/\/www.upo.es\/diario\/wp-content\/uploads\/2022\/06\/Campus-Verano-2022-385x271.jpg 385w, https:\/\/www.upo.es\/diario\/wp-content\/uploads\/2022\/06\/Campus-Verano-2022-768x541.jpg 768w, https:\/\/www.upo.es\/diario\/wp-content\/uploads\/2022\/06\/Campus-Verano-2022-1536x1082.jpg 1536w, https:\/\/www.upo.es\/diario\/wp-content\/uploads\/2022\/06\/Campus-Verano-2022-1320x930.jpg 1320w, https:\/\/www.upo.es\/diario\/wp-content\/uploads\/2022\/06\/Campus-Verano-2022.jpg 1941w\" sizes=\"auto, (max-width: 750px) 100vw, 750px\" \/><\/a><figcaption id=\"caption-attachment-30873102\" class=\"wp-caption-text\">Vera Escalas, Antonio Fern\u00e1ndez y \u00c1frica Calvo durante la presentaci\u00f3n<\/figcaption><\/figure>\n<p>La Sala de Prensa del Rectorado de la Universidad Pablo de Olavide ha acogido esta ma\u00f1ana la presentaci\u00f3n de la pr\u00f3xima edici\u00f3n del Campus Deportivo de Verano de la UPO, <strong>una actividad dirigida a ni\u00f1os y ni\u00f1as de entre 3 y 12 a\u00f1os y que dar\u00e1 comienzo el pr\u00f3ximo 27 de junio para ayudar a la conciliaci\u00f3n de las familias que trabajan durante los meses de junio y julio<\/strong>, coincidiendo con las vacaciones de Educaci\u00f3n Infantil y Primaria.<\/p>\n<p>El acto ha estado presidido por el vicerrector de Campus Saludable y Deporte, <strong>Antonio Fern\u00e1ndez Mart\u00ednez<\/strong>; la directora general de Deporte, <strong>\u00c1frica Calvo Lluch<\/strong>; y la coordinadora del Servicio de Deportes de la UPO, <strong>Vera Escalas Laakso<\/strong>. Durante la presentaci\u00f3n, se ha destacado la importancia de este servicio que favorece la conciliaci\u00f3n de la vida familiar y laborar en el entorno universitario.<\/p>\n<p><a href=\"https:\/\/www.upo.es\/sdupo\/campus-de-verano\/\"><img loading=\"lazy\" decoding=\"async\" class=\"alignright wp-image-30873103\" src=\"https:\/\/www.upo.es\/diario\/wp-content\/uploads\/2022\/06\/Campus-Deportivo-de-Verano-2022-272x385.png\" alt=\"Campus deportivo de verano 2022\" width=\"297\" height=\"420\" srcset=\"https:\/\/www.upo.es\/diario\/wp-content\/uploads\/2022\/06\/Campus-Deportivo-de-Verano-2022-272x385.png 272w, https:\/\/www.upo.es\/diario\/wp-content\/uploads\/2022\/06\/Campus-Deportivo-de-Verano-2022-530x750.png 530w, https:\/\/www.upo.es\/diario\/wp-content\/uploads\/2022\/06\/Campus-Deportivo-de-Verano-2022-768x1086.png 768w, https:\/\/www.upo.es\/diario\/wp-content\/uploads\/2022\/06\/Campus-Deportivo-de-Verano-2022-1086x1536.png 1086w, https:\/\/www.upo.es\/diario\/wp-content\/uploads\/2022\/06\/Campus-Deportivo-de-Verano-2022.png 1191w\" sizes=\"auto, (max-width: 297px) 100vw, 297px\" \/><\/a>Con el <strong>lema \u2018Cuidemos el agua, mejoremos el planeta\u2019<\/strong> el campus presenta diferentes actividades entorno a la tem\u00e1tica que se combinar\u00e1n con actividades deportivas (atletismo, baloncesto, gimnasia, f\u00fatbol, rugby, hockey, balonmano, voleibol y juegos de raqueta). A lo largo de las cinco semanas de duraci\u00f3n que tiene este proyecto, los ni\u00f1os y ni\u00f1as disfrutar\u00e1n de este programa dentro de un marco ludomotriz y de potenciaci\u00f3n de los valores sociales y desarrollar\u00e1n actividades sobre el agua como recurso natural, el cuidado, las propiedades, las utilidades y la importancia del agua.<\/p>\n<p>Todas<strong> las actividades se desarrollar\u00e1n en el campus de la Olavide y tendr\u00e1n un horario de 8.30 a 14.55 horas<\/strong> para facilitar el cumplimiento de la jornada laboral de los padres. Se establecer\u00e1n cuatro grupos por franjas de edad, que comprender\u00e1n desde los 3 a 6 a\u00f1os el primero de ellos, 7 y 8 a\u00f1os el segundo, 9 y 10 a\u00f1os el tercero de los grupos y 11 y 12 a\u00f1os el cuarto grupo. En todo momento los menores estar\u00e1n atendidos por profesionales del \u00e1mbito de la educaci\u00f3n y el deporte y contar\u00e1n con un seguro de accidentes con atenci\u00f3n sanitaria.<\/p>\n<p><strong>La inscripci\u00f3n al campus deportivo podr\u00e1 realizarse por semanas, quincenas, d\u00edas sueltos o periodo completo<\/strong>. El periodo de inscripci\u00f3n comienza hoy mismo para los hijos e hijas de trabajadores de la UPO y de la Fundaci\u00f3n; y el pr\u00f3ximo lunes, 6 de junio, para familiares indirectos del personal de la UPO, para todo el personal ajeno a la comunidad universitaria y para todo aquel que se le haya pasado su plazo.<\/p>\n<p>El campus, gestionado por la Fundaci\u00f3n Universidad Pablo de Olavide a trav\u00e9s del <strong>Servicio de Deportes<\/strong>, cuenta con la financiaci\u00f3n de la <strong>Fundaci\u00f3n Cajasol<\/strong> y el <strong>Ayuntamiento de Dos Hermanas<\/strong> y con la colaboraci\u00f3n de Emasesa, Coca-Cola y Rroppas S.L. Los usuarios y usuarias interesadas podr\u00e1n realizar su inscripci\u00f3n y consultar toda la informaci\u00f3n en el siguiente enlace <a href=\"http:\/\/www.upo.es\/sdupo\/campus-de-verano\/\">www.upo.es\/sdupo\/campus-de-verano\/<\/a>.<\/p>\n","protected":false},"excerpt":{"rendered":"<p>La Sala de Prensa del Rectorado de la Universidad Pablo de Olavide ha acogido esta ma\u00f1ana la presentaci\u00f3n de la pr\u00f3xima edici\u00f3n del Campus Deportivo de Verano de la UPO, una actividad dirigida a ni\u00f1os y ni\u00f1as de entre 3 y 12 a\u00f1os y que dar\u00e1 comienzo el pr\u00f3ximo 27 de junio para ayudar a la conciliaci\u00f3n de las familias que trabajan durante los meses de junio y julio, coincidiendo con las vacaciones de Educaci\u00f3n Infantil y Primaria. <\/p>\n","protected":false},"author":6,"featured_media":30873102,"comment_status":"closed","ping_status":"open","sticky":false,"template":"","format":"standard","meta":{"_monsterinsights_skip_tracking":false,"_monsterinsights_sitenote_active":false,"_monsterinsights_sitenote_note":"","_monsterinsights_sitenote_category":0,"footnotes":""},"categories":[5842],"tags":[5081,7428,7440,2178,2474,334,232],"class_list":["post-30873101","post","type-post","status-publish","format-standard","has-post-thumbnail","hentry","category-comunidad","tag-africa-calvo-lluch","tag-antonio-fernandez-martinez","tag-campus-deportivo-de-verano","tag-conciliacion-familiar","tag-fundacion-universidad-pablo-de-olavide","tag-presentacion","tag-sdupo"],"_links":{"self":[{"href":"https:\/\/www.upo.es\/diario\/wp-json\/wp\/v2\/posts\/30873101","targetHints":{"allow":["GET"]}}],"collection":[{"href":"https:\/\/www.upo.es\/diario\/wp-json\/wp\/v2\/posts"}],"about":[{"href":"https:\/\/www.upo.es\/diario\/wp-json\/wp\/v2\/types\/post"}],"author":[{"embeddable":true,"href":"https:\/\/www.upo.es\/diario\/wp-json\/wp\/v2\/users\/6"}],"replies":[{"embeddable":true,"href":"https:\/\/www.upo.es\/diario\/wp-json\/wp\/v2\/comments?post=30873101"}],"version-history":[{"count":2,"href":"https:\/\/www.upo.es\/diario\/wp-json\/wp\/v2\/posts\/30873101\/revisions"}],"predecessor-version":[{"id":30873105,"href":"https:\/\/www.upo.es\/diario\/wp-json\/wp\/v2\/posts\/30873101\/revisions\/30873105"}],"wp:featuredmedia":[{"embeddable":true,"href":"https:\/\/www.upo.es\/diario\/wp-json\/wp\/v2\/media\/30873102"}],"wp:attachment":[{"href":"https:\/\/www.upo.es\/diario\/wp-json\/wp\/v2\/media?parent=30873101"}],"wp:term":[{"taxonomy":"category","embeddable":true,"href":"https:\/\/www.upo.es\/diario\/wp-json\/wp\/v2\/categories?post=30873101"},{"taxonomy":"post_tag","embeddable":true,"href":"https:\/\/www.upo.es\/diario\/wp-json\/wp\/v2\/tags?post=30873101"}],"curies":[{"name":"wp","href":"https:\/\/api.w.org\/{rel}","templated":true}]}}