{"id":30873116,"date":"2022-06-02T14:59:49","date_gmt":"2022-06-02T12:59:49","guid":{"rendered":"https:\/\/www.upo.es\/diario\/?p=30873116"},"modified":"2023-10-31T14:45:32","modified_gmt":"2023-10-31T13:45:32","slug":"estudiantes-de-bachillerato-y-secundaria-acuden-a-la-upo-en-una-nueva-edicion-de-las-jornadas-mujeres-que-hacen-historia","status":"publish","type":"post","link":"https:\/\/www.upo.es\/diario\/docencia-formacion\/2022\/06\/estudiantes-de-bachillerato-y-secundaria-acuden-a-la-upo-en-una-nueva-edicion-de-las-jornadas-mujeres-que-hacen-historia\/","title":{"rendered":"Estudiantes de Bachillerato y Secundaria acuden a la UPO en una nueva edici\u00f3n de las Jornadas \u2018Mujeres que hacen historia\u2019"},"content":{"rendered":"<figure id=\"attachment_30873119\" aria-describedby=\"caption-attachment-30873119\" style=\"width: 750px\" class=\"wp-caption aligncenter\"><a href=\"https:\/\/www.upo.es\/diario\/wp-content\/uploads\/2022\/06\/mujereshistoria.jpg\"><img loading=\"lazy\" decoding=\"async\" class=\"size-large wp-image-30873119\" src=\"https:\/\/www.upo.es\/diario\/wp-content\/uploads\/2022\/06\/mujereshistoria-750x454.jpg\" alt=\"\" width=\"750\" height=\"454\" srcset=\"https:\/\/www.upo.es\/diario\/wp-content\/uploads\/2022\/06\/mujereshistoria-750x454.jpg 750w, https:\/\/www.upo.es\/diario\/wp-content\/uploads\/2022\/06\/mujereshistoria-385x233.jpg 385w, https:\/\/www.upo.es\/diario\/wp-content\/uploads\/2022\/06\/mujereshistoria-768x465.jpg 768w, https:\/\/www.upo.es\/diario\/wp-content\/uploads\/2022\/06\/mujereshistoria-1536x930.jpg 1536w, https:\/\/www.upo.es\/diario\/wp-content\/uploads\/2022\/06\/mujereshistoria-2048x1239.jpg 2048w, https:\/\/www.upo.es\/diario\/wp-content\/uploads\/2022\/06\/mujereshistoria-1320x799.jpg 1320w\" sizes=\"auto, (max-width: 750px) 100vw, 750px\" \/><\/a><figcaption id=\"caption-attachment-30873119\" class=\"wp-caption-text\">Estudiantes de los centros IES Llanes (Sevilla), IES Pablo Picasso (Sevilla), IES Pol\u00edgono Sur (Sevilla) y Colegio Highlands (Montequinto).<\/figcaption><\/figure>\n<p>\u2018\u00bfHubo consejos de ministras en la antigua Roma?\u2019, \u2018\u00bfVocaci\u00f3n religiosa o alternativa vital? <em>Mulieres religiosae<\/em> en el reino de Sevilla durante la Baja Edad Media\u2019, son algunos de los talleres a los que han asistido estudiantes de bachillerato de Humanidades y Ciencias Sociales y de cuarto curso de la ESO. Se trata de las <strong>Jornadas <em>Mujeres que hacen historia<\/em><\/strong>, cuya \u00faltima edici\u00f3n del curso se ha celebrado este jueves en el campus de la Universidad Pablo de Olavide.<\/p>\n<p>Organizadas por la Facultad de Humanidades, cuentan con financiaci\u00f3n del Vicerrectorado de Estudiantes y de la Delegaci\u00f3n del rector para la Igualdad de G\u00e9nero de la UPO. El programa tiene por objetivo hacer reflexionar a los j\u00f3venes, mediante una serie de talleres participativos y l\u00fadicos, sobre el papel de las mujeres en la historia, as\u00ed como visibilizar la investigaci\u00f3n hist\u00f3rica hecha por mujeres.<\/p>\n<p><a href=\"https:\/\/www.upo.es\/diario\/wp-content\/uploads\/2022\/06\/mujereshistoria1.jpeg\"><img loading=\"lazy\" decoding=\"async\" class=\"alignright size-medium wp-image-30873121\" src=\"https:\/\/www.upo.es\/diario\/wp-content\/uploads\/2022\/06\/mujereshistoria1-385x182.jpeg\" alt=\"\" width=\"385\" height=\"182\" srcset=\"https:\/\/www.upo.es\/diario\/wp-content\/uploads\/2022\/06\/mujereshistoria1-385x182.jpeg 385w, https:\/\/www.upo.es\/diario\/wp-content\/uploads\/2022\/06\/mujereshistoria1-750x355.jpeg 750w, https:\/\/www.upo.es\/diario\/wp-content\/uploads\/2022\/06\/mujereshistoria1-768x363.jpeg 768w, https:\/\/www.upo.es\/diario\/wp-content\/uploads\/2022\/06\/mujereshistoria1-1536x727.jpeg 1536w, https:\/\/www.upo.es\/diario\/wp-content\/uploads\/2022\/06\/mujereshistoria1-1320x625.jpeg 1320w, https:\/\/www.upo.es\/diario\/wp-content\/uploads\/2022\/06\/mujereshistoria1.jpeg 2016w\" sizes=\"auto, (max-width: 385px) 100vw, 385px\" \/><\/a>Las jornadas han dado comienzo con una serie de actividades l\u00fadicas, organizadas por la iniciativa \u2018Mucho m\u00e1s que Musas\u2019, integrada por egresadas de la Facultad de Humanidades. Posteriormente y divididos en grupos, el alumnado ha participado en talleres preparados por investigadoras de la Universidad Pablo de Olavide.<\/p>\n<p>En el \u00e1mbito de la Historia Antigua la profesora Cristina Rosillo ha impartido el taller \u2018Mujeres y pol\u00edtica: \u00bfhab\u00eda consejos de ministras en la antigua Roma?\u201d; mientras que Elena Mu\u00f1iz hablado en torno al tema: \u2018Ese oscuro objeto del deseo: estereotipos sobre la mujer en la Historia Antigua\u2019; Marian P\u00e9rez Bernal ha dirigido el taller \u201cPensando a contracorriente\u201d, y, como novedad, la investigadora Ver\u00f3nica Pacheco ha ofrecido la actividad \u2018Las sufragistas brit\u00e1nicas y el teatro sufragista\u2019.<\/p>\n<p>Cerca de 60 estudiantes con su profesorado de los centros IES Llanes (Sevilla), IES Pablo Picasso (Sevilla), IES Pol\u00edgono Sur (Sevilla) y Colegio Highlands (Montequinto) han participado en esta nueva edici\u00f3n de las Jornadas <em>Mujeres que hacen historia.<\/em><\/p>\n","protected":false},"excerpt":{"rendered":"<p>Organizadas por la Facultad de Humanidades, cuentan con financiaci\u00f3n del Vicerrectorado de Estudiantes y de la Delegaci\u00f3n del rector para la Igualdad de G\u00e9nero de la UPO. El programa tiene por objetivo hacer reflexionar a los j\u00f3venes, mediante una serie de talleres participativos y l\u00fadicos, sobre el papel de las mujeres en la historia, as\u00ed como visibilizar la investigaci\u00f3n hist\u00f3rica hecha por mujeres.<\/p>\n","protected":false},"author":4,"featured_media":30873119,"comment_status":"closed","ping_status":"open","sticky":false,"template":"","format":"standard","meta":{"_monsterinsights_skip_tracking":false,"_monsterinsights_sitenote_active":false,"_monsterinsights_sitenote_note":"","_monsterinsights_sitenote_category":0,"footnotes":""},"categories":[2779],"tags":[7412,96,150,5883,5846,2209,2114],"class_list":["post-30873116","post","type-post","status-publish","format-standard","has-post-thumbnail","hentry","category-docencia-formacion","tag-delegacion-del-rector-para-la-igualdad-de-genero","tag-facultad-de-humanidades","tag-historia","tag-igualdad-de-genero","tag-mujeres-que-hacen-historia","tag-oficina-para-la-igualdad","tag-vicerrectorado-de-estudiantes"],"_links":{"self":[{"href":"https:\/\/www.upo.es\/diario\/wp-json\/wp\/v2\/posts\/30873116","targetHints":{"allow":["GET"]}}],"collection":[{"href":"https:\/\/www.upo.es\/diario\/wp-json\/wp\/v2\/posts"}],"about":[{"href":"https:\/\/www.upo.es\/diario\/wp-json\/wp\/v2\/types\/post"}],"author":[{"embeddable":true,"href":"https:\/\/www.upo.es\/diario\/wp-json\/wp\/v2\/users\/4"}],"replies":[{"embeddable":true,"href":"https:\/\/www.upo.es\/diario\/wp-json\/wp\/v2\/comments?post=30873116"}],"version-history":[{"count":1,"href":"https:\/\/www.upo.es\/diario\/wp-json\/wp\/v2\/posts\/30873116\/revisions"}],"predecessor-version":[{"id":30873122,"href":"https:\/\/www.upo.es\/diario\/wp-json\/wp\/v2\/posts\/30873116\/revisions\/30873122"}],"wp:featuredmedia":[{"embeddable":true,"href":"https:\/\/www.upo.es\/diario\/wp-json\/wp\/v2\/media\/30873119"}],"wp:attachment":[{"href":"https:\/\/www.upo.es\/diario\/wp-json\/wp\/v2\/media?parent=30873116"}],"wp:term":[{"taxonomy":"category","embeddable":true,"href":"https:\/\/www.upo.es\/diario\/wp-json\/wp\/v2\/categories?post=30873116"},{"taxonomy":"post_tag","embeddable":true,"href":"https:\/\/www.upo.es\/diario\/wp-json\/wp\/v2\/tags?post=30873116"}],"curies":[{"name":"wp","href":"https:\/\/api.w.org\/{rel}","templated":true}]}}