{"id":30873118,"date":"2022-06-02T15:02:07","date_gmt":"2022-06-02T13:02:07","guid":{"rendered":"https:\/\/www.upo.es\/diario\/?p=30873118"},"modified":"2022-06-03T09:45:58","modified_gmt":"2022-06-03T07:45:58","slug":"la-escalera-teatro-presenta-en-sevilla-welcome-to-maravilla-una-obra-colectiva-sobre-las-consecuencias-del-turismo","status":"publish","type":"post","link":"https:\/\/www.upo.es\/diario\/cultura\/2022\/06\/la-escalera-teatro-presenta-en-sevilla-welcome-to-maravilla-una-obra-colectiva-sobre-las-consecuencias-del-turismo\/","title":{"rendered":"La Escalera Teatro presenta en Sevilla \u2018Welcome to Maravilla\u2019, una obra colectiva sobre las consecuencias del turismo"},"content":{"rendered":"<p><img loading=\"lazy\" decoding=\"async\" class=\"alignright size-medium wp-image-30871931\" src=\"https:\/\/www.upo.es\/diario\/wp-content\/uploads\/2022\/04\/welcome-to-maravilla-255x360.jpg\" alt=\"Welcome to Maravilla\" width=\"255\" height=\"360\" srcset=\"https:\/\/www.upo.es\/diario\/wp-content\/uploads\/2022\/04\/welcome-to-maravilla-255x360.jpg 255w, https:\/\/www.upo.es\/diario\/wp-content\/uploads\/2022\/04\/welcome-to-maravilla-530x750.jpg 530w, https:\/\/www.upo.es\/diario\/wp-content\/uploads\/2022\/04\/welcome-to-maravilla.jpg 625w\" sizes=\"auto, (max-width: 255px) 100vw, 255px\" \/>\u2018Welcome to Maravilla\u2019,<strong> la nueva producci\u00f3n de La Escalera Teatro, es una obra colectiva dirigida por Piermario Salerno y podr\u00e1 verse en la sala La Fundici\u00f3n<\/strong> (C\/ Habana, 18) los pr\u00f3ximos d\u00edas 8 y 10 de junio. Tras su estreno en C\u00e1diz dentro del circuito de teatro universitario, <strong>la obra creada por estudiantes del Aula de Artes Esc\u00e9nicas de la Universidad Pablo de Olavide se representar\u00e1 por primera vez en Sevilla<\/strong>.<\/p>\n<p><strong>Los textos de la nueva obra de La Escalera Teatro, adem\u00e1s de la producci\u00f3n, la m\u00fasica, el vestuario y la iluminaci\u00f3n, son una creaci\u00f3n colectiva del grupo de teatro<\/strong>, bajo la direcci\u00f3n de Piermario Salerno. \u201cNo trabajamos sobre un texto que ya existe, sino que lo creamos desde cero a partir de la b\u00fasqueda de material relacionado con el tema elegido\u201d, explica Salerno sobre el m\u00e9todo seguido para la producci\u00f3n de \u2018Welcome to Maravilla\u2019.<\/p>\n<p>La obra gira en torno a la transformaci\u00f3n sufrida por las ciudades debida al turismo. Como comenta Piermario Salerno, director art\u00edstico del Aula de Artes Esc\u00e9nicas de la UPO, \u201clos responsables pol\u00edticos nos convencen de que el turismo es la \u00fanica fuente de ingresos posible, vendiendo la ciudad a las empresas del sector. \u00bfLas consecuencias? Comercios locales convertidos en bares, alquileres imposibles, centenares de viviendas convertidas en BnB, periferias abandonadas\u2026 Las ciudades se convierten en parques de atracciones, perdiendo su alma y volvi\u00e9ndose inh\u00f3spitas para quienes las habitan\u201d.<\/p>\n<p><a href=\"https:\/\/www.upo.es\/upsc\/extension_cultural\/artes-y-formacion\/\">La Escalera Teatro<\/a> es el grupo formado por alumnas y alumnos del Aula de Artes Esc\u00e9nicas de la Universidad Pablo de Olavide, un proyecto coordinado por el Servicio de Extensi\u00f3n Cultural; un espacio de formaci\u00f3n en artes esc\u00e9nicas, danza y teatro que forma parte del programa de Artes y Formaci\u00f3n de la Universidad.<\/p>\n<p><strong><em>WELCOME TO MARAVILLA<br \/>\n<\/em><\/strong><strong>Teatro La Fundici\u00f3n<\/strong> (C\/ Habana, 18)<br \/>\n<strong>8 y 10 de junio de 2022<br \/>\n<\/strong><strong>20 horas<br \/>\n<\/strong>Entradas: <a href=\"https:\/\/entradium.com\/events\/welcome-to-maravilla\">https:\/\/entradium.com\/events\/welcome-to-maravilla<\/a><\/p>\n<p><strong>Direcci\u00f3n y dramaturgia:<\/strong> Piermario Salerno.<br \/>\n<strong>Producci\u00f3n, textos. vestuario, m\u00fasica y dise\u00f1o de iluminaci\u00f3n:<\/strong> La Escalera Teatro.<br \/>\n<strong>Equipo art\u00edstico:<br \/>\n<\/strong>Pablo Montabes de la Calle<br \/>\nDiego Barrios Lumbreras<br \/>\nJuan Jes\u00fas Gonz\u00e1lez Rivero<br \/>\nJorge Francisco Rama Perez-Girones<br \/>\nGonzalo Garc\u00eda Bartolom\u00e9<br \/>\nMar\u00eda Del Bosch Mar\u00edn<br \/>\n\u00c1ngela De la Cruz Hern\u00e1ndez Carrasco<br \/>\nMar\u00eda In\u00e9s \u00c1vila Salvatierra<br \/>\nAlicia M\u00e1rquez P\u00e9rez<br \/>\nAlba Valero Fern\u00e1ndez<br \/>\nMiguel Mar\u00edn Mestre<br \/>\nMarta Le\u00f3n Waldmann<br \/>\nMar\u00eda Tejada Schumacher<br \/>\nAgust\u00edn Mart\u00edn N\u00fa\u00f1ez<br \/>\nIrene Mart\u00ednez Le\u00f3n<br \/>\nMarta Mart\u00ednez Andr\u00e9s<br \/>\nMar\u00eda P\u00e9rez Pag\u00e9s<br \/>\nMar\u00eda Bazaga Ropero<br \/>\nLuna Barcia Fern\u00e1ndez<br \/>\nMart\u00edn Issac Davalos Ramos<br \/>\nAntonia Corona Aguilar<br \/>\nClaudio Valerio Brito Oliveira<br \/>\nAshley Toledo Rodr\u00edguez<br \/>\nMar\u00eda Jos\u00e9 Malpica Soto<\/p>\n<p>&nbsp;<\/p>\n","protected":false},"excerpt":{"rendered":"<p>\u2018Welcome to Maravilla\u2019, la nueva producci\u00f3n de La Escalera Teatro, es una obra colectiva dirigida por Piermario Salerno y podr\u00e1 verse en la sala La Fundici\u00f3n (C\/ Habana, 18) los pr\u00f3ximos d\u00edas 8 y 10 de junio. Tras su estreno en C\u00e1diz dentro del circuito de teatro universitario, la obra creada por estudiantes del Aula de Artes Esc\u00e9nicas de la Universidad Pablo de Olavide se representar\u00e1 por primera vez en Sevilla. <\/p>\n","protected":false},"author":6,"featured_media":30871931,"comment_status":"closed","ping_status":"open","sticky":false,"template":"","format":"standard","meta":{"_monsterinsights_skip_tracking":false,"_monsterinsights_sitenote_active":false,"_monsterinsights_sitenote_note":"","_monsterinsights_sitenote_category":0,"footnotes":""},"categories":[7],"tags":[4118,73,4117,3746,95,7194],"class_list":["post-30873118","post","type-post","status-publish","format-standard","has-post-thumbnail","hentry","category-cultura","tag-aula-de-artes-escenicas","tag-la-escalera-teatro","tag-sala-la-fundicion","tag-servicio-de-extension-cultural","tag-teatro","tag-vicerrectorado-de-cultura-y-politicas-sociales"],"_links":{"self":[{"href":"https:\/\/www.upo.es\/diario\/wp-json\/wp\/v2\/posts\/30873118","targetHints":{"allow":["GET"]}}],"collection":[{"href":"https:\/\/www.upo.es\/diario\/wp-json\/wp\/v2\/posts"}],"about":[{"href":"https:\/\/www.upo.es\/diario\/wp-json\/wp\/v2\/types\/post"}],"author":[{"embeddable":true,"href":"https:\/\/www.upo.es\/diario\/wp-json\/wp\/v2\/users\/6"}],"replies":[{"embeddable":true,"href":"https:\/\/www.upo.es\/diario\/wp-json\/wp\/v2\/comments?post=30873118"}],"version-history":[{"count":2,"href":"https:\/\/www.upo.es\/diario\/wp-json\/wp\/v2\/posts\/30873118\/revisions"}],"predecessor-version":[{"id":30873132,"href":"https:\/\/www.upo.es\/diario\/wp-json\/wp\/v2\/posts\/30873118\/revisions\/30873132"}],"wp:featuredmedia":[{"embeddable":true,"href":"https:\/\/www.upo.es\/diario\/wp-json\/wp\/v2\/media\/30871931"}],"wp:attachment":[{"href":"https:\/\/www.upo.es\/diario\/wp-json\/wp\/v2\/media?parent=30873118"}],"wp:term":[{"taxonomy":"category","embeddable":true,"href":"https:\/\/www.upo.es\/diario\/wp-json\/wp\/v2\/categories?post=30873118"},{"taxonomy":"post_tag","embeddable":true,"href":"https:\/\/www.upo.es\/diario\/wp-json\/wp\/v2\/tags?post=30873118"}],"curies":[{"name":"wp","href":"https:\/\/api.w.org\/{rel}","templated":true}]}}