{"id":30873131,"date":"2022-06-03T09:57:16","date_gmt":"2022-06-03T07:57:16","guid":{"rendered":"https:\/\/www.upo.es\/diario\/?p=30873131"},"modified":"2022-06-03T10:00:44","modified_gmt":"2022-06-03T08:00:44","slug":"ceremonia-de-fin-de-grado-de-relaciones-laborales-y-recursos-humanos-y-el-doble-grado-con-derecho","status":"publish","type":"post","link":"https:\/\/www.upo.es\/diario\/comunidad\/2022\/06\/ceremonia-de-fin-de-grado-de-relaciones-laborales-y-recursos-humanos-y-el-doble-grado-con-derecho\/","title":{"rendered":"Ceremonia de Fin de Grado de Relaciones Laborales y Recursos Humanos y el Doble Grado con Derecho"},"content":{"rendered":"<figure id=\"attachment_30873135\" aria-describedby=\"caption-attachment-30873135\" style=\"width: 750px\" class=\"wp-caption aligncenter\"><a href=\"https:\/\/www.upo.es\/diario\/wp-content\/uploads\/2022\/06\/egresados_0206022.jpg\"><img loading=\"lazy\" decoding=\"async\" class=\"size-large wp-image-30873135\" src=\"https:\/\/www.upo.es\/diario\/wp-content\/uploads\/2022\/06\/egresados_0206022-750x500.jpg\" alt=\"\" width=\"750\" height=\"500\" srcset=\"https:\/\/www.upo.es\/diario\/wp-content\/uploads\/2022\/06\/egresados_0206022-750x500.jpg 750w, https:\/\/www.upo.es\/diario\/wp-content\/uploads\/2022\/06\/egresados_0206022-385x257.jpg 385w, https:\/\/www.upo.es\/diario\/wp-content\/uploads\/2022\/06\/egresados_0206022-768x512.jpg 768w, https:\/\/www.upo.es\/diario\/wp-content\/uploads\/2022\/06\/egresados_0206022-1536x1024.jpg 1536w, https:\/\/www.upo.es\/diario\/wp-content\/uploads\/2022\/06\/egresados_0206022-165x109.jpg 165w, https:\/\/www.upo.es\/diario\/wp-content\/uploads\/2022\/06\/egresados_0206022-1320x880.jpg 1320w, https:\/\/www.upo.es\/diario\/wp-content\/uploads\/2022\/06\/egresados_0206022.jpg 1800w\" sizes=\"auto, (max-width: 750px) 100vw, 750px\" \/><\/a><figcaption id=\"caption-attachment-30873135\" class=\"wp-caption-text\">Promoci\u00f3n 2018\/2022 de Relaciones Laborales y Recursos Humanos y promoci\u00f3n 2017\/2022 del Doble Grado en Derecho y Relaciones Laborales y Recursos Humanos.<\/figcaption><\/figure>\n<p>La ceremonia de fin de grado de la promoci\u00f3n 2018\/2022 de Relaciones Laborales y Recursos Humanos y de la promoci\u00f3n 2017\/2022 del Doble Grado en Derecho y Relaciones Laborales y Recursos Humanos se celebr\u00f3 ayer jueves en el Paraninfo de la Universidad Pablo de Olavide. El acto fue presidido por la decana de la Facultad de Derecho, Mar\u00eda Serrano Fern\u00e1ndez.<\/p>\n<figure id=\"attachment_30873133\" aria-describedby=\"caption-attachment-30873133\" style=\"width: 385px\" class=\"wp-caption alignright\"><a href=\"https:\/\/www.upo.es\/diario\/wp-content\/uploads\/2022\/06\/220602UPO_050-scaled.jpeg\"><img loading=\"lazy\" decoding=\"async\" class=\"size-medium wp-image-30873133\" src=\"https:\/\/www.upo.es\/diario\/wp-content\/uploads\/2022\/06\/220602UPO_050-385x256.jpeg\" alt=\"\" width=\"385\" height=\"256\" srcset=\"https:\/\/www.upo.es\/diario\/wp-content\/uploads\/2022\/06\/220602UPO_050-385x256.jpeg 385w, https:\/\/www.upo.es\/diario\/wp-content\/uploads\/2022\/06\/220602UPO_050-750x499.jpeg 750w, https:\/\/www.upo.es\/diario\/wp-content\/uploads\/2022\/06\/220602UPO_050-768x511.jpeg 768w, https:\/\/www.upo.es\/diario\/wp-content\/uploads\/2022\/06\/220602UPO_050-1536x1021.jpeg 1536w, https:\/\/www.upo.es\/diario\/wp-content\/uploads\/2022\/06\/220602UPO_050-2048x1362.jpeg 2048w, https:\/\/www.upo.es\/diario\/wp-content\/uploads\/2022\/06\/220602UPO_050-165x109.jpeg 165w, https:\/\/www.upo.es\/diario\/wp-content\/uploads\/2022\/06\/220602UPO_050-1320x878.jpeg 1320w\" sizes=\"auto, (max-width: 385px) 100vw, 385px\" \/><\/a><figcaption id=\"caption-attachment-30873133\" class=\"wp-caption-text\">Mar\u00eda Dolores Montero Tey, jueza de lo Social n\u00ba 8 de Sevilla y madrina de las promociones.<\/figcaption><\/figure>\n<p>La madrina de las promociones ha sido Mar\u00eda Dolores Montero Tey, jueza de lo Social n\u00ba 8 de Sevilla. A la ceremonia tambi\u00e9n han asistido C\u00e9sar Hornero M\u00e9ndez, director del Departamento de Derecho Privado de la UPO; Manuel Garc\u00eda Mu\u00f1oz, vicedecano de Pr\u00e1cticas y Orientaci\u00f3n Profesional de la Facultad de Derecho, y Olga Garc\u00eda Coca, directora acad\u00e9mica del Grado en Relaciones Laborales y Recursos Humanos.<\/p>\n<p>En representaci\u00f3n del alumnado egresado, pronunciaron los discursos Elena Brazo Fern\u00e1ndez del Grado en Relaciones Laborales y Recursos Humanos, y Juan Antonio Trivi\u00f1o S\u00e1nchez del Doble Grado en Derecho y Relaciones Laborales y Recursos Humanos. Un total de 84 egresados y egresadas asistieron, junto a sus familiares, a este acto con el que la Universidad Pablo de Olavide recupera una antigua tradici\u00f3n de las universidades europeas.<\/p>\n<p>&nbsp;<\/p>\n<p>&nbsp;<\/p>\n<p>&nbsp;<\/p>\n<p>&nbsp;<\/p>\n","protected":false},"excerpt":{"rendered":"<p>La ceremonia de fin de grado de la promoci\u00f3n 2018\/2022 de Relaciones Laborales y Recursos Humanos y de la promoci\u00f3n 2017\/2022 del Doble Grado en Derecho y Relaciones Laborales y Recursos Humanos se ha celebrado en el Paraninfo de la Universidad Pablo de Olavide. Un total de 84 egresados y egresadas asistieron a este acto con el que la UPO recupera una antigua tradici\u00f3n de las universidades europeas. <\/p>\n","protected":false},"author":4,"featured_media":30873135,"comment_status":"closed","ping_status":"open","sticky":false,"template":"","format":"standard","meta":{"_monsterinsights_skip_tracking":false,"_monsterinsights_sitenote_active":false,"_monsterinsights_sitenote_note":"","_monsterinsights_sitenote_category":0,"footnotes":""},"categories":[5842],"tags":[581,5073,81,1390],"class_list":["post-30873131","post","type-post","status-publish","format-standard","has-post-thumbnail","hentry","category-comunidad","tag-ceremonia-de-egresados","tag-doble-grado-en-derecho-y-relaciones-laborales-y-recursos-humanos","tag-facultad-de-derecho","tag-grado-en-relaciones-laborales-y-recursos-humanos"],"_links":{"self":[{"href":"https:\/\/www.upo.es\/diario\/wp-json\/wp\/v2\/posts\/30873131","targetHints":{"allow":["GET"]}}],"collection":[{"href":"https:\/\/www.upo.es\/diario\/wp-json\/wp\/v2\/posts"}],"about":[{"href":"https:\/\/www.upo.es\/diario\/wp-json\/wp\/v2\/types\/post"}],"author":[{"embeddable":true,"href":"https:\/\/www.upo.es\/diario\/wp-json\/wp\/v2\/users\/4"}],"replies":[{"embeddable":true,"href":"https:\/\/www.upo.es\/diario\/wp-json\/wp\/v2\/comments?post=30873131"}],"version-history":[{"count":2,"href":"https:\/\/www.upo.es\/diario\/wp-json\/wp\/v2\/posts\/30873131\/revisions"}],"predecessor-version":[{"id":30873137,"href":"https:\/\/www.upo.es\/diario\/wp-json\/wp\/v2\/posts\/30873131\/revisions\/30873137"}],"wp:featuredmedia":[{"embeddable":true,"href":"https:\/\/www.upo.es\/diario\/wp-json\/wp\/v2\/media\/30873135"}],"wp:attachment":[{"href":"https:\/\/www.upo.es\/diario\/wp-json\/wp\/v2\/media?parent=30873131"}],"wp:term":[{"taxonomy":"category","embeddable":true,"href":"https:\/\/www.upo.es\/diario\/wp-json\/wp\/v2\/categories?post=30873131"},{"taxonomy":"post_tag","embeddable":true,"href":"https:\/\/www.upo.es\/diario\/wp-json\/wp\/v2\/tags?post=30873131"}],"curies":[{"name":"wp","href":"https:\/\/api.w.org\/{rel}","templated":true}]}}