{"id":30873157,"date":"2022-06-06T12:36:59","date_gmt":"2022-06-06T10:36:59","guid":{"rendered":"https:\/\/www.upo.es\/diario\/?p=30873157"},"modified":"2022-06-06T12:36:59","modified_gmt":"2022-06-06T10:36:59","slug":"ceremonia-de-fin-de-grado-de-ciencias-politicas-y-de-la-administracion-y-el-doble-grado-con-derecho","status":"publish","type":"post","link":"https:\/\/www.upo.es\/diario\/comunidad\/2022\/06\/ceremonia-de-fin-de-grado-de-ciencias-politicas-y-de-la-administracion-y-el-doble-grado-con-derecho\/","title":{"rendered":"Ceremonia de Fin de Grado de Ciencias Pol\u00edticas y de la Administraci\u00f3n y el Doble Grado con Derecho"},"content":{"rendered":"<figure id=\"attachment_30873158\" aria-describedby=\"caption-attachment-30873158\" style=\"width: 750px\" class=\"wp-caption aligncenter\"><a href=\"https:\/\/www.upo.es\/diario\/wp-content\/uploads\/2022\/06\/egresados_03062022.jpg\"><img loading=\"lazy\" decoding=\"async\" class=\"size-large wp-image-30873158\" src=\"https:\/\/www.upo.es\/diario\/wp-content\/uploads\/2022\/06\/egresados_03062022-750x500.jpg\" alt=\"\" width=\"750\" height=\"500\" srcset=\"https:\/\/www.upo.es\/diario\/wp-content\/uploads\/2022\/06\/egresados_03062022-750x500.jpg 750w, https:\/\/www.upo.es\/diario\/wp-content\/uploads\/2022\/06\/egresados_03062022-385x257.jpg 385w, https:\/\/www.upo.es\/diario\/wp-content\/uploads\/2022\/06\/egresados_03062022-768x512.jpg 768w, https:\/\/www.upo.es\/diario\/wp-content\/uploads\/2022\/06\/egresados_03062022-1536x1024.jpg 1536w, https:\/\/www.upo.es\/diario\/wp-content\/uploads\/2022\/06\/egresados_03062022-165x109.jpg 165w, https:\/\/www.upo.es\/diario\/wp-content\/uploads\/2022\/06\/egresados_03062022-1320x880.jpg 1320w, https:\/\/www.upo.es\/diario\/wp-content\/uploads\/2022\/06\/egresados_03062022.jpg 1800w\" sizes=\"auto, (max-width: 750px) 100vw, 750px\" \/><\/a><figcaption id=\"caption-attachment-30873158\" class=\"wp-caption-text\">Promoci\u00f3n 2018\/2022 en Ciencias Pol\u00edticas y de la Administraci\u00f3n y de la promoci\u00f3n 2017\/2022 del Doble Grado en Derecho y Ciencias Pol\u00edticas y de la Administraci\u00f3n.<\/figcaption><\/figure>\n<p>La ceremonia de fin de grado de la promoci\u00f3n 2018\/2022 en Ciencias Pol\u00edticas y de la Administraci\u00f3n y de la promoci\u00f3n 2017\/2022 del Doble Grado en Derecho y Ciencias Pol\u00edticas y de la Administraci\u00f3n se celebr\u00f3 el pasado viernes en el Paraninfo de la Universidad Pablo de Olavide. El acto fue presidido por la decana de la Facultad de Derecho, Mar\u00eda Serrano Fern\u00e1ndez.<\/p>\n<p>La madrina de las promociones ha sido Teresa Jim\u00e9nez-Becerril Barrio, adjunta primera del Defensor del Pueblo. A la ceremonia tambi\u00e9n han asistido Luis Miguel Arroyo Yanes, director del Departamento de Derecho P\u00fablico de la UPO; Reyes P\u00e9rez Alberdi, vicedecana de Ordenaci\u00f3n Docente de la Facultad de Derecho, y Guillem Colom Piella, director acad\u00e9mico del Grado en Ciencias Pol\u00edticas y dela Administraci\u00f3n.<\/p>\n<p>En representaci\u00f3n del alumnado egresado, pronunciaron los discursos Patricia Dorado Ponce y \u00c1lvaro Rodr\u00edguez Exp\u00f3sito del Grado en Ciencias Pol\u00edticas y de la Administraci\u00f3n; y Ignacio Jos\u00e9 Aguilar Ferrera y Luz Victoria Mart\u00ednez Osorio del Doble Grado en Derecho y Ciencias Pol\u00edticas y de la Administraci\u00f3n. Un total de 74 egresados y egresadas asistieron, junto a sus familiares, a este acto con el que la Universidad Pablo de Olavide recupera una antigua tradici\u00f3n de las universidades europeas.<\/p>\n","protected":false},"excerpt":{"rendered":"<p>La ceremonia de fin de grado de la promoci\u00f3n 2018\/2022 en Ciencias Pol\u00edticas y de la Administraci\u00f3n y de la promoci\u00f3n 2017\/2022 del Doble Grado en Derecho y Ciencias Pol\u00edticas y de la Administraci\u00f3n se ha celebrado en el Paraninfo de la Universidad Pablo de Olavide. Un total de 74 egresados y egresadas asistieron, junto a sus familiares, a este acto con el que la UPO recupera una antigua tradici\u00f3n de las universidades europeas.<\/p>\n","protected":false},"author":4,"featured_media":30873158,"comment_status":"closed","ping_status":"open","sticky":false,"template":"","format":"standard","meta":{"_monsterinsights_skip_tracking":false,"_monsterinsights_sitenote_active":false,"_monsterinsights_sitenote_note":"","_monsterinsights_sitenote_category":0,"footnotes":""},"categories":[5842],"tags":[581,2379,81,2378],"class_list":["post-30873157","post","type-post","status-publish","format-standard","has-post-thumbnail","hentry","category-comunidad","tag-ceremonia-de-egresados","tag-doble-grado-en-derecho-y-ciencias-politicas","tag-facultad-de-derecho","tag-grado-en-ciencias-politicas-y-de-la-administracion"],"_links":{"self":[{"href":"https:\/\/www.upo.es\/diario\/wp-json\/wp\/v2\/posts\/30873157","targetHints":{"allow":["GET"]}}],"collection":[{"href":"https:\/\/www.upo.es\/diario\/wp-json\/wp\/v2\/posts"}],"about":[{"href":"https:\/\/www.upo.es\/diario\/wp-json\/wp\/v2\/types\/post"}],"author":[{"embeddable":true,"href":"https:\/\/www.upo.es\/diario\/wp-json\/wp\/v2\/users\/4"}],"replies":[{"embeddable":true,"href":"https:\/\/www.upo.es\/diario\/wp-json\/wp\/v2\/comments?post=30873157"}],"version-history":[{"count":1,"href":"https:\/\/www.upo.es\/diario\/wp-json\/wp\/v2\/posts\/30873157\/revisions"}],"predecessor-version":[{"id":30873159,"href":"https:\/\/www.upo.es\/diario\/wp-json\/wp\/v2\/posts\/30873157\/revisions\/30873159"}],"wp:featuredmedia":[{"embeddable":true,"href":"https:\/\/www.upo.es\/diario\/wp-json\/wp\/v2\/media\/30873158"}],"wp:attachment":[{"href":"https:\/\/www.upo.es\/diario\/wp-json\/wp\/v2\/media?parent=30873157"}],"wp:term":[{"taxonomy":"category","embeddable":true,"href":"https:\/\/www.upo.es\/diario\/wp-json\/wp\/v2\/categories?post=30873157"},{"taxonomy":"post_tag","embeddable":true,"href":"https:\/\/www.upo.es\/diario\/wp-json\/wp\/v2\/tags?post=30873157"}],"curies":[{"name":"wp","href":"https:\/\/api.w.org\/{rel}","templated":true}]}}