{"id":30873160,"date":"2022-06-06T14:01:19","date_gmt":"2022-06-06T12:01:19","guid":{"rendered":"https:\/\/www.upo.es\/diario\/?p=30873160"},"modified":"2022-06-06T15:29:01","modified_gmt":"2022-06-06T13:29:01","slug":"estudiantes-de-la-facultad-de-derecho-de-la-upo-presentan-en-la-sede-de-la-otan-los-resultados-de-la-clinica-juridica-upo-otan","status":"publish","type":"post","link":"https:\/\/www.upo.es\/diario\/comunidad\/2022\/06\/estudiantes-de-la-facultad-de-derecho-de-la-upo-presentan-en-la-sede-de-la-otan-los-resultados-de-la-clinica-juridica-upo-otan\/","title":{"rendered":"Estudiantes de la Facultad de Derecho de la UPO presentan en la sede de la OTAN los resultados de la Cl\u00ednica Jur\u00eddica UPO-OTAN"},"content":{"rendered":"<p><a href=\"https:\/\/www.upo.es\/diario\/wp-content\/uploads\/2022\/06\/est-FDER-sede-OTAN-scaled.jpg\"><img loading=\"lazy\" decoding=\"async\" class=\"aligncenter size-large wp-image-30873162\" src=\"https:\/\/www.upo.es\/diario\/wp-content\/uploads\/2022\/06\/est-FDER-sede-OTAN-750x442.jpg\" alt=\"estudiantes de la UPO en la sede de la OTAN en Mons (B\u00e9lgica)\" width=\"750\" height=\"442\" srcset=\"https:\/\/www.upo.es\/diario\/wp-content\/uploads\/2022\/06\/est-FDER-sede-OTAN-750x442.jpg 750w, https:\/\/www.upo.es\/diario\/wp-content\/uploads\/2022\/06\/est-FDER-sede-OTAN-385x227.jpg 385w, https:\/\/www.upo.es\/diario\/wp-content\/uploads\/2022\/06\/est-FDER-sede-OTAN-768x453.jpg 768w, https:\/\/www.upo.es\/diario\/wp-content\/uploads\/2022\/06\/est-FDER-sede-OTAN-1536x906.jpg 1536w, https:\/\/www.upo.es\/diario\/wp-content\/uploads\/2022\/06\/est-FDER-sede-OTAN-2048x1208.jpg 2048w, https:\/\/www.upo.es\/diario\/wp-content\/uploads\/2022\/06\/est-FDER-sede-OTAN-1320x779.jpg 1320w\" sizes=\"auto, (max-width: 750px) 100vw, 750px\" \/><\/a>Durante el curso acad\u00e9mico 2021\/2022 han participado en la Cl\u00ednica Jur\u00eddica UPO-OTAN cuatro estudiantes de la Facultad de Derecho. <strong>Bel\u00e9n Venteo<\/strong>, del Doble Grado en Ciencias Pol\u00edticas y Sociolog\u00eda, y <strong>Miriam R\u00edos, Reyes Venegas y Jos\u00e9 P\u00e9rez<\/strong>, estudiantes del Doble Grado en Relaciones Internacionales y Derecho, que han elaborado el informe titulado <strong>\u2018<em>The Afghan Refugee Crisis \u2013 Grounds for seeking asylum and comparison with other crisis<\/em>\u2019<\/strong>. Las profesoras en la UPO de Derecho Internacional p\u00fablico <strong>Reyes Jim\u00e9nez <\/strong>y<strong> Gloria Fern\u00e1ndez<\/strong>, esta \u00faltima directora acad\u00e9mica de la Cl\u00ednica, han llevado a cabo la supervisi\u00f3n del informe presentado por los estudiantes en la sede de la OTAN en Mons (B\u00e9lgica).<\/p>\n<p><a href=\"https:\/\/www.upo.es\/diario\/wp-content\/uploads\/2022\/06\/est-FDER-sede-OTAN-2.jpg\"><img loading=\"lazy\" decoding=\"async\" class=\"alignright size-medium wp-image-30873163\" src=\"https:\/\/www.upo.es\/diario\/wp-content\/uploads\/2022\/06\/est-FDER-sede-OTAN-2-385x235.jpg\" alt=\"\" width=\"385\" height=\"235\" srcset=\"https:\/\/www.upo.es\/diario\/wp-content\/uploads\/2022\/06\/est-FDER-sede-OTAN-2-385x235.jpg 385w, https:\/\/www.upo.es\/diario\/wp-content\/uploads\/2022\/06\/est-FDER-sede-OTAN-2-750x458.jpg 750w, https:\/\/www.upo.es\/diario\/wp-content\/uploads\/2022\/06\/est-FDER-sede-OTAN-2-768x469.jpg 768w, https:\/\/www.upo.es\/diario\/wp-content\/uploads\/2022\/06\/est-FDER-sede-OTAN-2.jpg 793w\" sizes=\"auto, (max-width: 385px) 100vw, 385px\" \/><\/a>Esta oportunidad \u00fanica para conocer desde dentro una de las principales entidades internacionales ha sido posible gracias a la financiaci\u00f3n de la <a href=\"https:\/\/www.upo.es\/diario\/institucional\/2022\/05\/la-facultad-de-derecho-destina-casi-la-mitad-de-su-presupuesto-a-sufragar-actividades-academicas-de-estudiantes-y-profesorado\/\">Facultad de Derecho<\/a> de la Universidad Pablo de Olavide, a trav\u00e9s de su programa de <strong>ayudas para la realizaci\u00f3n de actividades acad\u00e9micas de estudiantes.<\/strong> Durante su estancia en la sede de la OTAN en Mons los estudiantes tambi\u00e9n tuvieron la oportunidad de asistir al Seminario \u2018Desaf\u00edos y Amenazas actuales de la OTAN. Una perspectiva Jur\u00eddica\u2019, organizado por la Oficina Jur\u00eddica de la OTAN.<\/p>\n<p>La <a href=\"https:\/\/www.upo.es\/diario\/docencia-formacion\/2020\/12\/la-clinica-juridica-upo-otan-comienza-su-andadura\/\">Cl\u00ednica Jur\u00eddica UPO-OTAN<\/a>, creada mediante un acuerdo entre la Universidad Pablo de Olavide y el Cuartel General Supremo de las Potencias Aliadas en Europa (SHAPE, por sus siglas en ingl\u00e9s, <em>Supreme Headquarters Allied Powers Europe<\/em>) y establecida en el Facultad de Derecho, tiene como finalidad alentar a los estudiantes a profundizar en sus habilidades de investigaci\u00f3n desde la perspectiva de la pr\u00e1ctica jur\u00eddica internacional, y busca tambi\u00e9n convertirse en una plataforma para intercambiar ideas y desaf\u00edos jur\u00eddicos entre acad\u00e9micos, estudiantes y asesores jur\u00eddicos de la OTAN.<\/p>\n<p>&nbsp;<\/p>\n","protected":false},"excerpt":{"rendered":"<p>Durante el curso acad\u00e9mico 2021\/2022 han participado en la Cl\u00ednica Jur\u00eddica UPO-OTAN cuatro estudiantes de la Facultad de Derecho. Bel\u00e9n Venteo, del Doble Grado en Ciencias Pol\u00edticas y Sociolog\u00eda, y Miriam R\u00edos, Reyes Venegas y Jos\u00e9 P\u00e9rez, estudiantes del Doble Grado en Relaciones Internacionales y Derecho, que han elaborado el informe titulado \u2018The Afghan Refugee Crisis \u2013 Grounds for seeking asylum and comparison with other crisis\u2019.<\/p>\n","protected":false},"author":6,"featured_media":30873162,"comment_status":"closed","ping_status":"open","sticky":false,"template":"","format":"standard","meta":{"_monsterinsights_skip_tracking":false,"_monsterinsights_sitenote_active":false,"_monsterinsights_sitenote_note":"","_monsterinsights_sitenote_category":0,"footnotes":""},"categories":[5842],"tags":[7161,21,81,925],"class_list":["post-30873160","post","type-post","status-publish","format-standard","has-post-thumbnail","hentry","category-comunidad","tag-clinica-juridica-upo-otan","tag-estudiantes","tag-facultad-de-derecho","tag-internacionalizacion"],"_links":{"self":[{"href":"https:\/\/www.upo.es\/diario\/wp-json\/wp\/v2\/posts\/30873160","targetHints":{"allow":["GET"]}}],"collection":[{"href":"https:\/\/www.upo.es\/diario\/wp-json\/wp\/v2\/posts"}],"about":[{"href":"https:\/\/www.upo.es\/diario\/wp-json\/wp\/v2\/types\/post"}],"author":[{"embeddable":true,"href":"https:\/\/www.upo.es\/diario\/wp-json\/wp\/v2\/users\/6"}],"replies":[{"embeddable":true,"href":"https:\/\/www.upo.es\/diario\/wp-json\/wp\/v2\/comments?post=30873160"}],"version-history":[{"count":2,"href":"https:\/\/www.upo.es\/diario\/wp-json\/wp\/v2\/posts\/30873160\/revisions"}],"predecessor-version":[{"id":30873164,"href":"https:\/\/www.upo.es\/diario\/wp-json\/wp\/v2\/posts\/30873160\/revisions\/30873164"}],"wp:featuredmedia":[{"embeddable":true,"href":"https:\/\/www.upo.es\/diario\/wp-json\/wp\/v2\/media\/30873162"}],"wp:attachment":[{"href":"https:\/\/www.upo.es\/diario\/wp-json\/wp\/v2\/media?parent=30873160"}],"wp:term":[{"taxonomy":"category","embeddable":true,"href":"https:\/\/www.upo.es\/diario\/wp-json\/wp\/v2\/categories?post=30873160"},{"taxonomy":"post_tag","embeddable":true,"href":"https:\/\/www.upo.es\/diario\/wp-json\/wp\/v2\/tags?post=30873160"}],"curies":[{"name":"wp","href":"https:\/\/api.w.org\/{rel}","templated":true}]}}