{"id":30873250,"date":"2022-06-09T09:44:34","date_gmt":"2022-06-09T07:44:34","guid":{"rendered":"https:\/\/www.upo.es\/diario\/?p=30873250"},"modified":"2022-06-10T13:57:59","modified_gmt":"2022-06-10T11:57:59","slug":"la-atencion-temprana-y-los-retos-que-afronta-tras-la-pandemia-tema-de-un-seminario-este-jueves-en-al-upo","status":"publish","type":"post","link":"https:\/\/www.upo.es\/diario\/docencia-formacion\/2022\/06\/la-atencion-temprana-y-los-retos-que-afronta-tras-la-pandemia-tema-de-un-seminario-este-jueves-en-al-upo\/","title":{"rendered":"La atenci\u00f3n temprana y los retos que afronta tras la pandemia, tema de un seminario este jueves en al UPO"},"content":{"rendered":"<figure id=\"attachment_30873261\" aria-describedby=\"caption-attachment-30873261\" style=\"width: 1874px\" class=\"wp-caption aligncenter\"><img loading=\"lazy\" decoding=\"async\" class=\"wp-image-30873261 size-full\" src=\"https:\/\/www.upo.es\/diario\/wp-content\/uploads\/2022\/06\/seminario-atencion-temprana-e1654862062555.jpg\" alt=\"\" width=\"1874\" height=\"1219\" srcset=\"https:\/\/www.upo.es\/diario\/wp-content\/uploads\/2022\/06\/seminario-atencion-temprana-e1654862062555.jpg 1874w, https:\/\/www.upo.es\/diario\/wp-content\/uploads\/2022\/06\/seminario-atencion-temprana-e1654862062555-385x250.jpg 385w, https:\/\/www.upo.es\/diario\/wp-content\/uploads\/2022\/06\/seminario-atencion-temprana-e1654862062555-750x488.jpg 750w, https:\/\/www.upo.es\/diario\/wp-content\/uploads\/2022\/06\/seminario-atencion-temprana-e1654862062555-768x500.jpg 768w, https:\/\/www.upo.es\/diario\/wp-content\/uploads\/2022\/06\/seminario-atencion-temprana-e1654862062555-1536x999.jpg 1536w, https:\/\/www.upo.es\/diario\/wp-content\/uploads\/2022\/06\/seminario-atencion-temprana-e1654862062555-1320x859.jpg 1320w\" sizes=\"auto, (max-width: 1874px) 100vw, 1874px\" \/><figcaption id=\"caption-attachment-30873261\" class=\"wp-caption-text\">Mar\u00eda J. Parejo, Roc\u00edo Reinoso, Antonio Guerrero, David Cobos y Katy Herrero<\/figcaption><\/figure>\n<p>El pr\u00f3ximo jueves 16 de junio se celebra el <strong>D\u00eda Nacional de la Atenci\u00f3n Temprana<\/strong>, fecha elegida por presentarse en este d\u00eda del a\u00f1o 2000 el <a href=\"http:\/\/gat-atenciontemprana.org\/wp-content\/uploads\/2019\/05\/LibroBlancoAtenci%C2%A6nTemprana.pdf\">Libro Blanco sobre Atenci\u00f3n Temprana<\/a>, documento editado por el Real Patronato sobre Discapacidad que la define como el conjunto de intervenciones que tienen por objetivo dar respuesta a las necesidades, transitorias o permanentes, que pueda padecer la poblaci\u00f3n infantil de hasta seis a\u00f1os con trastornos en su desarrollo, o con riesgo de padecerlos. Estas intervenciones, llevadas a cabo por profesionales de orientaci\u00f3n interdisciplinar, deben considerar la globalidad de los ni\u00f1os y ni\u00f1as, tratando de reducir los efectos de una deficiencia sobre el conjunto de su desarrollo.<\/p>\n<p>Para afrontar<strong> los retos a los que se enfrentan, tanto profesionales como entidades implicados en la atenci\u00f3n temprana, debido a la situaci\u00f3n social tras la pandemia de Covid-19<\/strong>, la C\u00e1tedra Fundaci\u00f3n Antonio Guerrero ha organizado este jueves, desde las 18:30 horas en la sala de grados del edificio 7, un seminario con la presencia de profesionales de la sanidad y profesoras y expertas en psicolog\u00eda, adem\u00e1s de la directora de la C\u00e1tedra, Mar\u00eda Jos\u00e9 Parejo Guzm\u00e1n, y de Antonio Guerrero, director de la Fundaci\u00f3n. Mar\u00eda del Carmen Cardosa, viceconsejera de Igualdad, Pol\u00edticas Sociales y Conciliaci\u00f3n de la Junta de Andaluc\u00eda, y Regina Serrano, delegada territorial de Sevilla, presentar\u00e1n el programa. La entrada es libre y gratuita hasta completarse el aforo.<\/p>\n<p>Promovida por la Universidad Pablo de Olavide y la Fundaci\u00f3n AK Antonio Guerrero, la <a href=\"https:\/\/www.upo.es\/diario\/institucional\/2022\/03\/upo-fundacion-ak-antonio-guerrero-catedra-atencion-diversidad-funcional-menores-jovenes\/\">C\u00e1tedra \u2018Fundaci\u00f3n Antonio Guerrero de atenci\u00f3n a la diversidad funcional de menores y j\u00f3venes\u2019<\/a> fue creada el pasado mes de marzo con el objetivo de fomentar un sistema integrado de actividades de investigaci\u00f3n, formaci\u00f3n y divulgaci\u00f3n en materia de integraci\u00f3n y diversidad funcional de menores y j\u00f3venes.<\/p>\n","protected":false},"excerpt":{"rendered":"<p>Para afrontar los retos a los que se enfrentan, tanto profesionales como entidades implicados en la atenci\u00f3n temprana, debido a la situaci\u00f3n social tras la pandemia de Covid-19, la C\u00e1tedra Fundaci\u00f3n Antonio Guerrero ha organizado este jueves, desde las 18:30 horas en la sala de grados del edificio 7, un seminario con la presencia de profesionales de la sanidad y profesoras y expertas en psicolog\u00eda, adem\u00e1s de la directora de la C\u00e1tedra, Mar\u00eda Jos\u00e9 Parejo Guzm\u00e1n, y de Antonio Guerrero, director de la Fundaci\u00f3n. Mar\u00eda del Carmen Cardosa, viceconsejera de Igualdad, Pol\u00edticas Sociales y Conciliaci\u00f3n de la Junta de Andaluc\u00eda, y Regina Serrano, delegada territorial de Sevilla, presentar\u00e1n el programa.<\/p>\n","protected":false},"author":6,"featured_media":30873261,"comment_status":"closed","ping_status":"open","sticky":false,"template":"","format":"standard","meta":{"_monsterinsights_skip_tracking":false,"_monsterinsights_sitenote_active":false,"_monsterinsights_sitenote_note":"","_monsterinsights_sitenote_category":0,"footnotes":""},"categories":[2779],"tags":[7527,358,2355,7807,7718,6391],"class_list":["post-30873250","post","type-post","status-publish","format-standard","has-post-thumbnail","hentry","category-docencia-formacion","tag-atencion-temprana","tag-catedra","tag-diversidad-funcional","tag-fundacion-antonio-guerrero","tag-maria-jose-parejo-guzman","tag-sadf"],"_links":{"self":[{"href":"https:\/\/www.upo.es\/diario\/wp-json\/wp\/v2\/posts\/30873250","targetHints":{"allow":["GET"]}}],"collection":[{"href":"https:\/\/www.upo.es\/diario\/wp-json\/wp\/v2\/posts"}],"about":[{"href":"https:\/\/www.upo.es\/diario\/wp-json\/wp\/v2\/types\/post"}],"author":[{"embeddable":true,"href":"https:\/\/www.upo.es\/diario\/wp-json\/wp\/v2\/users\/6"}],"replies":[{"embeddable":true,"href":"https:\/\/www.upo.es\/diario\/wp-json\/wp\/v2\/comments?post=30873250"}],"version-history":[{"count":3,"href":"https:\/\/www.upo.es\/diario\/wp-json\/wp\/v2\/posts\/30873250\/revisions"}],"predecessor-version":[{"id":30873263,"href":"https:\/\/www.upo.es\/diario\/wp-json\/wp\/v2\/posts\/30873250\/revisions\/30873263"}],"wp:featuredmedia":[{"embeddable":true,"href":"https:\/\/www.upo.es\/diario\/wp-json\/wp\/v2\/media\/30873261"}],"wp:attachment":[{"href":"https:\/\/www.upo.es\/diario\/wp-json\/wp\/v2\/media?parent=30873250"}],"wp:term":[{"taxonomy":"category","embeddable":true,"href":"https:\/\/www.upo.es\/diario\/wp-json\/wp\/v2\/categories?post=30873250"},{"taxonomy":"post_tag","embeddable":true,"href":"https:\/\/www.upo.es\/diario\/wp-json\/wp\/v2\/tags?post=30873250"}],"curies":[{"name":"wp","href":"https:\/\/api.w.org\/{rel}","templated":true}]}}