{"id":30873562,"date":"2022-06-20T10:57:01","date_gmt":"2022-06-20T08:57:01","guid":{"rendered":"https:\/\/www.upo.es\/diario\/?p=30873562"},"modified":"2022-06-20T10:57:01","modified_gmt":"2022-06-20T08:57:01","slug":"ceremonia-de-fin-de-grado-de-humanidades-y-del-doble-grado-con-traduccion-e-interpretacion","status":"publish","type":"post","link":"https:\/\/www.upo.es\/diario\/comunidad\/2022\/06\/ceremonia-de-fin-de-grado-de-humanidades-y-del-doble-grado-con-traduccion-e-interpretacion\/","title":{"rendered":"Ceremonia de Fin de Grado de Humanidades y del Doble Grado con Traducci\u00f3n e Interpretaci\u00f3n"},"content":{"rendered":"<figure id=\"attachment_30873563\" aria-describedby=\"caption-attachment-30873563\" style=\"width: 750px\" class=\"wp-caption aligncenter\"><a href=\"https:\/\/www.upo.es\/diario\/wp-content\/uploads\/2022\/06\/egresados_17062022.jpg\"><img loading=\"lazy\" decoding=\"async\" class=\"size-large wp-image-30873563\" src=\"https:\/\/www.upo.es\/diario\/wp-content\/uploads\/2022\/06\/egresados_17062022-750x500.jpg\" alt=\"\" width=\"750\" height=\"500\" srcset=\"https:\/\/www.upo.es\/diario\/wp-content\/uploads\/2022\/06\/egresados_17062022-750x500.jpg 750w, https:\/\/www.upo.es\/diario\/wp-content\/uploads\/2022\/06\/egresados_17062022-385x257.jpg 385w, https:\/\/www.upo.es\/diario\/wp-content\/uploads\/2022\/06\/egresados_17062022-768x512.jpg 768w, https:\/\/www.upo.es\/diario\/wp-content\/uploads\/2022\/06\/egresados_17062022-1536x1024.jpg 1536w, https:\/\/www.upo.es\/diario\/wp-content\/uploads\/2022\/06\/egresados_17062022-165x109.jpg 165w, https:\/\/www.upo.es\/diario\/wp-content\/uploads\/2022\/06\/egresados_17062022-1320x880.jpg 1320w, https:\/\/www.upo.es\/diario\/wp-content\/uploads\/2022\/06\/egresados_17062022.jpg 1800w\" sizes=\"auto, (max-width: 750px) 100vw, 750px\" \/><\/a><figcaption id=\"caption-attachment-30873563\" class=\"wp-caption-text\">Promoci\u00f3n 2017\/2022 del Doble Grado en Humanidades y Traducci\u00f3n e Interpretaci\u00f3n y Promoci\u00f3n 2018\/22 del Grado en Humanidades.<\/figcaption><\/figure>\n<p>La ceremonia de fin de grado de la promoci\u00f3n 2018\/22 del Grado en Humanidades y la promoci\u00f3n 2017\/2022 del Doble Grado en Humanidades y Traducci\u00f3n e Interpretaci\u00f3n se celebr\u00f3 el pasado viernes en el Paraninfo de la Universidad Pablo de Olavide. El acto fue presidido por la decana de la Facultad de Humanidades, Rosario Moreno Soldevila.<\/p>\n<p><a href=\"https:\/\/www.upo.es\/diario\/wp-content\/uploads\/2022\/06\/220617UPO2_014-scaled.jpg\"><img loading=\"lazy\" decoding=\"async\" class=\"alignright size-medium wp-image-30873564\" src=\"https:\/\/www.upo.es\/diario\/wp-content\/uploads\/2022\/06\/220617UPO2_014-385x256.jpg\" alt=\"\" width=\"385\" height=\"256\" srcset=\"https:\/\/www.upo.es\/diario\/wp-content\/uploads\/2022\/06\/220617UPO2_014-385x256.jpg 385w, https:\/\/www.upo.es\/diario\/wp-content\/uploads\/2022\/06\/220617UPO2_014-750x499.jpg 750w, https:\/\/www.upo.es\/diario\/wp-content\/uploads\/2022\/06\/220617UPO2_014-768x511.jpg 768w, https:\/\/www.upo.es\/diario\/wp-content\/uploads\/2022\/06\/220617UPO2_014-1536x1021.jpg 1536w, https:\/\/www.upo.es\/diario\/wp-content\/uploads\/2022\/06\/220617UPO2_014-2048x1362.jpg 2048w, https:\/\/www.upo.es\/diario\/wp-content\/uploads\/2022\/06\/220617UPO2_014-165x109.jpg 165w, https:\/\/www.upo.es\/diario\/wp-content\/uploads\/2022\/06\/220617UPO2_014-1320x878.jpg 1320w\" sizes=\"auto, (max-width: 385px) 100vw, 385px\" \/><\/a>Las madrinas de las promociones han sido Cinta Canterla Gonz\u00e1lez, catedr\u00e1tica del \u00c1rea de Filosof\u00eda para el Grado en Humanidades y Silvia P\u00e9rez Gonz\u00e1lez, profesora del \u00c1rea de Historia Medieval para el Doble Grado en Humanidades y Traducci\u00f3n e Interpretaci\u00f3n, ambas de la Universidad Pablo de Olavide. A la ceremonia tambi\u00e9n asistieron como invitados de honor el catedr\u00e1tico del \u00c1rea de Filolog\u00eda Latina de la UPO, Juan Fern\u00e1ndez Valverde, y el profesor del \u00c1rea de Traducci\u00f3n e Interpretaci\u00f3n, Manuel Barea Mu\u00f1oz.<\/p>\n<p>En representaci\u00f3n del alumnado egresado, pronunciaron los discursos Mar\u00eda Jos\u00e9 G\u00e1lvez Carmona del Grado en Humanidades y Y\u00e9ssica Dioni Garc\u00eda e Isabel Alfonso Mo\u00f1ino del Doble Grado en Humanidades y Traducci\u00f3n e Interpretaci\u00f3n. Un total de 47 egresados y egresadas asistieron, junto a sus familiares, a este acto con el que la Universidad Pablo de Olavide recupera una antigua tradici\u00f3n de las universidades europeas.<\/p>\n","protected":false},"excerpt":{"rendered":"<p>La ceremonia de fin de grado de la promoci\u00f3n 2018\/22 del Grado en Humanidades y la promoci\u00f3n 2017\/2022 del Doble Grado en Humanidades y Traducci\u00f3n e Interpretaci\u00f3n se ha celebrado en el Paraninfo de la Universidad Pablo de Olavide. Un total de 47 egresados y egresadas asistieron, junto a sus familiares, a este acto con el que la UPO recupera una antigua tradici\u00f3n de las universidades europeas.<\/p>\n","protected":false},"author":4,"featured_media":30873563,"comment_status":"closed","ping_status":"open","sticky":false,"template":"","format":"standard","meta":{"_monsterinsights_skip_tracking":false,"_monsterinsights_sitenote_active":false,"_monsterinsights_sitenote_note":"","_monsterinsights_sitenote_category":0,"footnotes":""},"categories":[5842],"tags":[581,2548,96,1567],"class_list":["post-30873562","post","type-post","status-publish","format-standard","has-post-thumbnail","hentry","category-comunidad","tag-ceremonia-de-egresados","tag-doble-grado-en-humanidades-y-traduccion-e-interpretacion","tag-facultad-de-humanidades","tag-grado-en-humanidades"],"_links":{"self":[{"href":"https:\/\/www.upo.es\/diario\/wp-json\/wp\/v2\/posts\/30873562","targetHints":{"allow":["GET"]}}],"collection":[{"href":"https:\/\/www.upo.es\/diario\/wp-json\/wp\/v2\/posts"}],"about":[{"href":"https:\/\/www.upo.es\/diario\/wp-json\/wp\/v2\/types\/post"}],"author":[{"embeddable":true,"href":"https:\/\/www.upo.es\/diario\/wp-json\/wp\/v2\/users\/4"}],"replies":[{"embeddable":true,"href":"https:\/\/www.upo.es\/diario\/wp-json\/wp\/v2\/comments?post=30873562"}],"version-history":[{"count":1,"href":"https:\/\/www.upo.es\/diario\/wp-json\/wp\/v2\/posts\/30873562\/revisions"}],"predecessor-version":[{"id":30873565,"href":"https:\/\/www.upo.es\/diario\/wp-json\/wp\/v2\/posts\/30873562\/revisions\/30873565"}],"wp:featuredmedia":[{"embeddable":true,"href":"https:\/\/www.upo.es\/diario\/wp-json\/wp\/v2\/media\/30873563"}],"wp:attachment":[{"href":"https:\/\/www.upo.es\/diario\/wp-json\/wp\/v2\/media?parent=30873562"}],"wp:term":[{"taxonomy":"category","embeddable":true,"href":"https:\/\/www.upo.es\/diario\/wp-json\/wp\/v2\/categories?post=30873562"},{"taxonomy":"post_tag","embeddable":true,"href":"https:\/\/www.upo.es\/diario\/wp-json\/wp\/v2\/tags?post=30873562"}],"curies":[{"name":"wp","href":"https:\/\/api.w.org\/{rel}","templated":true}]}}