{"id":30873575,"date":"2022-06-20T05:06:05","date_gmt":"2022-06-20T03:06:05","guid":{"rendered":"https:\/\/www.upo.es\/diario\/?p=30873575"},"modified":"2022-06-21T10:47:51","modified_gmt":"2022-06-21T08:47:51","slug":"el-rector-de-la-upo-y-el-presidente-de-la-fundacion-cajasol-inauguran-esta-tarde-la-xiii-olimpiada-espanola-de-economia-2022","status":"publish","type":"post","link":"https:\/\/www.upo.es\/diario\/docencia-formacion\/2022\/06\/el-rector-de-la-upo-y-el-presidente-de-la-fundacion-cajasol-inauguran-esta-tarde-la-xiii-olimpiada-espanola-de-economia-2022\/","title":{"rendered":"El rector de la UPO y el presidente de la Fundaci\u00f3n Cajasol inauguran la XIII Olimpiada Espa\u00f1ola de Econom\u00eda 2022"},"content":{"rendered":"<p><a href=\"https:\/\/www.upo.es\/diario\/wp-content\/uploads\/2022\/06\/olimpiadaEconomia.jpg\"><img loading=\"lazy\" decoding=\"async\" class=\"alignright size-medium wp-image-30873576\" src=\"https:\/\/www.upo.es\/diario\/wp-content\/uploads\/2022\/06\/olimpiadaEconomia-269x385.jpg\" alt=\"\" width=\"269\" height=\"385\" srcset=\"https:\/\/www.upo.es\/diario\/wp-content\/uploads\/2022\/06\/olimpiadaEconomia-269x385.jpg 269w, https:\/\/www.upo.es\/diario\/wp-content\/uploads\/2022\/06\/olimpiadaEconomia-524x750.jpg 524w, https:\/\/www.upo.es\/diario\/wp-content\/uploads\/2022\/06\/olimpiadaEconomia.jpg 543w\" sizes=\"auto, (max-width: 269px) 100vw, 269px\" \/><\/a>Hoy lunes 20 de junio, a las 19:30 horas en la Fundaci\u00f3n Cajasol, el rector de la Universidad Pablo de Olavide, Francisco Oliva Bl\u00e1zquez, y el presidente de la Fundaci\u00f3n Cajasol, Antonio Pulido Guti\u00e9rrez inaugurar\u00e1n la <strong>XIII edici\u00f3n de la Olimpiada Espa\u00f1ola de Econom\u00eda 2022<\/strong> que se celebrar\u00e1 en la UPO los d\u00edas 21 y 22 de junio.<\/p>\n<p>A la inauguraci\u00f3n tambi\u00e9n asistir\u00e1n el decano de la Facultad de Ciencias Empresariales de la Universidad Pablo de Olavide, Jes\u00fas J. Cambra Fierro; la presidenta del Consejo Social de la UPO, Roc\u00edo Reinoso Cuevas, la presidenta de la Asociaci\u00f3n Olimpiada Espa\u00f1ola de Econom\u00eda, Mar\u00eda Luz Marco Aledo, y la vicedecana de Relaciones Internacionales de la Facultad de Ciencias Empresariales de la UPO, Cecilia T\u00e9llez Valle.<\/p>\n<p>La <strong>Olimpiada de Econom\u00eda<\/strong> es un concurso de car\u00e1cter acad\u00e9mico y educativo cuyos objetivos son incentivar y estimular el estudio de la Econom\u00eda y la Empresa entre los j\u00f3venes, premiando el esfuerzo y la excelencia acad\u00e9mica. Asimismo, trata de fomentar las vocaciones en Econom\u00eda y establecer v\u00ednculos estables entre la Facultad, los centros de Educaci\u00f3n Secundaria, el profesorado de Econom\u00eda de Bachillerato y el alumnado interesado en esta materia.<\/p>\n<p><a href=\"https:\/\/www.upo.es\/fundaciones\/wp-content\/uploads\/2022\/06\/v5.-Di%CC%81ptico-Olimpiadas-web-2.pdf\">Programa<\/a><\/p>\n","protected":false},"excerpt":{"rendered":"<p>Hoy lunes 20 de junio, a las 19:30 horas en la Fundaci\u00f3n Cajasol, el rector de la Universidad Pablo de Olavide, Francisco Oliva Bl\u00e1zquez, y el presidente de la Fundaci\u00f3n Cajasol, Antonio Pulido Guti\u00e9rrez inaugurar\u00e1n la XIII edici\u00f3n de la Olimpiada Espa\u00f1ola de Econom\u00eda 2022 que se celebrar\u00e1 en la UPO los d\u00edas 21 y 22 de junio.<\/p>\n","protected":false},"author":4,"featured_media":30873576,"comment_status":"closed","ping_status":"open","sticky":false,"template":"","format":"standard","meta":{"_monsterinsights_skip_tracking":false,"_monsterinsights_sitenote_active":false,"_monsterinsights_sitenote_note":"","_monsterinsights_sitenote_category":0,"footnotes":""},"categories":[2779],"tags":[644,63,21,360,2290],"class_list":["post-30873575","post","type-post","status-publish","format-standard","has-post-thumbnail","hentry","category-docencia-formacion","tag-bachillerato","tag-economia","tag-estudiantes","tag-facultad-de-ciencias-empresariales","tag-olimpiada-de-economia"],"_links":{"self":[{"href":"https:\/\/www.upo.es\/diario\/wp-json\/wp\/v2\/posts\/30873575","targetHints":{"allow":["GET"]}}],"collection":[{"href":"https:\/\/www.upo.es\/diario\/wp-json\/wp\/v2\/posts"}],"about":[{"href":"https:\/\/www.upo.es\/diario\/wp-json\/wp\/v2\/types\/post"}],"author":[{"embeddable":true,"href":"https:\/\/www.upo.es\/diario\/wp-json\/wp\/v2\/users\/4"}],"replies":[{"embeddable":true,"href":"https:\/\/www.upo.es\/diario\/wp-json\/wp\/v2\/comments?post=30873575"}],"version-history":[{"count":2,"href":"https:\/\/www.upo.es\/diario\/wp-json\/wp\/v2\/posts\/30873575\/revisions"}],"predecessor-version":[{"id":30873633,"href":"https:\/\/www.upo.es\/diario\/wp-json\/wp\/v2\/posts\/30873575\/revisions\/30873633"}],"wp:featuredmedia":[{"embeddable":true,"href":"https:\/\/www.upo.es\/diario\/wp-json\/wp\/v2\/media\/30873576"}],"wp:attachment":[{"href":"https:\/\/www.upo.es\/diario\/wp-json\/wp\/v2\/media?parent=30873575"}],"wp:term":[{"taxonomy":"category","embeddable":true,"href":"https:\/\/www.upo.es\/diario\/wp-json\/wp\/v2\/categories?post=30873575"},{"taxonomy":"post_tag","embeddable":true,"href":"https:\/\/www.upo.es\/diario\/wp-json\/wp\/v2\/tags?post=30873575"}],"curies":[{"name":"wp","href":"https:\/\/api.w.org\/{rel}","templated":true}]}}