{"id":30873628,"date":"2022-06-21T10:26:28","date_gmt":"2022-06-21T08:26:28","guid":{"rendered":"https:\/\/www.upo.es\/diario\/?p=30873628"},"modified":"2022-06-23T12:00:28","modified_gmt":"2022-06-23T10:00:28","slug":"la-universidad-pablo-de-olavide-y-samu-crean-una-catedra-para-el-impulso-de-la-innovacion-social-en-el-tercer-sector","status":"publish","type":"post","link":"https:\/\/www.upo.es\/diario\/institucional\/2022\/06\/la-universidad-pablo-de-olavide-y-samu-crean-una-catedra-para-el-impulso-de-la-innovacion-social-en-el-tercer-sector\/","title":{"rendered":"La Universidad Pablo de Olavide y SAMU crean una c\u00e1tedra para el impulso de la innovaci\u00f3n social en el tercer sector"},"content":{"rendered":"<p><strong><a href=\"https:\/\/www.upo.es\/diario\/wp-content\/uploads\/2022\/06\/Conve_UPO-SAMU_20220620-2-scaled.jpg\"><img loading=\"lazy\" decoding=\"async\" class=\"aligncenter wp-image-30873629 size-large\" src=\"https:\/\/www.upo.es\/diario\/wp-content\/uploads\/2022\/06\/Conve_UPO-SAMU_20220620-2-750x500.jpg\" alt=\"Asistentes a la firma del convenio entre la UPO y SAMU\" width=\"750\" height=\"500\" srcset=\"https:\/\/www.upo.es\/diario\/wp-content\/uploads\/2022\/06\/Conve_UPO-SAMU_20220620-2-750x500.jpg 750w, https:\/\/www.upo.es\/diario\/wp-content\/uploads\/2022\/06\/Conve_UPO-SAMU_20220620-2-385x257.jpg 385w, https:\/\/www.upo.es\/diario\/wp-content\/uploads\/2022\/06\/Conve_UPO-SAMU_20220620-2-768x512.jpg 768w, https:\/\/www.upo.es\/diario\/wp-content\/uploads\/2022\/06\/Conve_UPO-SAMU_20220620-2-1536x1024.jpg 1536w, https:\/\/www.upo.es\/diario\/wp-content\/uploads\/2022\/06\/Conve_UPO-SAMU_20220620-2-2048x1365.jpg 2048w\" sizes=\"auto, (max-width: 750px) 100vw, 750px\" \/><\/a>Francisco Oliva Bl\u00e1zquez<\/strong>, rector de la Universidad Pablo de Olavide, y <strong>Carlos Gonz\u00e1lez de Escalada<\/strong>, presidente-director general del Servicio de Asistencia M\u00e9dica de Urgencia (SAMU) <strong>han firmado un convenio para la creaci\u00f3n de la \u2018C\u00e1tedra SAMU de Innovaci\u00f3n Social\u2019<\/strong>.<\/p>\n<p>La <strong>nueva c\u00e1tedra de la Universidad Pablo de Olavide, gracias a la financiaci\u00f3n de SAMU, establecer\u00e1 un marco de colaboraci\u00f3n entre ambas entidades para el desarrollo del conocimiento en el \u00e1rea sociosanitaria a trav\u00e9s de la innovaci\u00f3n social<\/strong>. El objetivo es crear sinergias entre los 40 a\u00f1os de experiencia en el \u00e1mbito de la salud y la atenci\u00f3n social de SAMU y el equipo investigador y acad\u00e9mico del Departamento de Trabajo Social y Servicios Sociales de la Universidad. <strong>Jos\u00e9 Luis Sarasola<\/strong>, profesor titular de este departamento dirigir\u00e1 la C\u00e1tedra.<\/p>\n<p>La nueva \u2018C\u00e1tedra SAMU de Innovaci\u00f3n Social\u2019 de la UPO permitir\u00e1 llevar a cabo <strong>actividades de formaci\u00f3n<\/strong>, tanto reglada como no reglada, y promover\u00e1 la cooperaci\u00f3n educativa entre ambas entidades para la mejora de la<strong> empleabilidad <\/strong>de los estudiantes. Adem\u00e1s, est\u00e1 prevista en el marco de la C\u00e1tedra, la concesi\u00f3n de becas, ayudas y premios. En <strong>investigaci\u00f3n<\/strong>, impulsar\u00e1 el desarrollo de nuevas l\u00edneas de trabajo relacionadas con la innovaci\u00f3n social del tercer sector y la elaboraci\u00f3n de informes y estudios en los \u00e1mbitos de la salud y la acci\u00f3n social, promoviendo proyectos conjuntos de mejora. En <strong>divulgaci\u00f3n y transferencia del conocimiento<\/strong>, se promover\u00e1n los valores y principios que fomenta la C\u00e1tedra a trav\u00e9s de actividades culturales y de difusi\u00f3n, la publicaci\u00f3n de los resultados de las investigaciones llevadas a cabo y la organizaci\u00f3n de congresos y conferencias.<\/p>\n<figure id=\"attachment_30873568\" aria-describedby=\"caption-attachment-30873568\" style=\"width: 385px\" class=\"wp-caption alignright\"><a href=\"https:\/\/www.upo.es\/diario\/wp-content\/uploads\/2022\/06\/Conve_UPO-SAMU_20220620-scaled.jpg\"><img loading=\"lazy\" decoding=\"async\" class=\"size-medium wp-image-30873568\" src=\"https:\/\/www.upo.es\/diario\/wp-content\/uploads\/2022\/06\/Conve_UPO-SAMU_20220620-385x217.jpg\" alt=\"Francisco Oliva y Carlos Gonz\u00e1lez de Escalada \" width=\"385\" height=\"217\" srcset=\"https:\/\/www.upo.es\/diario\/wp-content\/uploads\/2022\/06\/Conve_UPO-SAMU_20220620-385x217.jpg 385w, https:\/\/www.upo.es\/diario\/wp-content\/uploads\/2022\/06\/Conve_UPO-SAMU_20220620-750x422.jpg 750w, https:\/\/www.upo.es\/diario\/wp-content\/uploads\/2022\/06\/Conve_UPO-SAMU_20220620-768x432.jpg 768w, https:\/\/www.upo.es\/diario\/wp-content\/uploads\/2022\/06\/Conve_UPO-SAMU_20220620-1536x864.jpg 1536w, https:\/\/www.upo.es\/diario\/wp-content\/uploads\/2022\/06\/Conve_UPO-SAMU_20220620-2048x1152.jpg 2048w\" sizes=\"auto, (max-width: 385px) 100vw, 385px\" \/><\/a><figcaption id=\"caption-attachment-30873568\" class=\"wp-caption-text\">Francisco Oliva y Carlos Gonz\u00e1lez de Escalada<\/figcaption><\/figure>\n<p>Francisco Oliva ha destacado tras la firma del convenio, c\u00f3mo <strong>en la Universidad Pablo de Olavide se practica la innovaci\u00f3n social tanto interna como externamente<\/strong>. De forma interna gracias a la labor del equipo investigador del \u00e1rea de Trabajo Social y Servicios Sociales; y, externamente, por el trabajo llevado a cabo desde el Vicerrectorado de Cultura y Pol\u00edticas Sociales para impulsarla a trav\u00e9s de las actividades de la Universidad. \u201cEs una oportunidad vincularse a una entidad de gran experiencia como SAMU, y la sinergia creada gracias a esta C\u00e1tedra traer\u00e1 muchos beneficios, especialmente para las personas m\u00e1s desfavorecidas\u201d.<\/p>\n<p>Por su parte, Carlos Gonz\u00e1lez de Escalada ha puesto en valor la importancia del papel fundamental que desempe\u00f1an las universidades y, en este caso, la UPO, en materia de desarrollo cient\u00edfico y acad\u00e9mico. Adem\u00e1s, ha destacado el compromiso f\u00e9rreo de SAMU con la UPO mencionando la constituci\u00f3n del Instituto SAMU de Investigaci\u00f3n Cient\u00edfica, una instituci\u00f3n que aglutina el patrimonio investigador, acad\u00e9mico y divulgativo que SAMU ha generado en los \u00faltimos 40 a\u00f1os y que servir\u00e1 de impulso y soporte para la c\u00e1tedra reci\u00e9n creada. \u201cDesde SAMU vamos a realizar todos los esfuerzos necesarios para que esta c\u00e1tedra sea un motor en la investigaci\u00f3n y divulgaci\u00f3n de <strong>nuevos m\u00e9todos de atender a las personas que m\u00e1s lo necesitan<\/strong>\u201d.<\/p>\n<h3><strong>C\u00c1TEDRAS INSTITUCIONALES Y DE EMPRESA<\/strong><\/h3>\n<p>Las <a href=\"https:\/\/www.upo.es\/cms3\/export\/sites\/otri-cms3\/otri\/transferencia\/.galleries\/DOCUMENTOS-Normativa-TRANSFERENCIA\/Instruccion_Protocolo-de-Creacion-de-Catedras.pdf\">c\u00e1tedras institucionales y de empresa<\/a> constituyen un medio id\u00f3neo para canalizar la cooperaci\u00f3n entre la Universidad e instituciones p\u00fablicas y privadas. Para la comunidad universitaria \u2013estudiantes, profesores e investigadores\u2013 este tipo de c\u00e1tedras facilitan la relaci\u00f3n con empresas y entidades, propiciando la colaboraci\u00f3n en actividades de formaci\u00f3n, la generaci\u00f3n y divulgaci\u00f3n de conocimiento, la transferencia tecnol\u00f3gica y la investigaci\u00f3n, de ah\u00ed que el Vicerrectorado de Relaciones Institucionales y Fundaciones, dirigido por Laura L\u00f3pez de la Cruz, est\u00e9 apostando por promocionar las c\u00e1tedras a nivel institucional.<\/p>\n","protected":false},"excerpt":{"rendered":"<p>La nueva c\u00e1tedra de la Universidad Pablo de Olavide, gracias a la financiaci\u00f3n de SAMU, establecer\u00e1 un marco de colaboraci\u00f3n entre ambas entidades para el desarrollo del conocimiento en el \u00e1rea sociosanitaria a trav\u00e9s de la innovaci\u00f3n social. El objetivo es crear sinergias entre los 40 a\u00f1os de experiencia en el \u00e1mbito de la salud y la atenci\u00f3n social de SAMU y el equipo investigador y acad\u00e9mico del Departamento de Trabajo Social y Servicios Sociales de la Universidad.<\/p>\n","protected":false},"author":6,"featured_media":30873629,"comment_status":"closed","ping_status":"open","sticky":false,"template":"","format":"standard","meta":{"_monsterinsights_skip_tracking":false,"_monsterinsights_sitenote_active":false,"_monsterinsights_sitenote_note":"","_monsterinsights_sitenote_category":0,"footnotes":""},"categories":[6],"tags":[4242,358,326,4021,2359,3935,38,218,1046,103],"class_list":["post-30873628","post","type-post","status-publish","format-standard","has-post-thumbnail","hentry","category-institucional","tag-area-de-trabajo-social-y-servicios-sociales","tag-catedra","tag-convenio","tag-francisco-oliva-blazquez","tag-innovacion-social","tag-jose-luis-sarasola","tag-rector","tag-salud","tag-servicios-sociales","tag-trabajo-social"],"_links":{"self":[{"href":"https:\/\/www.upo.es\/diario\/wp-json\/wp\/v2\/posts\/30873628","targetHints":{"allow":["GET"]}}],"collection":[{"href":"https:\/\/www.upo.es\/diario\/wp-json\/wp\/v2\/posts"}],"about":[{"href":"https:\/\/www.upo.es\/diario\/wp-json\/wp\/v2\/types\/post"}],"author":[{"embeddable":true,"href":"https:\/\/www.upo.es\/diario\/wp-json\/wp\/v2\/users\/6"}],"replies":[{"embeddable":true,"href":"https:\/\/www.upo.es\/diario\/wp-json\/wp\/v2\/comments?post=30873628"}],"version-history":[{"count":2,"href":"https:\/\/www.upo.es\/diario\/wp-json\/wp\/v2\/posts\/30873628\/revisions"}],"predecessor-version":[{"id":30873631,"href":"https:\/\/www.upo.es\/diario\/wp-json\/wp\/v2\/posts\/30873628\/revisions\/30873631"}],"wp:featuredmedia":[{"embeddable":true,"href":"https:\/\/www.upo.es\/diario\/wp-json\/wp\/v2\/media\/30873629"}],"wp:attachment":[{"href":"https:\/\/www.upo.es\/diario\/wp-json\/wp\/v2\/media?parent=30873628"}],"wp:term":[{"taxonomy":"category","embeddable":true,"href":"https:\/\/www.upo.es\/diario\/wp-json\/wp\/v2\/categories?post=30873628"},{"taxonomy":"post_tag","embeddable":true,"href":"https:\/\/www.upo.es\/diario\/wp-json\/wp\/v2\/tags?post=30873628"}],"curies":[{"name":"wp","href":"https:\/\/api.w.org\/{rel}","templated":true}]}}