{"id":30873634,"date":"2022-06-21T06:09:35","date_gmt":"2022-06-21T04:09:35","guid":{"rendered":"https:\/\/www.upo.es\/diario\/?p=30873634"},"modified":"2022-06-21T11:15:09","modified_gmt":"2022-06-21T09:15:09","slug":"el-nuevo-tablero-andaluz-un-cambio-que-se-venia-produciendo-desde-hace-mucho","status":"publish","type":"post","link":"https:\/\/www.upo.es\/diario\/theconversation\/2022\/06\/el-nuevo-tablero-andaluz-un-cambio-que-se-venia-produciendo-desde-hace-mucho\/","title":{"rendered":"El nuevo tablero andaluz: un cambio que se ven\u00eda produciendo desde hace 20\u00a0a\u00f1os"},"content":{"rendered":"<figure id=\"attachment_30873636\" aria-describedby=\"caption-attachment-30873636\" style=\"width: 750px\" class=\"wp-caption aligncenter\"><img loading=\"lazy\" decoding=\"async\" class=\"size-large wp-image-30873636\" src=\"https:\/\/www.upo.es\/diario\/wp-content\/uploads\/2022\/06\/TheConversation_20220621-750x352.png\" alt=\"Juan Manuel Moreno Bonilla, presidente de Andaluc\u00eda, en el discurso tras ganar las elecciones auton\u00f3micas celebradas el domingo 19 de junio de 2022. RTVE\" width=\"750\" height=\"352\" srcset=\"https:\/\/www.upo.es\/diario\/wp-content\/uploads\/2022\/06\/TheConversation_20220621-750x352.png 750w, https:\/\/www.upo.es\/diario\/wp-content\/uploads\/2022\/06\/TheConversation_20220621-385x181.png 385w, https:\/\/www.upo.es\/diario\/wp-content\/uploads\/2022\/06\/TheConversation_20220621-768x360.png 768w, https:\/\/www.upo.es\/diario\/wp-content\/uploads\/2022\/06\/TheConversation_20220621-1536x721.png 1536w, https:\/\/www.upo.es\/diario\/wp-content\/uploads\/2022\/06\/TheConversation_20220621-1320x619.png 1320w, https:\/\/www.upo.es\/diario\/wp-content\/uploads\/2022\/06\/TheConversation_20220621.png 1944w\" sizes=\"auto, (max-width: 750px) 100vw, 750px\" \/><figcaption id=\"caption-attachment-30873636\" class=\"wp-caption-text\">Juan Manuel Moreno en el discurso tras ganar las elecciones auton\u00f3micas celebradas el 19J | Foto RTVE<\/figcaption><\/figure>\n<p><a href=\"https:\/\/theconversation.com\/profiles\/jean-baptiste-harguindeguy-1352459\">Jean Baptiste Harguind\u00e9guy<\/a>, <em><a href=\"https:\/\/theconversation.com\/institutions\/universidad-pablo-de-olavide-1362\">Universidad Pablo de Olavide<\/a><\/em>; <a href=\"https:\/\/theconversation.com\/profiles\/antonio-m-jaime-castillo-1320762\">Antonio M. Jaime-Castillo<\/a>, <em><a href=\"https:\/\/theconversation.com\/institutions\/uned-universidad-nacional-de-educacion-a-distancia-3490\">UNED &#8211; Universidad Nacional de Educaci\u00f3n a Distancia<\/a><\/em>; <a href=\"https:\/\/theconversation.com\/profiles\/francisco-javier-ramirez-leiva-1354836\">Francisco Javier Ramirez Leiva<\/a>, <em><a href=\"https:\/\/theconversation.com\/institutions\/universidad-pablo-de-olavide-1362\">Universidad Pablo de Olavide<\/a><\/em> y <a href=\"https:\/\/theconversation.com\/profiles\/xavier-coller-1312952\">Xavier Coller<\/a>, <em><a href=\"https:\/\/theconversation.com\/institutions\/uned-universidad-nacional-de-educacion-a-distancia-3490\">UNED &#8211; Universidad Nacional de Educaci\u00f3n a Distancia<\/a><\/em><\/p>\n<p>Las elecciones en Andaluc\u00eda han supuesto un cambio sin precedentes en la distribuci\u00f3n de la representaci\u00f3n en el Parlamento auton\u00f3mico. No obstante, aun siendo un terremoto de grandes proporciones, tendemos a abusar del calificativo <em>hist\u00f3rico<\/em> para los momentos, al tiempo que menospreciamos el ritmo lento al que se van produciendo los cambios.<\/p>\n<p>El cambio pol\u00edtico en Andaluc\u00eda ven\u00eda produci\u00e9ndose desde hace al menos dos d\u00e9cadas. El predominio global del PSOE en la comunidad era ya muy desigual por provincias y, sobre todo, por tipo de h\u00e1bitat. El bloque de la derecha era ya claramente mayoritario en algunas provincias y municipios costeros y en amplios grupos de poblaci\u00f3n, como los de estudios superiores.<\/p>\n<p><a href=\"https:\/\/www.efe.com\/efe\/espana\/politica\/el-pp-logra-una-historica-mayoria-absoluta-en-andalucia\/10002-4834782\">Lo que ha ocurrido el 19 de junio<\/a> es que todas esas tendencias de fondo que ven\u00edan alterando la composici\u00f3n del mapa electoral de Andaluc\u00eda se han conjugado entre s\u00ed en un entorno y momento propicios (una tormenta casi perfecta) para dar lugar a este vuelco electoral sin precedentes. Una participaci\u00f3n moderadamente baja, una coordinaci\u00f3n del voto de centro y derecha en torno al PP por la ca\u00edda de Ciudadanos, la dispersi\u00f3n de la oferta de la izquierda y las primas impl\u00edcitas del sistema electoral han dado lugar a este resultado que hoy todo el mundo llama \u201chist\u00f3rico\u201d.<\/p>\n<p>Estas consideraciones no deber\u00edan llevar a pensar que lo ocurrido es un espejismo. Todo lo contrario. Refleja cambios que se vienen acompasando a lo largo del tiempo y que es dif\u00edcil que se reviertan en la comunidad a corto plazo. Vamos con un poco de an\u00e1lisis.<\/p>\n<h3>Una campa\u00f1a <em>in crescendo<\/em><\/h3>\n<p>En un sistema de gobierno multinivel como el espa\u00f1ol, el contexto nacional suele interactuar con el auton\u00f3mico. El auge de la <a href=\"https:\/\/theconversation.com\/de-donde-viene-la-inflacion-y-como-hacerle-frente-183054\">inflaci\u00f3n<\/a> (y especialmente de los precios de la energ\u00eda), la guerra en Ucrania, los numerosos cuellos de botella en la econom\u00eda productiva y la previsible <a href=\"https:\/\/theconversation.com\/una-subida-de-los-tipos-de-interes-puede-atajar-el-problema-de-la-inflacion-183584\">subida de tipos<\/a> por parte del Banco Central Europeo han marcado el contexto de las elecciones andaluzas, caracterizadas por notables dosis de incertidumbre econ\u00f3mica, pol\u00edtica y social.<\/p>\n<p>Al mismo tiempo, los resultados previos de las elecciones en Castilla y Le\u00f3n han convertido las elecciones andaluzas en una prueba de estr\u00e9s para el Ejecutivo de Pedro S\u00e1nchez y el resto de las fuerzas pol\u00edticas estatales.<\/p>\n<p>La campa\u00f1a electoral se ha centrado en temas locales, regionales y nacionales en funci\u00f3n del momento. El cultivo de frutos rojos en Huelva, el mal estado del parque de <a href=\"https:\/\/theconversation.com\/guerra-del-agua-entre-donana-y-las-explotaciones-agricolas-y-turisticas-179054\">Do\u00f1ana<\/a>, la sequ\u00eda, el aumento de los costes en la agricultura, la inmigraci\u00f3n en Almer\u00eda, el miedo a la extrema derecha, la identidad andaluza, la ley de costas, el caso de los ERE o la educaci\u00f3n concertada han focalizado la atenci\u00f3n de los candidatos como se pudo comprobar durante los debates televisivos <a href=\"https:\/\/www.rtve.es\/play\/videos\/especiales-informativos\/debate-seis-candidatos-rtve-elecciones-andalucia\/6566667\/\">del 6<\/a> y el <a href=\"https:\/\/www.youtube.com\/watch?v=aOasacukEjQ\">13 de junio<\/a>.<\/p>\n<p>Mientras el Partido Popular ha intentado diluir la marca del partido detr\u00e1s de la personalidad de Juan Manuel \u201cJuanma\u201d Moreno Bonilla, el Partido Socialista, liderado por Juan Espadas, ha intentado reagrupar a sus fieles para impedir la posible entrada de Vox en el gobierno andaluz.<\/p>\n<p>Por su parte, el candidato de Ciudadanos, Juan Mar\u00edn, se ha esforzado en demostrar que su formaci\u00f3n no estaba condenada a la irrelevancia. La coalici\u00f3n Por Andaluc\u00eda, capitaneada por Inma Nieto, se ha centrado en los aspectos m\u00e1s sociales de la campa\u00f1a. En una l\u00ednea cercana, la candidata de Adelante Andaluc\u00eda, Teresa Rodr\u00edguez, ha desarrollado un discurso izquierdista-autonomista en defensa de los intereses de Andaluc\u00eda. Finalmente, la candidata de Vox, Macarena Olona, ha sido fiel a la l\u00ednea program\u00e1tica nacional de su partido insistiendo en el descontento contra el Gobierno de Pedro S\u00e1nchez.<\/p>\n<p>Los sondeos pronosticaban una victoria holgada del Partido Popular desde el principio, pero el margen de Moreno Bonilla se fue acrecentando hacia el final de la campa\u00f1a. Aun as\u00ed, se estimaba que los conservadores no llegar\u00edan a la mayor\u00eda absoluta y que necesitar\u00edan el apoyo de otra formaci\u00f3n. Ninguno de los sondeos m\u00e1s relevantes pronosticaron una mayor\u00eda absoluta del PP. Los que m\u00e1s se aproximaron se quedaron cortos, sugiriendo que es muy probable que una buena parte del voto se ha decidido en las \u00faltimas jornadas de campa\u00f1a.<\/p>\n<figure class=\"align-center zoomable\"><a href=\"https:\/\/images.theconversation.com\/files\/469839\/original\/file-20220620-14209-pcgbyf.PNG?ixlib=rb-1.1.0&amp;q=45&amp;auto=format&amp;w=1000&amp;fit=clip\"><img decoding=\"async\" src=\"https:\/\/images.theconversation.com\/files\/469839\/original\/file-20220620-14209-pcgbyf.PNG?ixlib=rb-1.1.0&amp;q=45&amp;auto=format&amp;w=754&amp;fit=clip\" sizes=\"(min-width: 1466px) 754px, (max-width: 599px) 100vw, (min-width: 600px) 600px, 237px\" srcset=\"https:\/\/images.theconversation.com\/files\/469839\/original\/file-20220620-14209-pcgbyf.PNG?ixlib=rb-1.1.0&amp;q=45&amp;auto=format&amp;w=600&amp;h=564&amp;fit=crop&amp;dpr=1 600w, https:\/\/images.theconversation.com\/files\/469839\/original\/file-20220620-14209-pcgbyf.PNG?ixlib=rb-1.1.0&amp;q=30&amp;auto=format&amp;w=600&amp;h=564&amp;fit=crop&amp;dpr=2 1200w, https:\/\/images.theconversation.com\/files\/469839\/original\/file-20220620-14209-pcgbyf.PNG?ixlib=rb-1.1.0&amp;q=15&amp;auto=format&amp;w=600&amp;h=564&amp;fit=crop&amp;dpr=3 1800w, https:\/\/images.theconversation.com\/files\/469839\/original\/file-20220620-14209-pcgbyf.PNG?ixlib=rb-1.1.0&amp;q=45&amp;auto=format&amp;w=754&amp;h=709&amp;fit=crop&amp;dpr=1 754w, https:\/\/images.theconversation.com\/files\/469839\/original\/file-20220620-14209-pcgbyf.PNG?ixlib=rb-1.1.0&amp;q=30&amp;auto=format&amp;w=754&amp;h=709&amp;fit=crop&amp;dpr=2 1508w, https:\/\/images.theconversation.com\/files\/469839\/original\/file-20220620-14209-pcgbyf.PNG?ixlib=rb-1.1.0&amp;q=15&amp;auto=format&amp;w=754&amp;h=709&amp;fit=crop&amp;dpr=3 2262w\" alt=\"\" \/><\/a><figcaption><span class=\"caption\">Sondeos m\u00e1s relevantes y proyecci\u00f3n de voto.<\/span><br \/>\n<span class=\"attribution\"><span class=\"source\">Elaboraci\u00f3n propia.<\/span>, <span class=\"license\">Author provided<\/span><\/span><\/figcaption><\/figure>\n<h3>La abstenci\u00f3n<\/h3>\n<p>Uno de los fen\u00f3menos pol\u00edticos m\u00e1s relevantes para medir la calidad de la democracia es el grado de implicaci\u00f3n de la ciudadan\u00eda en las elecciones identificado con la abstenci\u00f3n. Este fen\u00f3meno ha tendido a subir desde mediados de los a\u00f1os 1990 en Andaluc\u00eda. Los resultados de 2022 demuestran que, a pesar de haberse reducido el porcentaje de abstencionistas, encontramos datos que rozan el m\u00e1ximo hist\u00f3rico de 1990.<\/p>\n<p>Las elecciones del 19J nos se\u00f1alan que cuatro de cada diez electores andaluces no han ejercicio su derecho al voto, datos que dejan los niveles de abstenci\u00f3n en 41,67\u00a0%, 1,77 puntos menos que en 2018, pero por encima de la mayor parte de los comicios celebrados.<\/p>\n<figure class=\"align-center zoomable\"><a href=\"https:\/\/images.theconversation.com\/files\/469842\/original\/file-20220620-18-fjd961.PNG?ixlib=rb-1.1.0&amp;q=45&amp;auto=format&amp;w=1000&amp;fit=clip\"><img decoding=\"async\" src=\"https:\/\/images.theconversation.com\/files\/469842\/original\/file-20220620-18-fjd961.PNG?ixlib=rb-1.1.0&amp;q=45&amp;auto=format&amp;w=754&amp;fit=clip\" sizes=\"(min-width: 1466px) 754px, (max-width: 599px) 100vw, (min-width: 600px) 600px, 237px\" srcset=\"https:\/\/images.theconversation.com\/files\/469842\/original\/file-20220620-18-fjd961.PNG?ixlib=rb-1.1.0&amp;q=45&amp;auto=format&amp;w=600&amp;h=303&amp;fit=crop&amp;dpr=1 600w, https:\/\/images.theconversation.com\/files\/469842\/original\/file-20220620-18-fjd961.PNG?ixlib=rb-1.1.0&amp;q=30&amp;auto=format&amp;w=600&amp;h=303&amp;fit=crop&amp;dpr=2 1200w, https:\/\/images.theconversation.com\/files\/469842\/original\/file-20220620-18-fjd961.PNG?ixlib=rb-1.1.0&amp;q=15&amp;auto=format&amp;w=600&amp;h=303&amp;fit=crop&amp;dpr=3 1800w, https:\/\/images.theconversation.com\/files\/469842\/original\/file-20220620-18-fjd961.PNG?ixlib=rb-1.1.0&amp;q=45&amp;auto=format&amp;w=754&amp;h=381&amp;fit=crop&amp;dpr=1 754w, https:\/\/images.theconversation.com\/files\/469842\/original\/file-20220620-18-fjd961.PNG?ixlib=rb-1.1.0&amp;q=30&amp;auto=format&amp;w=754&amp;h=381&amp;fit=crop&amp;dpr=2 1508w, https:\/\/images.theconversation.com\/files\/469842\/original\/file-20220620-18-fjd961.PNG?ixlib=rb-1.1.0&amp;q=15&amp;auto=format&amp;w=754&amp;h=381&amp;fit=crop&amp;dpr=3 2262w\" alt=\"\" \/><\/a><figcaption><span class=\"caption\">Evoluci\u00f3n de la abstenci\u00f3n en las elecciones auton\u00f3micas en Andaluc\u00eda.<\/span><br \/>\n<span class=\"attribution\"><span class=\"source\">Elaboraci\u00f3n propia con datos de la Junta Andaluc\u00eda.<\/span>, <span class=\"license\">Author provided<\/span><\/span><\/figcaption><\/figure>\n<h3>Los resultados electorales<\/h3>\n<p>Los resultados han demostrado que el ganador de la noche electoral en Andaluc\u00eda ha sido un Juanma Moreno destacado contra el fondo desdibujado del PP. Ha ganado en todas las provincias, incluso en Sevilla, el basti\u00f3n socialista elecci\u00f3n tras elecci\u00f3n. El bloque de la izquierda pierde apoyos, como cada uno de sus integrantes considerados individualmente. Ciudadanos desaparece y Vox frena su crecimiento.<\/p>\n<figure class=\"align-center zoomable\"><a href=\"https:\/\/images.theconversation.com\/files\/469843\/original\/file-20220620-23-d4bac2.PNG?ixlib=rb-1.1.0&amp;q=45&amp;auto=format&amp;w=1000&amp;fit=clip\"><img decoding=\"async\" src=\"https:\/\/images.theconversation.com\/files\/469843\/original\/file-20220620-23-d4bac2.PNG?ixlib=rb-1.1.0&amp;q=45&amp;auto=format&amp;w=754&amp;fit=clip\" sizes=\"(min-width: 1466px) 754px, (max-width: 599px) 100vw, (min-width: 600px) 600px, 237px\" srcset=\"https:\/\/images.theconversation.com\/files\/469843\/original\/file-20220620-23-d4bac2.PNG?ixlib=rb-1.1.0&amp;q=45&amp;auto=format&amp;w=600&amp;h=244&amp;fit=crop&amp;dpr=1 600w, https:\/\/images.theconversation.com\/files\/469843\/original\/file-20220620-23-d4bac2.PNG?ixlib=rb-1.1.0&amp;q=30&amp;auto=format&amp;w=600&amp;h=244&amp;fit=crop&amp;dpr=2 1200w, https:\/\/images.theconversation.com\/files\/469843\/original\/file-20220620-23-d4bac2.PNG?ixlib=rb-1.1.0&amp;q=15&amp;auto=format&amp;w=600&amp;h=244&amp;fit=crop&amp;dpr=3 1800w, https:\/\/images.theconversation.com\/files\/469843\/original\/file-20220620-23-d4bac2.PNG?ixlib=rb-1.1.0&amp;q=45&amp;auto=format&amp;w=754&amp;h=307&amp;fit=crop&amp;dpr=1 754w, https:\/\/images.theconversation.com\/files\/469843\/original\/file-20220620-23-d4bac2.PNG?ixlib=rb-1.1.0&amp;q=30&amp;auto=format&amp;w=754&amp;h=307&amp;fit=crop&amp;dpr=2 1508w, https:\/\/images.theconversation.com\/files\/469843\/original\/file-20220620-23-d4bac2.PNG?ixlib=rb-1.1.0&amp;q=15&amp;auto=format&amp;w=754&amp;h=307&amp;fit=crop&amp;dpr=3 2262w\" alt=\"\" \/><\/a><figcaption><span class=\"caption\">Resultados electorales en Andaluc\u00eda en las elecciones del 19J.<\/span><br \/>\n<span class=\"attribution\"><span class=\"source\">Elaboraci\u00f3n propia con datos de la Junta Andaluc\u00eda.<\/span>, <span class=\"license\">Author provided<\/span><\/span><\/figcaption><\/figure>\n<figure class=\"align-center zoomable\"><a href=\"https:\/\/images.theconversation.com\/files\/469846\/original\/file-20220620-27-smm4au.PNG?ixlib=rb-1.1.0&amp;q=45&amp;auto=format&amp;w=1000&amp;fit=clip\"><img decoding=\"async\" src=\"https:\/\/images.theconversation.com\/files\/469846\/original\/file-20220620-27-smm4au.PNG?ixlib=rb-1.1.0&amp;q=45&amp;auto=format&amp;w=754&amp;fit=clip\" sizes=\"(min-width: 1466px) 754px, (max-width: 599px) 100vw, (min-width: 600px) 600px, 237px\" srcset=\"https:\/\/images.theconversation.com\/files\/469846\/original\/file-20220620-27-smm4au.PNG?ixlib=rb-1.1.0&amp;q=45&amp;auto=format&amp;w=600&amp;h=341&amp;fit=crop&amp;dpr=1 600w, https:\/\/images.theconversation.com\/files\/469846\/original\/file-20220620-27-smm4au.PNG?ixlib=rb-1.1.0&amp;q=30&amp;auto=format&amp;w=600&amp;h=341&amp;fit=crop&amp;dpr=2 1200w, https:\/\/images.theconversation.com\/files\/469846\/original\/file-20220620-27-smm4au.PNG?ixlib=rb-1.1.0&amp;q=15&amp;auto=format&amp;w=600&amp;h=341&amp;fit=crop&amp;dpr=3 1800w, https:\/\/images.theconversation.com\/files\/469846\/original\/file-20220620-27-smm4au.PNG?ixlib=rb-1.1.0&amp;q=45&amp;auto=format&amp;w=754&amp;h=429&amp;fit=crop&amp;dpr=1 754w, https:\/\/images.theconversation.com\/files\/469846\/original\/file-20220620-27-smm4au.PNG?ixlib=rb-1.1.0&amp;q=30&amp;auto=format&amp;w=754&amp;h=429&amp;fit=crop&amp;dpr=2 1508w, https:\/\/images.theconversation.com\/files\/469846\/original\/file-20220620-27-smm4au.PNG?ixlib=rb-1.1.0&amp;q=15&amp;auto=format&amp;w=754&amp;h=429&amp;fit=crop&amp;dpr=3 2262w\" alt=\"\" \/><\/a><figcaption><span class=\"caption\">Evoluci\u00f3n de los apoyos a distintos partidos en las elecciones auton\u00f3micas de Andaluc\u00eda.<\/span><br \/>\n<span class=\"attribution\"><span class=\"source\">Elaboraci\u00f3n propia con datos de la Junta Andaluc\u00eda.<\/span>, <span class=\"license\">Author provided<\/span><\/span><\/figcaption><\/figure>\n<p>El PP obtiene una enorme victoria que est\u00e1 muy vinculada a la ca\u00edda de Ciudadanos y al <em>no crecimiento<\/em> de Vox, pero que va m\u00e1s all\u00e1. La expectativa del desplome de Ciudadanos ha llevado a una apuesta por el voto \u00fatil entre el electorado moderado-conservador andaluz. Esto ha podido afectar incluso al resultado de Vox, pues algunos de sus votantes potenciales han podido percibir que la disgregaci\u00f3n del voto conservador pod\u00eda ser perjudicial para un gobierno conservador fuerte.<\/p>\n<p>Habr\u00e1 que esperar a las encuestas poselectorales para poder analizar con detalle los trasvases de voto pero, mirando a los n\u00fameros de votos absolutos, es posible que haya un n\u00famero no insignificante de antiguos votantes del PSOE que han podido transitar hacia la opci\u00f3n del PP en un contexto en el que el PP aparece como una fuerza moderada, especialmente si ya se ha hecho la transici\u00f3n del PSOE a Ciudadanos en las anteriores elecciones.<\/p>\n<h3>\u00bfPodr\u00e1 volver el PSOE al poder en Andaluc\u00eda?<\/h3>\n<p>Los resultados son especialmente negativos para el PSOE, que no solo ha perdido (previsiblemente) un n\u00famero no despreciable de votos por el centro, sino que tampoco ha conseguido atraer votos a su izquierda. Una vez perdido el poder institucional, sus opciones de volver al poder en Andaluc\u00eda quedan seriamente da\u00f1adas a corto plazo. La izquierda en general sufre el efecto de una gran desmovilizaci\u00f3n y el miedo a la posible entrada de Vox en el gobierno no ha sido suficiente para movilizar a su electorado.<\/p>\n<p>La ca\u00edda de Ciudadanos ya se ve\u00eda venir, pero no puede dejar de mencionarse. Es reflejo de los tiempos convulsos que vive el sistema de partidos espa\u00f1ol desde hace una d\u00e9cada. La aparici\u00f3n de nuevos partidos implica que, si bien el voto no viaja de un espectro ideol\u00f3gico a otro en grandes proporciones, s\u00ed que se producen reestructuraciones considerables del voto dentro de cada bloque. Y esto, unido a los efectos del sistema electoral, tiene un efecto amplificador sobre la presencia institucional de los diferentes partidos.<\/p>\n<p>La contundencia del resultado en Andaluc\u00eda permite tambi\u00e9n sacar <a href=\"https:\/\/theconversation.com\/lo-que-los-resultados-electorales-en-andalucia-sugieren-sobre-lo-que-ocurriria-en-las-generales-185322\">algunas lecciones importantes a nivel nacional<\/a>. Es un serio aviso a los partidos en el gobierno, tanto al PSOE como a los socios de coalici\u00f3n. Por una parte, Andaluc\u00eda es la autonom\u00eda que m\u00e1s diputados aporta al Congreso de los Diputados y, como ya hemos dicho, lo vivido el 19 de junio no es un espejismo, sino reflejo de una tendencia a largo plazo. Por otro lado, es cierto que los contextos son muy diferentes y lo que ha ocurrido en Andaluc\u00eda no tiene que reproducirse a nivel nacional.<\/p>\n<p>No obstante, las incertidumbres en el horizonte econ\u00f3mico internacional (y sus previsibles repercusiones a nivel nacional) y la desmovilizaci\u00f3n acusada del voto de izquierda conforman un escenario bastante complicado para los partidos que sostienen al ejecutivo. Est\u00e1 por ver si la estrategia inaugurada por el nuevo PP en estas elecciones de Andaluc\u00eda puede imponerse en otros contextos y llevar a un cambio pol\u00edtico a nivel nacional.<\/p>\n<p><a href=\"https:\/\/theconversation.com\/profiles\/jean-baptiste-harguindeguy-1352459\">Jean Baptiste Harguind\u00e9guy<\/a>, , <em><a href=\"https:\/\/theconversation.com\/institutions\/universidad-pablo-de-olavide-1362\">Universidad Pablo de Olavide<\/a><\/em>; <a href=\"https:\/\/theconversation.com\/profiles\/antonio-m-jaime-castillo-1320762\">Antonio M. Jaime-Castillo<\/a>, Profesor Titular de Ciencia Pol\u00edtica, <em><a href=\"https:\/\/theconversation.com\/institutions\/uned-universidad-nacional-de-educacion-a-distancia-3490\">UNED &#8211; Universidad Nacional de Educaci\u00f3n a Distancia<\/a><\/em>; <a href=\"https:\/\/theconversation.com\/profiles\/francisco-javier-ramirez-leiva-1354836\">Francisco Javier Ramirez Leiva<\/a>, Assistant researcher, <em><a href=\"https:\/\/theconversation.com\/institutions\/universidad-pablo-de-olavide-1362\">Universidad Pablo de Olavide<\/a><\/em> y <a href=\"https:\/\/theconversation.com\/profiles\/xavier-coller-1312952\">Xavier Coller<\/a>, Catedr\u00e1tico, Dpto. Ciencia Pol\u00edtica y de la Administraci\u00f3n, <em><a href=\"https:\/\/theconversation.com\/institutions\/uned-universidad-nacional-de-educacion-a-distancia-3490\">UNED &#8211; Universidad Nacional de Educaci\u00f3n a Distancia<\/a><\/em><\/p>\n<p>Este art\u00edculo fue publicado originalmente en <a href=\"https:\/\/theconversation.com\">The Conversation<\/a>. Lea el <a href=\"https:\/\/theconversation.com\/el-nuevo-tablero-andaluz-un-cambio-que-se-venia-produciendo-desde-hace-20-anos-185160\">original<\/a>.<\/p>\n<p><img loading=\"lazy\" decoding=\"async\" style=\"border: none !important; box-shadow: none !important; margin: 0 !important; max-height: 1px !important; max-width: 1px !important; min-height: 1px !important; min-width: 1px !important; opacity: 0 !important; outline: none !important; padding: 0 !important;\" src=\"https:\/\/counter.theconversation.com\/content\/185160\/count.gif?distributor=republish-lightbox-advanced\" alt=\"The Conversation\" width=\"1\" height=\"1\" \/><\/p>\n","protected":false},"excerpt":{"rendered":"<p>Jean Baptiste Harguind\u00e9guy, Universidad Pablo de Olavide; Antonio M. Jaime-Castillo, UNED &#8211; Universidad Nacional de Educaci\u00f3n a Distancia; Francisco Javier Ramirez Leiva, Universidad Pablo de Olavide y Xavier Coller, UNED &#8211; Universidad Nacional de Educaci\u00f3n a Distancia Las elecciones en Andaluc\u00eda han supuesto un cambio sin precedentes en la distribuci\u00f3n de la representaci\u00f3n en el Parlamento auton\u00f3mico. No obstante, aun<a class=\"read-more\" href=\"https:\/\/www.upo.es\/diario\/theconversation\/2022\/06\/el-nuevo-tablero-andaluz-un-cambio-que-se-venia-produciendo-desde-hace-mucho\/\">[Read More&#8230;]<\/a><\/p>\n","protected":false},"author":6,"featured_media":30873636,"comment_status":"closed","ping_status":"open","sticky":false,"template":"","format":"standard","meta":{"_monsterinsights_skip_tracking":false,"_monsterinsights_sitenote_active":false,"_monsterinsights_sitenote_note":"","_monsterinsights_sitenote_category":0,"footnotes":""},"categories":[5390],"tags":[190,598,69,5079,2210],"class_list":["post-30873634","post","type-post","status-publish","format-standard","has-post-thumbnail","hentry","category-theconversation","tag-andalucia","tag-ciencias-politicas","tag-elecciones","tag-parlamento-de-andalucia","tag-partidos-politicos"],"_links":{"self":[{"href":"https:\/\/www.upo.es\/diario\/wp-json\/wp\/v2\/posts\/30873634","targetHints":{"allow":["GET"]}}],"collection":[{"href":"https:\/\/www.upo.es\/diario\/wp-json\/wp\/v2\/posts"}],"about":[{"href":"https:\/\/www.upo.es\/diario\/wp-json\/wp\/v2\/types\/post"}],"author":[{"embeddable":true,"href":"https:\/\/www.upo.es\/diario\/wp-json\/wp\/v2\/users\/6"}],"replies":[{"embeddable":true,"href":"https:\/\/www.upo.es\/diario\/wp-json\/wp\/v2\/comments?post=30873634"}],"version-history":[{"count":4,"href":"https:\/\/www.upo.es\/diario\/wp-json\/wp\/v2\/posts\/30873634\/revisions"}],"predecessor-version":[{"id":30873639,"href":"https:\/\/www.upo.es\/diario\/wp-json\/wp\/v2\/posts\/30873634\/revisions\/30873639"}],"wp:featuredmedia":[{"embeddable":true,"href":"https:\/\/www.upo.es\/diario\/wp-json\/wp\/v2\/media\/30873636"}],"wp:attachment":[{"href":"https:\/\/www.upo.es\/diario\/wp-json\/wp\/v2\/media?parent=30873634"}],"wp:term":[{"taxonomy":"category","embeddable":true,"href":"https:\/\/www.upo.es\/diario\/wp-json\/wp\/v2\/categories?post=30873634"},{"taxonomy":"post_tag","embeddable":true,"href":"https:\/\/www.upo.es\/diario\/wp-json\/wp\/v2\/tags?post=30873634"}],"curies":[{"name":"wp","href":"https:\/\/api.w.org\/{rel}","templated":true}]}}