{"id":30873648,"date":"2022-06-21T15:43:21","date_gmt":"2022-06-21T13:43:21","guid":{"rendered":"https:\/\/www.upo.es\/diario\/?p=30873648"},"modified":"2022-06-24T14:47:14","modified_gmt":"2022-06-24T12:47:14","slug":"mas-de-15000-personas-beneficiarias-en-las-actividades-y-proyectos-de-la-fundacion-upo-durante-2021","status":"publish","type":"post","link":"https:\/\/www.upo.es\/diario\/institucional\/2022\/06\/mas-de-15000-personas-beneficiarias-en-las-actividades-y-proyectos-de-la-fundacion-upo-durante-2021\/","title":{"rendered":"M\u00e1s de 15000 personas beneficiarias en las actividades y proyectos de la Fundaci\u00f3n UPO durante 2021"},"content":{"rendered":"<figure id=\"attachment_30873661\" aria-describedby=\"caption-attachment-30873661\" style=\"width: 750px\" class=\"wp-caption aligncenter\"><img loading=\"lazy\" decoding=\"async\" class=\"wp-image-30873661 size-large\" src=\"https:\/\/www.upo.es\/diario\/wp-content\/uploads\/2022\/06\/Reunion-Patronato-UPO-750x417.jpg\" alt=\"Reuni\u00f3n del Patronato de la Fundaci\u00f3n UPO\" width=\"750\" height=\"417\" srcset=\"https:\/\/www.upo.es\/diario\/wp-content\/uploads\/2022\/06\/Reunion-Patronato-UPO-750x417.jpg 750w, https:\/\/www.upo.es\/diario\/wp-content\/uploads\/2022\/06\/Reunion-Patronato-UPO-385x214.jpg 385w, https:\/\/www.upo.es\/diario\/wp-content\/uploads\/2022\/06\/Reunion-Patronato-UPO-768x427.jpg 768w, https:\/\/www.upo.es\/diario\/wp-content\/uploads\/2022\/06\/Reunion-Patronato-UPO-1536x855.jpg 1536w, https:\/\/www.upo.es\/diario\/wp-content\/uploads\/2022\/06\/Reunion-Patronato-UPO-2048x1140.jpg 2048w\" sizes=\"auto, (max-width: 750px) 100vw, 750px\" \/><figcaption id=\"caption-attachment-30873661\" class=\"wp-caption-text\">Reuni\u00f3n del Patronato de la Fundaci\u00f3n UPO<\/figcaption><\/figure>\n<p>Esta ma\u00f1ana, se ha celebrado la reuni\u00f3n del <strong>Patronato de la Fundaci\u00f3n Universidad Pablo de Olavide<\/strong> en la que se ha presentado la <strong>memoria de actividades<\/strong> y se han aprobado las<strong> cuentas anuales correspondientes al ejercicio 2021<\/strong>. En total, <strong>el pasado a\u00f1o m\u00e1s de 15000 personas han sido usuarias de los diferentes servicios y actividades que ha gestionado la Fundaci\u00f3n a trav\u00e9s de los encargos de la UPO<\/strong> y que son esenciales en el posicionamiento de la Universidad.<\/p>\n<p>Como proyectos estrat\u00e9gicos del 2021 destaca la puesta en marcha de los <a href=\"https:\/\/www.upo.es\/olavideencarmona\/cursos-desarrollo-profesional-avanzado\/\"><strong>Cursos de Desarrollo Profesional Avanzado<\/strong><\/a> o Cursos de Invierno, una nueva modalidad formativa con la que la UPO se sit\u00faa a la cabeza de las microcredenciales, una forma de aprendizaje flexible e inclusiva que permite la adquisici\u00f3n espec\u00edfica de capacidades y competencias. Asimismo, tambi\u00e9n ha sido relevante el pasado a\u00f1o la creaci\u00f3n de la Ventanilla Universidad-Empresa como medio para captar tejido empresarial y lograr relaciones de sinergia que reviertan en beneficio de estudiantes y personas egresadas de la UPO y se ha impulsado la creaci\u00f3n del Espacio Internacional de Innovaci\u00f3n Social, Cultural y Tecnol\u00f3gico Flora Trist\u00e1n tras la firma de un convenio entre la UPO y el Ayuntamiento de Sevilla.<\/p>\n<p>En cuanto a cifras, <strong>la Fundaci\u00f3n gestion\u00f3 durante 2021 un total de 2690 pr\u00e1cticas en empresas para los estudiantes de la UPO<\/strong>, tanto de grado como de postgrado, en las que han participado m\u00e1s de 1250 empresas colaboradoras. Asimismo, <strong>se ofertaron 122 cursos de Formaci\u00f3n Permanente<\/strong> en los que se matricularon 1365 estudiantes y 34 cursos de verano con m\u00e1s de 1100 estudiantes, que por primera vez se desarrollaron en tres modalidades (presencial, online y dual) adapt\u00e1ndose a los cambios y necesidades tecnol\u00f3gicas que han surgido tras la pandemia.<\/p>\n<p>En materia de <strong>empleabilidad y emprendimiento<\/strong>, se han desarrollado un total de 18 talleres formativos, se ha celebrado la XIII edici\u00f3n del Concurso UPOemprende, se han renovado programas como Inserta-dos en colaboraci\u00f3n con el Ayuntamiento de Dos Hermanas y se ha puesto en marcha Inserta-Alcal\u00e1, en colaboraci\u00f3n con el Ayuntamiento de Alcal\u00e1 de Guada\u00edra, se han atendido 95 proyectos de j\u00f3venes emprendedores y se han intensificado las actividades de formaci\u00f3n y fomento del emprendimiento dirigidas al Personal Docente e Investigador de la UPO. En total, este servicio ha atendido a 2300 personas.<\/p>\n<p>Tras un 2020 caracterizado por la pandemia, 2021 ha tra\u00eddo de vuelta diferentes actividades que no se hab\u00edan podido realizar en el a\u00f1o anterior debido a las diferentes restriscciones generadas por la pandemia. Es el caso de los cursos del <strong>Centro Universitario Internacional<\/strong>, que en 2021 ha recibido a 300 estudiantes en sus diferentes programas formativos; o la XIX edici\u00f3n de los Cursos de Verano, que se celebr\u00f3 en la sede Olavide en Carmona- Rosario Valpuesta.<\/p>\n<p>En materia deportiva, el <strong>Servicio de Deportes<\/strong> ha contado con m\u00e1s de 3600 usuarios y usuarias que han participado en sus diferentes actividades como la Sala de Musculaci\u00f3n, los entrenamientos deportivos en diferentes disciplinas, las reservas de instalaciones deportivas o actividades de ayuda a la conciliaci\u00f3n como el Campus de Verano.<\/p>\n<p>Asimismo, se han desarrollado diferentes <strong>actividades culturales y sociales<\/strong> a trav\u00e9s de la Residencia Universitaria Flora Trist\u00e1n en el Pol\u00edgono Sur; de la Oficina de Voluntariado y Compromiso Social y del Servicio de Extensi\u00f3n Cultural. Adem\u00e1s, el Aula Abierta de Mayores ha acercado la Universidad a las personas mayores de 50 a\u00f1os, con m\u00e1s de 800 alumnos y alumnas y una presencia en 22 municipios de la provincia. Por su parte, RadiOlavide, la radio universitaria de la UPO, ha estrenado 94 podcast con m\u00e1s de 27000 reproducciones en fonoteca.<\/p>\n<p>Durante 2021, la<strong> Oficina para la Igualdad<\/strong> ha promovido en la UPO diferentes actividades como talleres, cursos, conferencias, convocatorias, programas de radio, jornadas, v\u00eddeos, encuentros y publicaciones. Tambi\u00e9n ha trabajado en el II Plan de Igualdad y se ha realizado un estudio diagn\u00f3stico para el III Plan de Igualdad.<\/p>\n<p>La reuni\u00f3n del <strong>patronato<\/strong> ha estado presidida por el rector y presidente de la Fundaci\u00f3n, Francisco Oliva Bl\u00e1zquez y han asistido la presidenta del Consejo Social, Roc\u00edo Reinoso Cuevas; la vicepresidenta ejecutiva de la Fundaci\u00f3n, Laura L\u00f3pez de la Cruz; la secretaria general, Mar\u00eda Holgado Gonz\u00e1lez; y como vocales: la gerente de la UPO, Concepci\u00f3n Mart\u00edn Brenes; el vicerrector de Estrategia y Planificaci\u00f3n Acad\u00e9mica, Jos\u00e9 Antonio S\u00e1nchez Medina y el vicerrector de Campus Saludable y Deportes, Antonio Fern\u00e1ndez Mart\u00ednez. Asimismo, han estado presentes, Manuel Antonio G\u00e1lvez Rodr\u00edguez y Jos\u00e9 Mar\u00eda Cruz de Andr\u00e9s, miembros del Consejo Social de la UPO y Norberto D\u00edaz D\u00edaz, miembro del Consejo de Gobierno de la UPO.<\/p>\n<p>La Fundaci\u00f3n, que ha cumplido en 2021 su <strong>vig\u00e9simo aniversario<\/strong>, es un medio propio de la Universidad Pablo de Olavide que act\u00faa como servicio t\u00e9cnico y que desarrolla toda su actividad conforme al marco regulador de los encargos de la UPO a su Fundaci\u00f3n, atendiendo a las l\u00edneas estrat\u00e9gicas definidas por la Universidad y los vicerrectorados competentes en las distintas \u00e1reas.<\/p>\n<p><strong>M\u00e1s informaci\u00f3n:<\/strong><br \/>\n<a href=\"https:\/\/www.upo.es\/fundaciones\/wp-content\/uploads\/2022\/06\/2-Memoria-de-actividades-FUPO-2021.pdf\">Memoria de Actividades Fundaci\u00f3n Universidad Pablo de Olavide 2021<\/a><\/p>\n","protected":false},"excerpt":{"rendered":"<p>Esta ma\u00f1ana, se ha celebrado la reuni\u00f3n del Patronato de la Fundaci\u00f3n Universidad Pablo de Olavide en la que se ha presentado la memoria de actividades y se han aprobado las cuentas anuales correspondientes al ejercicio 2021. En total, el pasado a\u00f1o m\u00e1s de 15000 personas han sido usuarias de los diferentes servicios y actividades que ha gestionado la Fundaci\u00f3n a trav\u00e9s de los encargos de la UPO y que son esenciales en el posicionamiento de la Universidad.<\/p>\n","protected":false},"author":6,"featured_media":30873661,"comment_status":"closed","ping_status":"open","sticky":false,"template":"","format":"standard","meta":{"_monsterinsights_skip_tracking":false,"_monsterinsights_sitenote_active":false,"_monsterinsights_sitenote_note":"","_monsterinsights_sitenote_category":0,"footnotes":""},"categories":[6],"tags":[155,4180,2474,4179,7800,2209,730,65,492],"class_list":["post-30873648","post","type-post","status-publish","format-standard","has-post-thumbnail","hentry","category-institucional","tag-centro-universitario-internacional","tag-empleabilidad-y-emprendimiento","tag-fundacion-universidad-pablo-de-olavide","tag-memoria-de-actividades","tag-microcredenciales","tag-oficina-para-la-igualdad","tag-patronato","tag-practicas","tag-servicio-de-deportes"],"_links":{"self":[{"href":"https:\/\/www.upo.es\/diario\/wp-json\/wp\/v2\/posts\/30873648","targetHints":{"allow":["GET"]}}],"collection":[{"href":"https:\/\/www.upo.es\/diario\/wp-json\/wp\/v2\/posts"}],"about":[{"href":"https:\/\/www.upo.es\/diario\/wp-json\/wp\/v2\/types\/post"}],"author":[{"embeddable":true,"href":"https:\/\/www.upo.es\/diario\/wp-json\/wp\/v2\/users\/6"}],"replies":[{"embeddable":true,"href":"https:\/\/www.upo.es\/diario\/wp-json\/wp\/v2\/comments?post=30873648"}],"version-history":[{"count":3,"href":"https:\/\/www.upo.es\/diario\/wp-json\/wp\/v2\/posts\/30873648\/revisions"}],"predecessor-version":[{"id":30873662,"href":"https:\/\/www.upo.es\/diario\/wp-json\/wp\/v2\/posts\/30873648\/revisions\/30873662"}],"wp:featuredmedia":[{"embeddable":true,"href":"https:\/\/www.upo.es\/diario\/wp-json\/wp\/v2\/media\/30873661"}],"wp:attachment":[{"href":"https:\/\/www.upo.es\/diario\/wp-json\/wp\/v2\/media?parent=30873648"}],"wp:term":[{"taxonomy":"category","embeddable":true,"href":"https:\/\/www.upo.es\/diario\/wp-json\/wp\/v2\/categories?post=30873648"},{"taxonomy":"post_tag","embeddable":true,"href":"https:\/\/www.upo.es\/diario\/wp-json\/wp\/v2\/tags?post=30873648"}],"curies":[{"name":"wp","href":"https:\/\/api.w.org\/{rel}","templated":true}]}}