{"id":30873652,"date":"2022-06-22T09:31:23","date_gmt":"2022-06-22T07:31:23","guid":{"rendered":"https:\/\/www.upo.es\/diario\/?p=30873652"},"modified":"2022-06-22T15:15:17","modified_gmt":"2022-06-22T13:15:17","slug":"la-red-iberoamericana-de-universidades-comprometidas-con-la-educacion-en-derechos-humanos-celebra-sus-jornadas-generales","status":"publish","type":"post","link":"https:\/\/www.upo.es\/diario\/cultura-social\/2022\/06\/la-red-iberoamericana-de-universidades-comprometidas-con-la-educacion-en-derechos-humanos-celebra-sus-jornadas-generales\/","title":{"rendered":"La Red Iberoamericana de Universidades comprometidas con la Educaci\u00f3n en Derechos Humanos celebra sus Jornadas Generales"},"content":{"rendered":"<figure id=\"attachment_30873653\" aria-describedby=\"caption-attachment-30873653\" style=\"width: 750px\" class=\"wp-caption aligncenter\"><a href=\"https:\/\/www.upo.es\/diario\/wp-content\/uploads\/2022\/06\/Foto-Mexico-scaled.jpeg\"><img loading=\"lazy\" decoding=\"async\" class=\"wp-image-30873653 size-large\" src=\"https:\/\/www.upo.es\/diario\/wp-content\/uploads\/2022\/06\/Foto-Mexico-scaled-e1655882526445-750x587.jpeg\" alt=\"\" width=\"750\" height=\"587\" srcset=\"https:\/\/www.upo.es\/diario\/wp-content\/uploads\/2022\/06\/Foto-Mexico-scaled-e1655882526445-750x587.jpeg 750w, https:\/\/www.upo.es\/diario\/wp-content\/uploads\/2022\/06\/Foto-Mexico-scaled-e1655882526445-385x301.jpeg 385w, https:\/\/www.upo.es\/diario\/wp-content\/uploads\/2022\/06\/Foto-Mexico-scaled-e1655882526445-768x601.jpeg 768w, https:\/\/www.upo.es\/diario\/wp-content\/uploads\/2022\/06\/Foto-Mexico-scaled-e1655882526445-1536x1202.jpeg 1536w, https:\/\/www.upo.es\/diario\/wp-content\/uploads\/2022\/06\/Foto-Mexico-scaled-e1655882526445-2048x1603.jpeg 2048w, https:\/\/www.upo.es\/diario\/wp-content\/uploads\/2022\/06\/Foto-Mexico-scaled-e1655882526445-1320x1033.jpeg 1320w\" sizes=\"auto, (max-width: 750px) 100vw, 750px\" \/><\/a><figcaption id=\"caption-attachment-30873653\" class=\"wp-caption-text\">David Cobos, Guillermo Dom\u00ednguez y Esther Prieto, con las autoridades de universidades de M\u00e9xico y El Salvador.<\/figcaption><\/figure>\n<p>La Universidad Pablo de Olavide ha participado recientemente en las <strong>Jornadas Generales de la Red Iberoamericana de Universidades comprometidas con la Educaci\u00f3n en Derechos Humanos celebradas en la Ciudad de M\u00e9xico<\/strong>. El evento se ha desarrollado en la Unidad de Seminarios Dr. Ignacio Ch\u00e1vez, perteneciente a la <strong>Universidad Nacional Aut\u00f3noma de M\u00e9xico (UNAM),<\/strong> sede de la Red en Mesoam\u00e9rica, que ha ejercido de anfitriona ejemplar con todas las personas representantes de la Red.<\/p>\n<p>La participaci\u00f3n en las mismas se ha realizado, como en ediciones anteriores, en modalidad dual, estando presentes en M\u00e9xico los representantes de cinco universidades de M\u00e9xico, El Salvador y Espa\u00f1a y en modalidad <em>online <\/em>el resto de representantes de las 23 universidades restantes que integran la Red. Por parte de la Universidad Pablo de Olavide han participado el coordinador de la Red, <strong>Guillermo Dom\u00ednguez; <\/strong>el vicerrector de Cultura y Pol\u00edticas Sociales,<strong> David Cobos; <\/strong>y la directora general de Innovaci\u00f3n Social<strong>, Esther Prieto.<\/strong><\/p>\n<p>El objetivo de estas jornadas ha sido comenzar con la descentralizaci\u00f3n del trabajo que se viene realizando en la Red por comisiones, y articular los grupos de trabajo por los ejes estrat\u00e9gicos de la misma: formaci\u00f3n, investigaci\u00f3n, intervenci\u00f3n y publicaci\u00f3n.<\/p>\n<p>De igual forma, ha sido objeto de trabajo en estas sesiones la preparaci\u00f3n del <strong>I Congreso de Educaci\u00f3n en Derechos Humanos, Ciudadan\u00eda Democr\u00e1tica y Desarrollo Sostenible<\/strong>, que acoger\u00e1 la Universidad Pablo de Olavide los pr\u00f3ximos d\u00edas 5, 6 y 7 de octubre de 2022, en el marco de la celebraci\u00f3n del 25\u00ba aniversario. La presencia de los representantes de la UPO en M\u00e9xico ha servido adem\u00e1s para <strong>ampliar y fortalecer las magn\u00edficas relaciones preexistentes entre la UPO y la UNAM<\/strong>. De este modo, se ha conversado en l\u00edneas de trabajo de cooperaci\u00f3n interinstitucional en materia de pol\u00edticas sociales que se sustanciar\u00e1n en breve con la firma de un convenio espec\u00edfico de colaboraci\u00f3n.<\/p>\n<p><strong>La Red est\u00e1 integrada por 28 universidades de 15 pa\u00edses iberoamericanos<\/strong>, unidos con el fin de hacer de la instituci\u00f3n universitaria un espacio de educaci\u00f3n e innovaci\u00f3n social en el marco de los Derechos Humanos. Todas las acciones que se realizan en la misma est\u00e1n sustentadas por la <strong>C\u00e1tedra Iberoamericana de Educaci\u00f3n en Derechos Humanos, Ciudadan\u00eda Cr\u00edtica y Desarrollo Sostenible<\/strong>, dirigida por el profesor de la UPO Guillermo Dom\u00ednguez.<\/p>\n","protected":false},"excerpt":{"rendered":"<p>La Universidad Pablo de Olavide ha participado recientemente en las Jornadas Generales de la Red Iberoamericana de Universidades comprometidas con la Educaci\u00f3n en Derechos Humanos celebradas en la Ciudad de M\u00e9xico. El evento se ha desarrollado en la Unidad de Seminarios Dr. Ignacio Ch\u00e1vez, perteneciente a la Universidad Nacional Aut\u00f3noma de M\u00e9xico (UNAM), sede de la Red en Mesoam\u00e9rica, que ha ejercido de anfitriona ejemplar con todas las personas representantes de la Red.<\/p>\n","protected":false},"author":15,"featured_media":30873653,"comment_status":"closed","ping_status":"open","sticky":false,"template":"","format":"standard","meta":{"_monsterinsights_skip_tracking":false,"_monsterinsights_sitenote_active":false,"_monsterinsights_sitenote_note":"","_monsterinsights_sitenote_category":0,"footnotes":""},"categories":[5843],"tags":[3595,5746,92,465,7922,1765,7921,7920,39],"class_list":["post-30873652","post","type-post","status-publish","format-standard","has-post-thumbnail","hentry","category-cultura-social","tag-david-cobos","tag-declaracion-universal-de-los-derechos-humanos","tag-derechos-humanos","tag-educacion","tag-esther-prieto","tag-guillermo-dominguez","tag-jornadas-generales","tag-red-iberoamericana","tag-universidades"],"_links":{"self":[{"href":"https:\/\/www.upo.es\/diario\/wp-json\/wp\/v2\/posts\/30873652","targetHints":{"allow":["GET"]}}],"collection":[{"href":"https:\/\/www.upo.es\/diario\/wp-json\/wp\/v2\/posts"}],"about":[{"href":"https:\/\/www.upo.es\/diario\/wp-json\/wp\/v2\/types\/post"}],"author":[{"embeddable":true,"href":"https:\/\/www.upo.es\/diario\/wp-json\/wp\/v2\/users\/15"}],"replies":[{"embeddable":true,"href":"https:\/\/www.upo.es\/diario\/wp-json\/wp\/v2\/comments?post=30873652"}],"version-history":[{"count":4,"href":"https:\/\/www.upo.es\/diario\/wp-json\/wp\/v2\/posts\/30873652\/revisions"}],"predecessor-version":[{"id":30873657,"href":"https:\/\/www.upo.es\/diario\/wp-json\/wp\/v2\/posts\/30873652\/revisions\/30873657"}],"wp:featuredmedia":[{"embeddable":true,"href":"https:\/\/www.upo.es\/diario\/wp-json\/wp\/v2\/media\/30873653"}],"wp:attachment":[{"href":"https:\/\/www.upo.es\/diario\/wp-json\/wp\/v2\/media?parent=30873652"}],"wp:term":[{"taxonomy":"category","embeddable":true,"href":"https:\/\/www.upo.es\/diario\/wp-json\/wp\/v2\/categories?post=30873652"},{"taxonomy":"post_tag","embeddable":true,"href":"https:\/\/www.upo.es\/diario\/wp-json\/wp\/v2\/tags?post=30873652"}],"curies":[{"name":"wp","href":"https:\/\/api.w.org\/{rel}","templated":true}]}}