{"id":30873709,"date":"2022-06-24T10:07:22","date_gmt":"2022-06-24T08:07:22","guid":{"rendered":"https:\/\/www.upo.es\/diario\/?p=30873709"},"modified":"2022-06-24T10:07:22","modified_gmt":"2022-06-24T08:07:22","slug":"la-promocion-2018-22-de-los-grados-en-derecho-y-en-derecho-hispano-aleman-celebra-su-ceremonia-de-graduacion","status":"publish","type":"post","link":"https:\/\/www.upo.es\/diario\/comunidad\/2022\/06\/la-promocion-2018-22-de-los-grados-en-derecho-y-en-derecho-hispano-aleman-celebra-su-ceremonia-de-graduacion\/","title":{"rendered":"La promoci\u00f3n 2018\/22 de los Grados en Derecho y en Derecho Hispano-Alem\u00e1n celebra su ceremonia de graduaci\u00f3n"},"content":{"rendered":"<figure id=\"attachment_30873710\" aria-describedby=\"caption-attachment-30873710\" style=\"width: 750px\" class=\"wp-caption aligncenter\"><a href=\"https:\/\/www.upo.es\/diario\/wp-content\/uploads\/2022\/06\/220623UPO_285-scaled.jpg\"><img loading=\"lazy\" decoding=\"async\" class=\"size-large wp-image-30873710\" src=\"https:\/\/www.upo.es\/diario\/wp-content\/uploads\/2022\/06\/220623UPO_285-750x499.jpg\" alt=\"\" width=\"750\" height=\"499\" srcset=\"https:\/\/www.upo.es\/diario\/wp-content\/uploads\/2022\/06\/220623UPO_285-750x499.jpg 750w, https:\/\/www.upo.es\/diario\/wp-content\/uploads\/2022\/06\/220623UPO_285-385x256.jpg 385w, https:\/\/www.upo.es\/diario\/wp-content\/uploads\/2022\/06\/220623UPO_285-768x511.jpg 768w, https:\/\/www.upo.es\/diario\/wp-content\/uploads\/2022\/06\/220623UPO_285-1536x1021.jpg 1536w, https:\/\/www.upo.es\/diario\/wp-content\/uploads\/2022\/06\/220623UPO_285-2048x1362.jpg 2048w, https:\/\/www.upo.es\/diario\/wp-content\/uploads\/2022\/06\/220623UPO_285-165x109.jpg 165w, https:\/\/www.upo.es\/diario\/wp-content\/uploads\/2022\/06\/220623UPO_285-1320x878.jpg 1320w\" sizes=\"auto, (max-width: 750px) 100vw, 750px\" \/><\/a><figcaption id=\"caption-attachment-30873710\" class=\"wp-caption-text\">Promociones 2018\/2022 del Grado en Derecho y el Doble Grado en Derecho Hispano-Alem\u00e1n.<\/figcaption><\/figure>\n<p>La ceremonia de fin de grado de las promociones 2018\/2022 de Derecho y el Doble Grado en Derecho Hispano-Alem\u00e1n con la Universidad de Bayreuth se celebr\u00f3 ayer jueves en el Paraninfo de la Universidad Pablo de Olavide. El acto fue presidido por la decana de la Facultad de Derecho, Mar\u00eda Serrano Fern\u00e1ndez.<\/p>\n<figure id=\"attachment_30873711\" aria-describedby=\"caption-attachment-30873711\" style=\"width: 385px\" class=\"wp-caption alignright\"><a href=\"https:\/\/www.upo.es\/diario\/wp-content\/uploads\/2022\/06\/220623UPO_067-scaled.jpg\"><img loading=\"lazy\" decoding=\"async\" class=\"size-medium wp-image-30873711\" src=\"https:\/\/www.upo.es\/diario\/wp-content\/uploads\/2022\/06\/220623UPO_067-385x257.jpg\" alt=\"\" width=\"385\" height=\"257\" srcset=\"https:\/\/www.upo.es\/diario\/wp-content\/uploads\/2022\/06\/220623UPO_067-385x257.jpg 385w, https:\/\/www.upo.es\/diario\/wp-content\/uploads\/2022\/06\/220623UPO_067-750x500.jpg 750w, https:\/\/www.upo.es\/diario\/wp-content\/uploads\/2022\/06\/220623UPO_067-768x512.jpg 768w, https:\/\/www.upo.es\/diario\/wp-content\/uploads\/2022\/06\/220623UPO_067-1536x1024.jpg 1536w, https:\/\/www.upo.es\/diario\/wp-content\/uploads\/2022\/06\/220623UPO_067-2048x1365.jpg 2048w, https:\/\/www.upo.es\/diario\/wp-content\/uploads\/2022\/06\/220623UPO_067-165x109.jpg 165w, https:\/\/www.upo.es\/diario\/wp-content\/uploads\/2022\/06\/220623UPO_067-1320x880.jpg 1320w\" sizes=\"auto, (max-width: 385px) 100vw, 385px\" \/><\/a><figcaption id=\"caption-attachment-30873711\" class=\"wp-caption-text\">Padrino de las promociones.<\/figcaption><\/figure>\n<p>El padrino ha sido Javier Rufino Rus, teniente fiscal inspector de la Inspecci\u00f3n Fiscal General del Estado. A la ceremonia tambi\u00e9n han asistido Luc\u00eda Alvarado Herrera, secretaria de la Facultad de Derecho de la UPO, Mar\u00eda Jos\u00e9 Collantes de Ter\u00e1n de la Hera, directora acad\u00e9mica del Grado en Derecho, y Andr\u00e9s Rodr\u00edguez Benot, director acad\u00e9mico del Doble Grado en Derecho Hispano-Alem\u00e1n.<\/p>\n<p>En representaci\u00f3n del alumnado egresado, pronunciaron los discursos Reyes Alc\u00e1ntara Ramos y An\u00edbal Jos\u00e9 Garc\u00e9s Troncoso del Grado en Derecho; y Bego\u00f1a Vega Rivero y Beatriz Capote Ochoa de Retana del Doble Grado en Derecho Hispano-Alem\u00e1n. Un total de 90 egresados y egresadas asistieron, junto a sus familiares, a este acto con el que la Universidad Pablo de Olavide recupera una antigua tradici\u00f3n de las universidades europeas.<\/p>\n","protected":false},"excerpt":{"rendered":"<p>La ceremonia de fin de grado de las promociones 2018\/2022 de Derecho y el Doble Grado en Derecho Hispano-Alem\u00e1n con la Universidad de Bayreuth se ha celebrado en el Paraninfo de la Universidad Pablo de Olavide. Un total de 90 egresados y egresadas asistieron, junto a sus familiares, a este acto con el que UPO recupera una antigua tradici\u00f3n de las universidades europeas<\/p>\n","protected":false},"author":4,"featured_media":30873710,"comment_status":"closed","ping_status":"open","sticky":false,"template":"","format":"standard","meta":{"_monsterinsights_skip_tracking":false,"_monsterinsights_sitenote_active":false,"_monsterinsights_sitenote_note":"","_monsterinsights_sitenote_category":0,"footnotes":""},"categories":[5842],"tags":[581,5051,81,1366],"class_list":["post-30873709","post","type-post","status-publish","format-standard","has-post-thumbnail","hentry","category-comunidad","tag-ceremonia-de-egresados","tag-doble-grado-en-derecho-hispano-aleman","tag-facultad-de-derecho","tag-grado-en-derecho"],"_links":{"self":[{"href":"https:\/\/www.upo.es\/diario\/wp-json\/wp\/v2\/posts\/30873709","targetHints":{"allow":["GET"]}}],"collection":[{"href":"https:\/\/www.upo.es\/diario\/wp-json\/wp\/v2\/posts"}],"about":[{"href":"https:\/\/www.upo.es\/diario\/wp-json\/wp\/v2\/types\/post"}],"author":[{"embeddable":true,"href":"https:\/\/www.upo.es\/diario\/wp-json\/wp\/v2\/users\/4"}],"replies":[{"embeddable":true,"href":"https:\/\/www.upo.es\/diario\/wp-json\/wp\/v2\/comments?post=30873709"}],"version-history":[{"count":1,"href":"https:\/\/www.upo.es\/diario\/wp-json\/wp\/v2\/posts\/30873709\/revisions"}],"predecessor-version":[{"id":30873712,"href":"https:\/\/www.upo.es\/diario\/wp-json\/wp\/v2\/posts\/30873709\/revisions\/30873712"}],"wp:featuredmedia":[{"embeddable":true,"href":"https:\/\/www.upo.es\/diario\/wp-json\/wp\/v2\/media\/30873710"}],"wp:attachment":[{"href":"https:\/\/www.upo.es\/diario\/wp-json\/wp\/v2\/media?parent=30873709"}],"wp:term":[{"taxonomy":"category","embeddable":true,"href":"https:\/\/www.upo.es\/diario\/wp-json\/wp\/v2\/categories?post=30873709"},{"taxonomy":"post_tag","embeddable":true,"href":"https:\/\/www.upo.es\/diario\/wp-json\/wp\/v2\/tags?post=30873709"}],"curies":[{"name":"wp","href":"https:\/\/api.w.org\/{rel}","templated":true}]}}