{"id":30873738,"date":"2022-06-27T10:19:02","date_gmt":"2022-06-27T08:19:02","guid":{"rendered":"https:\/\/www.upo.es\/diario\/?p=30873738"},"modified":"2022-06-27T10:19:02","modified_gmt":"2022-06-27T08:19:02","slug":"trabajo-en-equipo-por-la-inclusion","status":"publish","type":"post","link":"https:\/\/www.upo.es\/diario\/video\/2022\/06\/trabajo-en-equipo-por-la-inclusion\/","title":{"rendered":"Trabajo en equipo por la inclusi\u00f3n"},"content":{"rendered":"<p><iframe loading=\"lazy\" title=\"YouTube video player\" src=\"https:\/\/www.youtube.com\/embed\/XMM4QUQ2Yd4\" width=\"560\" height=\"315\" frameborder=\"0\" allowfullscreen=\"allowfullscreen\"><\/iframe><br \/>\nEntrevista a<strong> Mercedes Molina, presidenta y fundadora de Autismo Sevilla<\/strong>, en un nuevo v\u00eddeo de la serie &#8216;UPO Inclusiva&#8217;, conducido y dirigido por el comunicador social <strong>Claudio Vergara<\/strong>. &#8216;UPO Inclusiva&#8217; es una iniciativa de divulgaci\u00f3n sobre inclusi\u00f3n y diversidad funcional del<strong> Servicio de Atenci\u00f3n a la Diversidad Funcional (SADF)<\/strong> de la Universidad Pablo de Olavide con el apoyo del Laboratorio Multimedia de la Biblioteca\/CRAI.<\/p>\n","protected":false},"excerpt":{"rendered":"<p>Entrevista a Mercedes Molina, presidenta y fundadora de Autismo Sevilla, en un nuevo v\u00eddeo de la serie &#8216;UPO Inclusiva&#8217;, conducido y dirigido por el comunicador social Claudio Vergara.<\/p>\n","protected":false},"author":6,"featured_media":30873739,"comment_status":"closed","ping_status":"open","sticky":false,"template":"","format":"video","meta":{"_monsterinsights_skip_tracking":false,"_monsterinsights_sitenote_active":false,"_monsterinsights_sitenote_note":"","_monsterinsights_sitenote_category":0,"footnotes":""},"categories":[6038],"tags":[4642,2540,6213],"class_list":["post-30873738","post","type-post","status-publish","format-video","has-post-thumbnail","hentry","category-video","tag-autismo-sevilla","tag-inclusion-social","tag-servicio-de-atencion-a-la-diversidad-funcional","post_format-post-format-video"],"_links":{"self":[{"href":"https:\/\/www.upo.es\/diario\/wp-json\/wp\/v2\/posts\/30873738","targetHints":{"allow":["GET"]}}],"collection":[{"href":"https:\/\/www.upo.es\/diario\/wp-json\/wp\/v2\/posts"}],"about":[{"href":"https:\/\/www.upo.es\/diario\/wp-json\/wp\/v2\/types\/post"}],"author":[{"embeddable":true,"href":"https:\/\/www.upo.es\/diario\/wp-json\/wp\/v2\/users\/6"}],"replies":[{"embeddable":true,"href":"https:\/\/www.upo.es\/diario\/wp-json\/wp\/v2\/comments?post=30873738"}],"version-history":[{"count":1,"href":"https:\/\/www.upo.es\/diario\/wp-json\/wp\/v2\/posts\/30873738\/revisions"}],"predecessor-version":[{"id":30873740,"href":"https:\/\/www.upo.es\/diario\/wp-json\/wp\/v2\/posts\/30873738\/revisions\/30873740"}],"wp:featuredmedia":[{"embeddable":true,"href":"https:\/\/www.upo.es\/diario\/wp-json\/wp\/v2\/media\/30873739"}],"wp:attachment":[{"href":"https:\/\/www.upo.es\/diario\/wp-json\/wp\/v2\/media?parent=30873738"}],"wp:term":[{"taxonomy":"category","embeddable":true,"href":"https:\/\/www.upo.es\/diario\/wp-json\/wp\/v2\/categories?post=30873738"},{"taxonomy":"post_tag","embeddable":true,"href":"https:\/\/www.upo.es\/diario\/wp-json\/wp\/v2\/tags?post=30873738"}],"curies":[{"name":"wp","href":"https:\/\/api.w.org\/{rel}","templated":true}]}}