{"id":30873746,"date":"2022-06-27T14:13:47","date_gmt":"2022-06-27T12:13:47","guid":{"rendered":"https:\/\/www.upo.es\/diario\/?p=30873746"},"modified":"2022-06-28T12:22:24","modified_gmt":"2022-06-28T10:22:24","slug":"comienza-el-campus-deportivo-de-verano-de-la-universidad-pablo-de-olavide-2","status":"publish","type":"post","link":"https:\/\/www.upo.es\/diario\/comunidad\/2022\/06\/comienza-el-campus-deportivo-de-verano-de-la-universidad-pablo-de-olavide-2\/","title":{"rendered":"Comienza el Campus Deportivo de Verano de la Universidad Pablo de Olavide"},"content":{"rendered":"<figure id=\"attachment_30873747\" aria-describedby=\"caption-attachment-30873747\" style=\"width: 750px\" class=\"wp-caption aligncenter\"><img loading=\"lazy\" decoding=\"async\" class=\"wp-image-30873747 size-large\" src=\"https:\/\/www.upo.es\/diario\/wp-content\/uploads\/2022\/06\/IMG_4650-750x500.jpg\" alt=\"Antonio Fern\u00e1ndez, vicerrector de Campus Saludable y Deporte, da la bienvenida a los ni\u00f1os y ni\u00f1as\" width=\"750\" height=\"500\" srcset=\"https:\/\/www.upo.es\/diario\/wp-content\/uploads\/2022\/06\/IMG_4650-750x500.jpg 750w, https:\/\/www.upo.es\/diario\/wp-content\/uploads\/2022\/06\/IMG_4650-385x257.jpg 385w, https:\/\/www.upo.es\/diario\/wp-content\/uploads\/2022\/06\/IMG_4650-768x512.jpg 768w, https:\/\/www.upo.es\/diario\/wp-content\/uploads\/2022\/06\/IMG_4650-1536x1024.jpg 1536w\" sizes=\"auto, (max-width: 750px) 100vw, 750px\" \/><figcaption id=\"caption-attachment-30873747\" class=\"wp-caption-text\">Antonio Fern\u00e1ndez, vicerrector de Campus Saludable y Deporte, da la bienvenida a los ni\u00f1os y ni\u00f1as<\/figcaption><\/figure>\n<p>Las instalaciones deportivas de la Universidad Pablo de Olavide han dado la bienvenida esta ma\u00f1ana a<strong> los ni\u00f1os y ni\u00f1as que durante las pr\u00f3ximas semanas disfrutar\u00e1n del Campus Deportivo de Verano de la universidad<\/strong>. Una actividad puesta en marcha por el Vicerrectorado de Campus Saludable y Deporte y el Servicio de Deportes para ayudar a la conciliaci\u00f3n de las familias que trabajan durante los meses de junio y julio, coincidiendo con las vacaciones de Educaci\u00f3n Infantil y Primaria.<\/p>\n<p>Con el lema <strong>\u2018Cuidemos el agua, mejoremos el planeta\u2019<\/strong>, el campus presenta diferentes actividades entorno a la tem\u00e1tica\u00a0 que se combinar\u00e1n con actividades deportivas (atletismo, baloncesto, gimnasia, f\u00fatbol, rugby, hockey, balonmano, voleibol y juegos de raqueta). A lo largo de las cinco semanas que tiene de duraci\u00f3n este proyecto, los<strong> ni\u00f1os y ni\u00f1as disfrutar\u00e1n en un marco ludomotriz y de potenciaci\u00f3n de los valores sociales y desarrollar\u00e1n actividades sobre el agua como recurso natural, su cuidado, las propiedades, las utilidades y su importancia<\/strong>.<\/p>\n<p>Como novedad en esta edici\u00f3n, <strong>la empresa p\u00fablica Emasesa impartir\u00e1 dos talleres<\/strong>: el primero de ellos, \u2018El tanque de mi casa\u2019, se desarrollar\u00e1 a lo largo de la primera semana y versar\u00e1 sobre la sequ\u00eda; y el segundo de ellos \u2018Stop toallitas\u2019, sobre el uso de toallitas h\u00famedas, se celebrar\u00e1 en la \u00faltima semana del campus. Tambi\u00e9n este a\u00f1o y como otra de las novedades, la empresa Coca-Cola facilitar\u00e1 a los m\u00e1s peque\u00f1os material de indumentaria.<\/p>\n<p><a href=\"https:\/\/www.upo.es\/diario\/wp-content\/uploads\/2022\/06\/Campus-Deportivo-de-Verano-2022.png\"><img loading=\"lazy\" decoding=\"async\" class=\"alignright size-medium wp-image-30873103\" src=\"https:\/\/www.upo.es\/diario\/wp-content\/uploads\/2022\/06\/Campus-Deportivo-de-Verano-2022-272x385.png\" alt=\"Campus deportivo de verano 2022\" width=\"272\" height=\"385\" srcset=\"https:\/\/www.upo.es\/diario\/wp-content\/uploads\/2022\/06\/Campus-Deportivo-de-Verano-2022-272x385.png 272w, https:\/\/www.upo.es\/diario\/wp-content\/uploads\/2022\/06\/Campus-Deportivo-de-Verano-2022-530x750.png 530w, https:\/\/www.upo.es\/diario\/wp-content\/uploads\/2022\/06\/Campus-Deportivo-de-Verano-2022-768x1086.png 768w, https:\/\/www.upo.es\/diario\/wp-content\/uploads\/2022\/06\/Campus-Deportivo-de-Verano-2022-1086x1536.png 1086w, https:\/\/www.upo.es\/diario\/wp-content\/uploads\/2022\/06\/Campus-Deportivo-de-Verano-2022.png 1191w\" sizes=\"auto, (max-width: 272px) 100vw, 272px\" \/><\/a>Todas las actividades se desarrollar\u00e1n en las instalaciones de la UPO y tendr\u00e1n un horario de 8,30 a 14,55 horas, coincidiendo con la jornada laboral de los padres. Los ni\u00f1os y ni\u00f1as estar\u00e1n agrupados en tres grupos seg\u00fan rango de edad similar y en todo momento los menores estar\u00e1n atendidos por profesionales del \u00e1mbito de la educaci\u00f3n y el deporte y contar\u00e1n con un seguro de accidentes y de atenci\u00f3n sanitaria.<\/p>\n<p>El campus, gestionado por la Fundaci\u00f3n Universidad Pablo de Olavide a trav\u00e9s del Servicio de Deportes, y bajo las directrices del Vicerrectorado de Campus Saludable y Deporte, cuenta con la financiaci\u00f3n de la Fundaci\u00f3n Cajasol y el Ayuntamiento de Dos Hermanas y con la colaboraci\u00f3n de Emasesa, Coca-Cola y Rroppas S.L.<\/p>\n","protected":false},"excerpt":{"rendered":"<p>Las instalaciones deportivas de la Universidad Pablo de Olavide han dado la bienvenida esta ma\u00f1ana a los ni\u00f1os y ni\u00f1as que durante las pr\u00f3ximas semanas disfrutar\u00e1n del Campus Deportivo de Verano de la universidad. Una actividad puesta en marcha por el Vicerrectorado de Campus Saludable y Deporte y el Servicio de Deportes para ayudar a la conciliaci\u00f3n de las familias que trabajan durante los meses de junio y julio, coincidiendo con las vacaciones de Educaci\u00f3n Infantil y Primaria. <\/p>\n","protected":false},"author":6,"featured_media":30873747,"comment_status":"closed","ping_status":"open","sticky":false,"template":"","format":"standard","meta":{"_monsterinsights_skip_tracking":false,"_monsterinsights_sitenote_active":false,"_monsterinsights_sitenote_note":"","_monsterinsights_sitenote_category":0,"footnotes":""},"categories":[5842],"tags":[7440,2178,2474,232,492,7253],"class_list":["post-30873746","post","type-post","status-publish","format-standard","has-post-thumbnail","hentry","category-comunidad","tag-campus-deportivo-de-verano","tag-conciliacion-familiar","tag-fundacion-universidad-pablo-de-olavide","tag-sdupo","tag-servicio-de-deportes","tag-vicerrectorado-de-campus-saludable-y-deporte"],"_links":{"self":[{"href":"https:\/\/www.upo.es\/diario\/wp-json\/wp\/v2\/posts\/30873746","targetHints":{"allow":["GET"]}}],"collection":[{"href":"https:\/\/www.upo.es\/diario\/wp-json\/wp\/v2\/posts"}],"about":[{"href":"https:\/\/www.upo.es\/diario\/wp-json\/wp\/v2\/types\/post"}],"author":[{"embeddable":true,"href":"https:\/\/www.upo.es\/diario\/wp-json\/wp\/v2\/users\/6"}],"replies":[{"embeddable":true,"href":"https:\/\/www.upo.es\/diario\/wp-json\/wp\/v2\/comments?post=30873746"}],"version-history":[{"count":4,"href":"https:\/\/www.upo.es\/diario\/wp-json\/wp\/v2\/posts\/30873746\/revisions"}],"predecessor-version":[{"id":30873751,"href":"https:\/\/www.upo.es\/diario\/wp-json\/wp\/v2\/posts\/30873746\/revisions\/30873751"}],"wp:featuredmedia":[{"embeddable":true,"href":"https:\/\/www.upo.es\/diario\/wp-json\/wp\/v2\/media\/30873747"}],"wp:attachment":[{"href":"https:\/\/www.upo.es\/diario\/wp-json\/wp\/v2\/media?parent=30873746"}],"wp:term":[{"taxonomy":"category","embeddable":true,"href":"https:\/\/www.upo.es\/diario\/wp-json\/wp\/v2\/categories?post=30873746"},{"taxonomy":"post_tag","embeddable":true,"href":"https:\/\/www.upo.es\/diario\/wp-json\/wp\/v2\/tags?post=30873746"}],"curies":[{"name":"wp","href":"https:\/\/api.w.org\/{rel}","templated":true}]}}