{"id":30873753,"date":"2022-06-27T14:36:34","date_gmt":"2022-06-27T12:36:34","guid":{"rendered":"https:\/\/www.upo.es\/diario\/?p=30873753"},"modified":"2022-07-01T15:13:31","modified_gmt":"2022-07-01T13:13:31","slug":"inauguracion-20-edicion-cursos-verano-carmona","status":"publish","type":"post","link":"https:\/\/www.upo.es\/diario\/institucional\/2022\/06\/inauguracion-20-edicion-cursos-verano-carmona\/","title":{"rendered":"La consejera de Cultura, el rector de la UPO y el alcalde de Carmona inauguran la 20 edici\u00f3n de los cursos de verano"},"content":{"rendered":"<figure id=\"attachment_30873755\" aria-describedby=\"caption-attachment-30873755\" style=\"width: 750px\" class=\"wp-caption aligncenter\"><a href=\"https:\/\/www.upo.es\/diario\/wp-content\/uploads\/2022\/06\/Inaug-CuVe-2022-3.jpg\"><img loading=\"lazy\" decoding=\"async\" class=\"wp-image-30873755 size-large\" src=\"https:\/\/www.upo.es\/diario\/wp-content\/uploads\/2022\/06\/Inaug-CuVe-2022-3-750x500.jpg\" alt=\"Laura L\u00f3pez de la Cruz, Francisco Oliva, Patricia del Pozo, Juan \u00c1vila y Antonio Pulido\" width=\"750\" height=\"500\" srcset=\"https:\/\/www.upo.es\/diario\/wp-content\/uploads\/2022\/06\/Inaug-CuVe-2022-3-750x500.jpg 750w, https:\/\/www.upo.es\/diario\/wp-content\/uploads\/2022\/06\/Inaug-CuVe-2022-3-385x257.jpg 385w, https:\/\/www.upo.es\/diario\/wp-content\/uploads\/2022\/06\/Inaug-CuVe-2022-3-768x512.jpg 768w, https:\/\/www.upo.es\/diario\/wp-content\/uploads\/2022\/06\/Inaug-CuVe-2022-3-1536x1023.jpg 1536w, https:\/\/www.upo.es\/diario\/wp-content\/uploads\/2022\/06\/Inaug-CuVe-2022-3-165x109.jpg 165w, https:\/\/www.upo.es\/diario\/wp-content\/uploads\/2022\/06\/Inaug-CuVe-2022-3-1320x879.jpg 1320w, https:\/\/www.upo.es\/diario\/wp-content\/uploads\/2022\/06\/Inaug-CuVe-2022-3.jpg 1600w\" sizes=\"auto, (max-width: 750px) 100vw, 750px\" \/><\/a><figcaption id=\"caption-attachment-30873755\" class=\"wp-caption-text\">Laura L\u00f3pez de la Cruz, Francisco Oliva, Patricia del Pozo, Juan \u00c1vila y Antonio Pulido<\/figcaption><\/figure>\n<p>La consejera de Cultura y Patrimonio Hist\u00f3rico en funciones de la Junta de Andaluc\u00eda, <strong>Patricia del Pozo Fern\u00e1ndez<\/strong>; el rector de la Universidad Pablo de Olavide, <strong>Francisco Oliva Bl\u00e1zquez<\/strong>; el alcalde de Carmona, <strong>Juan \u00c1vila Guti\u00e9rrez<\/strong>; la vicerrectora de Relaciones Institucionales y Fundaciones, <strong>Laura L\u00f3pez de la Cruz<\/strong> y el presidente de la Fundaci\u00f3n Cajasol, <strong>Antonio Pulido Guti\u00e9rrez<\/strong>, han presidido esta ma\u00f1ana el acto oficial de inauguraci\u00f3n de la 20 edici\u00f3n de los Cursos de Verano de la Universidad Pablo de Olavide en Carmona.<\/p>\n<p><a href=\"https:\/\/www.upo.es\/diario\/wp-content\/uploads\/2022\/06\/Inaug-CuVe-2022-2.jpg\"><img loading=\"lazy\" decoding=\"async\" class=\"alignright wp-image-30873757 size-medium\" src=\"https:\/\/www.upo.es\/diario\/wp-content\/uploads\/2022\/06\/Inaug-CuVe-2022-2-e1656333457275-385x280.jpg\" alt=\"\" width=\"385\" height=\"280\" srcset=\"https:\/\/www.upo.es\/diario\/wp-content\/uploads\/2022\/06\/Inaug-CuVe-2022-2-e1656333457275-385x280.jpg 385w, https:\/\/www.upo.es\/diario\/wp-content\/uploads\/2022\/06\/Inaug-CuVe-2022-2-e1656333457275-750x545.jpg 750w, https:\/\/www.upo.es\/diario\/wp-content\/uploads\/2022\/06\/Inaug-CuVe-2022-2-e1656333457275-768x558.jpg 768w, https:\/\/www.upo.es\/diario\/wp-content\/uploads\/2022\/06\/Inaug-CuVe-2022-2-e1656333457275.jpg 1140w\" sizes=\"auto, (max-width: 385px) 100vw, 385px\" \/><\/a>Durante el transcurso del acto, el rector ha tenido palabras de agradecimiento dirigidas a todas las personas que han permitido que los cursos hayan sido posibles durante estas 20 ediciones. En esta l\u00ednea, ha declarado \u201cque apoyar los cursos de verano de nuestra universidad significa apoyar la cultura, el debate, el progreso\u2026\u201d.<\/p>\n<p>\u201cGracias por estos cursos que hacen grande a Andaluc\u00eda, potencian el extraordinario talento que tenemos en nuestra tierra y nos hace sentir orgullosos de ser andaluces\u201d, ha manifestado por su parte la consejera de Cultura.<\/p>\n<p>Asimismo, el alcalde de Carmona ha transmitido que \u201cla estrecha colaboraci\u00f3n entre la UPO y el Ayuntamiento hace que tengamos la misma ilusi\u00f3n en esta edici\u00f3n de los cursos de verano que cuando empezamos\u201d.<\/p>\n<p><a href=\"https:\/\/www.upo.es\/formacionpermanente\/cursos-de-verano-olavide\/\"><img loading=\"lazy\" decoding=\"async\" class=\"alignright wp-image-30873254 size-medium\" src=\"https:\/\/www.upo.es\/diario\/wp-content\/uploads\/2022\/06\/CursosdeVerano2022_cartel-273x385.png\" alt=\"\" width=\"273\" height=\"385\" srcset=\"https:\/\/www.upo.es\/diario\/wp-content\/uploads\/2022\/06\/CursosdeVerano2022_cartel-273x385.png 273w, https:\/\/www.upo.es\/diario\/wp-content\/uploads\/2022\/06\/CursosdeVerano2022_cartel-532x750.png 532w, https:\/\/www.upo.es\/diario\/wp-content\/uploads\/2022\/06\/CursosdeVerano2022_cartel-768x1083.png 768w, https:\/\/www.upo.es\/diario\/wp-content\/uploads\/2022\/06\/CursosdeVerano2022_cartel-1089x1536.png 1089w, https:\/\/www.upo.es\/diario\/wp-content\/uploads\/2022\/06\/CursosdeVerano2022_cartel.png 1202w\" sizes=\"auto, (max-width: 273px) 100vw, 273px\" \/><\/a>Los <strong>Cursos de Verano de la Universidad Pablo de Olavide<\/strong> han comenzado este lunes <strong>en su sede de Carmona<\/strong> <strong>y se extender\u00e1n hasta el pr\u00f3ximo 26 de agosto<\/strong>. Organizados por la UPO en colaboraci\u00f3n con el Ayuntamiento de esta ciudad, la Casa Palacio de Los Briones, sede permanente de la Universidad Pablo de Olavide en Carmona, acoger\u00e1 por vig\u00e9simo a\u00f1o un total de <strong>40 cursos<\/strong>.<\/p>\n<p>En los <a href=\"https:\/\/www.upo.es\/formacionpermanente\/cursos-de-verano-olavide\/\">Cursos de Verano 2022<\/a> se abordar\u00e1n diversos temas, como el emprendimiento femenino, los nuevos caminos del Periodismo, las pol\u00edticas de desigualdad en el siglo XXI, los problemas en la alimentaci\u00f3n, el cine y el turismo, los trastornos de conducta en el aula, la protecci\u00f3n de los menores en el \u00e1mbito deportivo, el cambio clim\u00e1tico en Espa\u00f1a, las funciones y el comportamiento del cerebro, la investigaci\u00f3n de los homicidios, las mujeres y la Justicia, las nuevas tecnolog\u00edas en energ\u00eda solar o las v\u00edctimas de la transici\u00f3n, entre otros, en los que participar\u00e1n diferentes especialistas nacionales e internacionales.<\/p>\n<p>Temas y materias que van desde lo pol\u00edtico a lo cultural, desde lo econ\u00f3mico a lo social y que se complementan con otros temas y disciplinas como son: el flamenco, las t\u00e9cnicas para aprender a hablar en p\u00fablico, el dise\u00f1o de eventos culturales, el coaching t\u00e9cnico vocal de alto rendimiento, la espeleoarqueolog\u00eda aplicada y las pr\u00e1cticas arqueol\u00f3gicas en excavaciones abiertas. Con respecto a este \u00faltimo seminario, nos encontramos ante un \u00e1rea de trabajo en el que los estudiantes participantes podr\u00e1n, del 1 al 26 de agosto, conocer todos los entresijos, proceso y gesti\u00f3n de una excavaci\u00f3n en una ciudad como Carmona, que por su propia historia y valor patrimonial posibilita este tipo de actividad.<\/p>\n<p>Este a\u00f1o, aunque se mantiene la presencialidad para fomentar la interacci\u00f3n entre estudiantes y profesorado, se seguir\u00e1 apostando por la modalidad <em>online <\/em>de los cursos para facilitar el acceso a la formaci\u00f3n del alumnado, independientemente del lugar en el que se encuentre.<\/p>\n<p>En esta edici\u00f3n, se podr\u00e1n realizar de manera <strong>exclusivamente presencial 11 cursos,<\/strong> <strong>solo en modalidad <em>online<\/em> seis cursos y en modalidad dual (presencial-<em>online)<\/em>, 23 cursos<\/strong>.<\/p>\n<p>&nbsp;<\/p>\n","protected":false},"excerpt":{"rendered":"<p>Hasta el 26 de agosto se celebrar\u00e1n 40 seminarios. Aunque se mantiene la presencialidad, se seguir\u00e1 apostando por la modalidad online de los cursos para facilitar el acceso a la formaci\u00f3n del alumnado.<\/p>\n","protected":false},"author":6,"featured_media":30873760,"comment_status":"closed","ping_status":"open","sticky":false,"template":"","format":"standard","meta":{"_monsterinsights_skip_tracking":false,"_monsterinsights_sitenote_active":false,"_monsterinsights_sitenote_note":"","_monsterinsights_sitenote_category":0,"footnotes":""},"categories":[729,6],"tags":[5325,22,4021,2078,2474,349,1648,519,38],"class_list":["post-30873753","post","type-post","status-publish","format-standard","has-post-thumbnail","hentry","category-cursos-verano","category-institucional","tag-ayuntamiento-de-carmona","tag-cursos-de-verano","tag-francisco-oliva-blazquez","tag-fundacion-cajasol","tag-fundacion-universidad-pablo-de-olavide","tag-inauguracion","tag-laura-lopez-de-la-cruz","tag-olavide-en-carmona","tag-rector"],"_links":{"self":[{"href":"https:\/\/www.upo.es\/diario\/wp-json\/wp\/v2\/posts\/30873753","targetHints":{"allow":["GET"]}}],"collection":[{"href":"https:\/\/www.upo.es\/diario\/wp-json\/wp\/v2\/posts"}],"about":[{"href":"https:\/\/www.upo.es\/diario\/wp-json\/wp\/v2\/types\/post"}],"author":[{"embeddable":true,"href":"https:\/\/www.upo.es\/diario\/wp-json\/wp\/v2\/users\/6"}],"replies":[{"embeddable":true,"href":"https:\/\/www.upo.es\/diario\/wp-json\/wp\/v2\/comments?post=30873753"}],"version-history":[{"count":4,"href":"https:\/\/www.upo.es\/diario\/wp-json\/wp\/v2\/posts\/30873753\/revisions"}],"predecessor-version":[{"id":30873759,"href":"https:\/\/www.upo.es\/diario\/wp-json\/wp\/v2\/posts\/30873753\/revisions\/30873759"}],"wp:featuredmedia":[{"embeddable":true,"href":"https:\/\/www.upo.es\/diario\/wp-json\/wp\/v2\/media\/30873760"}],"wp:attachment":[{"href":"https:\/\/www.upo.es\/diario\/wp-json\/wp\/v2\/media?parent=30873753"}],"wp:term":[{"taxonomy":"category","embeddable":true,"href":"https:\/\/www.upo.es\/diario\/wp-json\/wp\/v2\/categories?post=30873753"},{"taxonomy":"post_tag","embeddable":true,"href":"https:\/\/www.upo.es\/diario\/wp-json\/wp\/v2\/tags?post=30873753"}],"curies":[{"name":"wp","href":"https:\/\/api.w.org\/{rel}","templated":true}]}}