{"id":30873765,"date":"2022-06-27T20:56:18","date_gmt":"2022-06-27T18:56:18","guid":{"rendered":"https:\/\/www.upo.es\/diario\/?p=30873765"},"modified":"2022-07-01T15:13:30","modified_gmt":"2022-07-01T13:13:30","slug":"la-politica-publica-local-debe-hacerse-en-su-totalidad-desde-una-vision-de-genero","status":"publish","type":"post","link":"https:\/\/www.upo.es\/diario\/cursos-verano\/2022\/06\/la-politica-publica-local-debe-hacerse-en-su-totalidad-desde-una-vision-de-genero\/","title":{"rendered":"\u201cLa pol\u00edtica p\u00fablica local debe hacerse en su totalidad desde una visi\u00f3n de g\u00e9nero\u201d"},"content":{"rendered":"<p><a href=\"https:\/\/www.upo.es\/diario\/wp-content\/uploads\/2022\/06\/IMG-transversalidad_6681-scaled.jpg\"><img loading=\"lazy\" decoding=\"async\" class=\"aligncenter wp-image-30873764 size-large\" src=\"https:\/\/www.upo.es\/diario\/wp-content\/uploads\/2022\/06\/IMG-transversalidad_6681-scaled-e1656365623736-750x494.jpg\" alt=\"\" width=\"750\" height=\"494\" srcset=\"https:\/\/www.upo.es\/diario\/wp-content\/uploads\/2022\/06\/IMG-transversalidad_6681-scaled-e1656365623736-750x494.jpg 750w, https:\/\/www.upo.es\/diario\/wp-content\/uploads\/2022\/06\/IMG-transversalidad_6681-scaled-e1656365623736-385x254.jpg 385w, https:\/\/www.upo.es\/diario\/wp-content\/uploads\/2022\/06\/IMG-transversalidad_6681-scaled-e1656365623736-768x506.jpg 768w, https:\/\/www.upo.es\/diario\/wp-content\/uploads\/2022\/06\/IMG-transversalidad_6681-scaled-e1656365623736-1536x1012.jpg 1536w, https:\/\/www.upo.es\/diario\/wp-content\/uploads\/2022\/06\/IMG-transversalidad_6681-scaled-e1656365623736-2048x1349.jpg 2048w, https:\/\/www.upo.es\/diario\/wp-content\/uploads\/2022\/06\/IMG-transversalidad_6681-scaled-e1656365623736-380x250.jpg 380w, https:\/\/www.upo.es\/diario\/wp-content\/uploads\/2022\/06\/IMG-transversalidad_6681-scaled-e1656365623736-760x500.jpg 760w, https:\/\/www.upo.es\/diario\/wp-content\/uploads\/2022\/06\/IMG-transversalidad_6681-scaled-e1656365623736-165x109.jpg 165w, https:\/\/www.upo.es\/diario\/wp-content\/uploads\/2022\/06\/IMG-transversalidad_6681-scaled-e1656365623736-1320x869.jpg 1320w\" sizes=\"auto, (max-width: 750px) 100vw, 750px\" \/><\/a>La sede de la Universidad Pablo de Olavide en Carmona acoge desde hoy la celebraci\u00f3n del curso de verano <strong>\u2018Transversalidad de g\u00e9nero en las pol\u00edticas p\u00fablicas locales\u2019<\/strong>, dirigido por <strong>M\u00f3nica Dom\u00ednguez Serrano<\/strong>, delegada del rector para la Igualdad de G\u00e9nero de la Universidad Pablo de Olavide y <strong>Teresa Garc\u00eda Garc\u00eda<\/strong>, directora general de Igualdad del Ayuntamiento de Sevilla.<\/p>\n<p>La transversalidad de g\u00e9nero es un principio fundamental para la consecuci\u00f3n de la igualdad efectiva entre hombres y mujeres. La puesta en pr\u00e1ctica de este principio en la pol\u00edtica p\u00fablica es un reto y un compromiso que exige una formaci\u00f3n especializada. La apuesta decidida desde la administraci\u00f3n local por esta formaci\u00f3n constituye el eje central de este curso, que pretende dotar de herramientas a quienes trabajan en pol\u00edtica local y\/o est\u00e1n interesadas en la misma, as\u00ed como dar a conocer iniciativas destacadas, para poder hacer efectivo este principio.<\/p>\n<p>En el transcurso del acto de inauguraci\u00f3n de este seminario, en el que tambi\u00e9n ha participado <strong>Pilar Garc\u00eda Carrasco<\/strong>, presidenta de la Comisi\u00f3n de Igualdad y Pol\u00edticas Sociales de la FAMP y alcaldesa de El Bosque (C\u00e1diz), la delegada del rector ha asegurado que con la realizaci\u00f3n del curso \u201cbusc\u00e1bamos contar con personas de distintas \u00e1reas de inter\u00e9s que pudieran trasladarnos sus experiencias concretas, para tener una visi\u00f3n muy pr\u00e1ctica de lo que significa la incorporaci\u00f3n de la transversalidad de g\u00e9nero en la esfera de lo local en distintos \u00e1mbitos de acci\u00f3n\u201d.<\/p>\n<p>Asimismo, <strong>M\u00f3nica Dom\u00ednguez<\/strong> ha manifestado que entiende que \u201cla pol\u00edtica p\u00fablica local debe hacerse en su totalidad desde una visi\u00f3n de g\u00e9nero en su totalidad. S\u00f3lo trabajando desde la transversalidad en cada uno de los \u00e1mbitos de acci\u00f3n ser\u00e1 posible alcanzar metas de igualdad real y efectiva\u201d.<\/p>\n<p>La secretaria de Estado de Sanidad, <strong>Silvia Calz\u00f3n Fern\u00e1ndez<\/strong>, ha participado tambi\u00e9n hoy tambi\u00e9n en la inauguraci\u00f3n de este curso. Durante su intervenci\u00f3n se ha referido a la gesti\u00f3n de la COVID 19 y que \u201cla vivencia no fue la misma para todos y todas\u201d, por lo que muestra una necesidad \u201cde incorporar el an\u00e1lisis de sexo y g\u00e9nero\u201d. Adem\u00e1s, ha incidido que la mayor exposici\u00f3n en esta pandemia la han tenido las mujeres por sus profesiones.<\/p>\n<p>Asimismo, tambi\u00e9n ha manifestado que el proceso de vacunaci\u00f3n contra la COVID 19 ha sido liderado por mujeres: \u201cEn la primera dosis no hemos notado la diferencia entre hombres y mujeres, pero cuando se trat\u00f3 de completar la pauta, sobre todo en el grupo de menores de 50 a\u00f1os, los hombres la completaban en menor medida que las mujeres\u201d.<\/p>\n<p>En su opini\u00f3n, esto denota una \u201cnecesidad de protecci\u00f3n\u201d en el que la lectura en femenino es \u201canteponer el bien colectivo al individual\u201d.<\/p>\n<p>Durante el d\u00eda de hoy, en este curso han participado tambi\u00e9n otros ponentes como <strong>Zulema Altamirano<\/strong> <strong>Argudo<\/strong>, directora de la Unidad de Mujeres y Ciencia del Ministerio de Ciencia e Innovaci\u00f3n, quien ha disertado sobre \u201cLa transversalidad de g\u00e9nero como principio inspirador de las pol\u00edticas p\u00fablicas\u201d o <strong>Lina G\u00e1lvez Mu\u00f1oz<\/strong>, europarlamentaria de la Comisi\u00f3n de Derechos de las Mujeres e Igualdad de G\u00e9nero del Parlamento europeo, quien ha impartido una conferencia titulada \u201cEl mainstreaming de g\u00e9nero en el contexto internacional\u201d o <strong>Teresa Muela Muela<\/strong>, secretaria general de la Federaci\u00f3n Andaluza de Municipios y Provincias, encargada de presentar a la europarlamentaria.<\/p>\n<p>Adem\u00e1s, tambi\u00e9n ha intervenido <strong>Jos\u00e9 Luis Burgos Fresno<\/strong>, asesor t\u00e9cnico de estudios en el Instituto de las Mujeres y miembro del Experts\u00b4 f\u00f3rum del European Institute for Gender Equality.<\/p>\n<p>&nbsp;<\/p>\n","protected":false},"excerpt":{"rendered":"<p>La sede de la Universidad Pablo de Olavide en Carmona acoge desde hoy la celebraci\u00f3n del curso de verano \u2018Transversalidad de g\u00e9nero en las pol\u00edticas p\u00fablicas locales\u2019, dirigido por M\u00f3nica Dom\u00ednguez Serrano, delegada del rector para la Igualdad de G\u00e9nero de la Universidad Pablo de Olavide y Teresa Garc\u00eda Garc\u00eda, directora general de Igualdad del Ayuntamiento de Sevilla.<\/p>\n","protected":false},"author":15,"featured_media":30873764,"comment_status":"closed","ping_status":"open","sticky":false,"template":"","format":"standard","meta":{"_monsterinsights_skip_tracking":false,"_monsterinsights_sitenote_active":false,"_monsterinsights_sitenote_note":"","_monsterinsights_sitenote_category":0,"footnotes":""},"categories":[729],"tags":[23,22,7412,336,5883,7932,7678,76],"class_list":["post-30873765","post","type-post","status-publish","format-standard","has-post-thumbnail","hentry","category-cursos-verano","tag-carmona","tag-cursos-de-verano","tag-delegacion-del-rector-para-la-igualdad-de-genero","tag-genero","tag-igualdad-de-genero","tag-local","tag-monica-dominguez","tag-politica"],"_links":{"self":[{"href":"https:\/\/www.upo.es\/diario\/wp-json\/wp\/v2\/posts\/30873765","targetHints":{"allow":["GET"]}}],"collection":[{"href":"https:\/\/www.upo.es\/diario\/wp-json\/wp\/v2\/posts"}],"about":[{"href":"https:\/\/www.upo.es\/diario\/wp-json\/wp\/v2\/types\/post"}],"author":[{"embeddable":true,"href":"https:\/\/www.upo.es\/diario\/wp-json\/wp\/v2\/users\/15"}],"replies":[{"embeddable":true,"href":"https:\/\/www.upo.es\/diario\/wp-json\/wp\/v2\/comments?post=30873765"}],"version-history":[{"count":3,"href":"https:\/\/www.upo.es\/diario\/wp-json\/wp\/v2\/posts\/30873765\/revisions"}],"predecessor-version":[{"id":30873769,"href":"https:\/\/www.upo.es\/diario\/wp-json\/wp\/v2\/posts\/30873765\/revisions\/30873769"}],"wp:featuredmedia":[{"embeddable":true,"href":"https:\/\/www.upo.es\/diario\/wp-json\/wp\/v2\/media\/30873764"}],"wp:attachment":[{"href":"https:\/\/www.upo.es\/diario\/wp-json\/wp\/v2\/media?parent=30873765"}],"wp:term":[{"taxonomy":"category","embeddable":true,"href":"https:\/\/www.upo.es\/diario\/wp-json\/wp\/v2\/categories?post=30873765"},{"taxonomy":"post_tag","embeddable":true,"href":"https:\/\/www.upo.es\/diario\/wp-json\/wp\/v2\/tags?post=30873765"}],"curies":[{"name":"wp","href":"https:\/\/api.w.org\/{rel}","templated":true}]}}