{"id":30873770,"date":"2022-06-28T06:30:00","date_gmt":"2022-06-28T04:30:00","guid":{"rendered":"https:\/\/www.upo.es\/diario\/?p=30873770"},"modified":"2022-07-01T15:13:28","modified_gmt":"2022-07-01T13:13:28","slug":"la-upo-reivindica-el-respeto-y-la-igualdad-ante-la-diversidad-afectivo-sexual-en-el-dia-del-orgullo","status":"publish","type":"post","link":"https:\/\/www.upo.es\/diario\/institucional\/2022\/06\/la-upo-reivindica-el-respeto-y-la-igualdad-ante-la-diversidad-afectivo-sexual-en-el-dia-del-orgullo\/","title":{"rendered":"La UPO reivindica el respeto y la igualdad ante la diversidad afectivo sexual en el D\u00eda del Orgullo"},"content":{"rendered":"<p><iframe loading=\"lazy\" title=\"YouTube video player\" src=\"https:\/\/www.youtube.com\/embed\/iCO_NzZoLEc\" width=\"560\" height=\"315\" frameborder=\"0\" allowfullscreen=\"allowfullscreen\"><\/iframe><br \/>\nTodas las personas tienen derecho a que se respete su identidad de g\u00e9nero y su orientaci\u00f3n sexual. En el D\u00eda del Orgullo LGTBIQ+ la Universidad Pablo de Olavide, a trav\u00e9s de la Delegaci\u00f3n del Rector para la Igualdad de G\u00e9nero, quiere incidir en un derecho b\u00e1sico para la convivencia con el fin \u00faltimo de avanzar hacia una sociedad libre de cualquier discriminaci\u00f3n.<\/p>\n<p><a href=\"https:\/\/www.upo.es\/diario\/wp-content\/uploads\/2022\/06\/28J-Dia-diversidad-afectivo-sexual-y-genero.jpg\"><img loading=\"lazy\" decoding=\"async\" class=\"alignright size-medium wp-image-30873772\" src=\"https:\/\/www.upo.es\/diario\/wp-content\/uploads\/2022\/06\/28J-Dia-diversidad-afectivo-sexual-y-genero-272x385.jpg\" alt=\"28J-D\u00eda del Orgullo LGTBIQ+\" width=\"272\" height=\"385\" srcset=\"https:\/\/www.upo.es\/diario\/wp-content\/uploads\/2022\/06\/28J-Dia-diversidad-afectivo-sexual-y-genero-272x385.jpg 272w, https:\/\/www.upo.es\/diario\/wp-content\/uploads\/2022\/06\/28J-Dia-diversidad-afectivo-sexual-y-genero-530x750.jpg 530w, https:\/\/www.upo.es\/diario\/wp-content\/uploads\/2022\/06\/28J-Dia-diversidad-afectivo-sexual-y-genero-768x1086.jpg 768w, https:\/\/www.upo.es\/diario\/wp-content\/uploads\/2022\/06\/28J-Dia-diversidad-afectivo-sexual-y-genero-1086x1536.jpg 1086w, https:\/\/www.upo.es\/diario\/wp-content\/uploads\/2022\/06\/28J-Dia-diversidad-afectivo-sexual-y-genero-1448x2048.jpg 1448w, https:\/\/www.upo.es\/diario\/wp-content\/uploads\/2022\/06\/28J-Dia-diversidad-afectivo-sexual-y-genero-1320x1867.jpg 1320w, https:\/\/www.upo.es\/diario\/wp-content\/uploads\/2022\/06\/28J-Dia-diversidad-afectivo-sexual-y-genero.jpg 1587w\" sizes=\"auto, (max-width: 272px) 100vw, 272px\" \/><\/a>Con este objetivo, la Delegaci\u00f3n del Rector para la Igualdad de G\u00e9nero, con la coordinaci\u00f3n de la Oficina para la Igualdad de la UPO, ha lanzado hoy un <strong>nuevo v\u00eddeo divulgativo de la campa\u00f1a \u2018Aprendiendo en Igualdad\u2019<\/strong> sobre la importancia de avanzar en el <a href=\"https:\/\/youtu.be\/iCO_NzZoLEc\">respeto a la diversidad afectivo sexual y de g\u00e9nero<\/a>. Una no discriminaci\u00f3n garantizada por nuestras leyes, tanto europeas, nacionales como la legislaci\u00f3n andaluza, pero que, como se\u00f1ala <strong>M\u00f3nica Dom\u00ednguez Serrano<\/strong>, delegada del Rector para la Igualdad de G\u00e9nero, \u201ces una realidad el hecho de que en nuestra sociedad existen a\u00fan numerosos prejuicios en relaci\u00f3n a la identidad o expresi\u00f3n de g\u00e9nero, orientaci\u00f3n o caracter\u00edsticas sexuales de las personas. Desde la universidad debemos seguir avanzando hacia el logro de una sociedad inclusiva y no discriminatoria. La adhesi\u00f3n a la Red de Universidades por la Diversidad constituye un compromiso importante en este sentido\u201d.<\/p>\n<p>La <a href=\"https:\/\/upo.es\/diario\/institucional\/2022\/05\/la-upo-se-adhiere-a-la-red-de-universidades-por-la-diversidad\/\">Red de Universidades por la Diversidad (RUD), red a la que la se encuentra adherida la UPO<\/a> junto a una treintena de universidades, ha dado hoy a conocer un manifiesto bajo el t\u00edtulo <strong>\u2018<a href=\"https:\/\/www.upo.es\/diario\/wp-content\/uploads\/2022\/06\/RUD_Manifiesto-Orgullo-Universitario-2022.pdf\">Manifiesto Orgullo Universitario 2022<\/a>\u2019<\/strong> en el que denuncia las desigualdades sociales que a\u00fan existen en Espa\u00f1a por raz\u00f3n de orientaci\u00f3n sexual, identidad o expresi\u00f3n de g\u00e9nero, reivindicando el papel de la Universidad en la promoci\u00f3n de valores que mejoren la convivencia ciudadana y contribuyan a la creaci\u00f3n de una sociedad m\u00e1s justa.<\/p>\n<p>La Universidad Pablo de Olavide ha defendido siempre los derechos de todas las personas, independientemente de su identidad sexual o expresi\u00f3n de g\u00e9nero. Entre varias iniciativas, cuenta desde 2018 con un <a href=\"https:\/\/www.upo.es\/cms1\/export\/sites\/upo\/upsc\/igualdad\/documentos\/Protocolo-cambio-de-nombre-de-personas-transexuales-transgenero-e-intersexuales-de-la-UPO.pdf\">Protocolo para el cambio de nombre de las personas transexuales, transg\u00e9nero e intersexuales<\/a>, una normativa universitaria creada con el objetivo de garantizar el ejercicio del derecho de identidad y expresi\u00f3n de g\u00e9nero de estas personas a ser identificadas en los procedimientos y documentos universitarios con el nombre correspondiente al g\u00e9nero con el que se identifiquen.<\/p>\n<h3><strong>Rinc\u00f3n Arco Iris en la Biblioteca\/CRAI<\/strong><\/h3>\n<p>La Biblioteca\/CRAI de la Universidad Pablo de Olavide ha querido sumarse a la conmemoraci\u00f3n de la diversidad afectivo sexual con el <a href=\"https:\/\/www.upo.es\/biblioteca\/detalle-noticias\/Celebrando-el-Mes-de-la-Diversidad-Sexual\/\">Rinc\u00f3n Arco Iris<\/a>, <strong>un espacio en el que se pueden encontrar novelas, monograf\u00edas y estudios jur\u00eddicos que abordan este tema desde distintos aspectos<\/strong>, adem\u00e1s de una serie de pel\u00edculas que visibilizan la lucha del movimiento LGTBI y la discriminaci\u00f3n hist\u00f3rica sufrida en distintas \u00e9pocas y sociedades por homosexuales, bisexuales y personas transg\u00e9nero y transexuales.<\/p>\n<p><strong>\u00a0<\/strong><\/p>\n","protected":false},"excerpt":{"rendered":"<p>La Red de Universidades por la Diversidad denuncia las desigualdades que a\u00fan existen en Espa\u00f1a por raz\u00f3n de orientaci\u00f3n sexual en el \u2018Manifiesto Orgullo Universitario 2022\u2019.<\/p>\n","protected":false},"author":6,"featured_media":30873772,"comment_status":"closed","ping_status":"open","sticky":false,"template":"","format":"standard","meta":{"_monsterinsights_skip_tracking":false,"_monsterinsights_sitenote_active":false,"_monsterinsights_sitenote_note":"","_monsterinsights_sitenote_category":0,"footnotes":""},"categories":[6],"tags":[6138,5088,2049,5883,7882],"class_list":["post-30873770","post","type-post","status-publish","format-standard","has-post-thumbnail","hentry","category-institucional","tag-derechos-lgtbi","tag-discriminacion","tag-diversidad-sexual","tag-igualdad-de-genero","tag-rud"],"_links":{"self":[{"href":"https:\/\/www.upo.es\/diario\/wp-json\/wp\/v2\/posts\/30873770","targetHints":{"allow":["GET"]}}],"collection":[{"href":"https:\/\/www.upo.es\/diario\/wp-json\/wp\/v2\/posts"}],"about":[{"href":"https:\/\/www.upo.es\/diario\/wp-json\/wp\/v2\/types\/post"}],"author":[{"embeddable":true,"href":"https:\/\/www.upo.es\/diario\/wp-json\/wp\/v2\/users\/6"}],"replies":[{"embeddable":true,"href":"https:\/\/www.upo.es\/diario\/wp-json\/wp\/v2\/comments?post=30873770"}],"version-history":[{"count":5,"href":"https:\/\/www.upo.es\/diario\/wp-json\/wp\/v2\/posts\/30873770\/revisions"}],"predecessor-version":[{"id":30873777,"href":"https:\/\/www.upo.es\/diario\/wp-json\/wp\/v2\/posts\/30873770\/revisions\/30873777"}],"wp:featuredmedia":[{"embeddable":true,"href":"https:\/\/www.upo.es\/diario\/wp-json\/wp\/v2\/media\/30873772"}],"wp:attachment":[{"href":"https:\/\/www.upo.es\/diario\/wp-json\/wp\/v2\/media?parent=30873770"}],"wp:term":[{"taxonomy":"category","embeddable":true,"href":"https:\/\/www.upo.es\/diario\/wp-json\/wp\/v2\/categories?post=30873770"},{"taxonomy":"post_tag","embeddable":true,"href":"https:\/\/www.upo.es\/diario\/wp-json\/wp\/v2\/tags?post=30873770"}],"curies":[{"name":"wp","href":"https:\/\/api.w.org\/{rel}","templated":true}]}}