{"id":30873781,"date":"2022-06-28T12:31:24","date_gmt":"2022-06-28T10:31:24","guid":{"rendered":"https:\/\/www.upo.es\/diario\/?p=30873781"},"modified":"2022-06-28T12:31:24","modified_gmt":"2022-06-28T10:31:24","slug":"unas-jornadas-analizan-la-problematica-del-uso-de-la-inteligencia-artificial-en-el-sector-publico","status":"publish","type":"post","link":"https:\/\/www.upo.es\/diario\/docencia-formacion\/2022\/06\/unas-jornadas-analizan-la-problematica-del-uso-de-la-inteligencia-artificial-en-el-sector-publico\/","title":{"rendered":"Unas jornadas analizan la problem\u00e1tica del uso de la inteligencia artificial en el sector p\u00fablico"},"content":{"rendered":"<figure id=\"attachment_30873783\" aria-describedby=\"caption-attachment-30873783\" style=\"width: 750px\" class=\"wp-caption aligncenter\"><a href=\"https:\/\/www.upo.es\/diario\/wp-content\/uploads\/2022\/06\/Jornadas-IA-UPO-Cajasol.jpg\"><img loading=\"lazy\" decoding=\"async\" class=\"wp-image-30873783 size-large\" src=\"https:\/\/www.upo.es\/diario\/wp-content\/uploads\/2022\/06\/Jornadas-IA-UPO-Cajasol-e1656412266225-750x463.jpg\" alt=\"Juan Francisco \u00c1lvarez, Francisco Oliva, Antonio Sanz y Eduardo Gamero en la presentaci\u00f3n de las Jornadas\" width=\"750\" height=\"463\" srcset=\"https:\/\/www.upo.es\/diario\/wp-content\/uploads\/2022\/06\/Jornadas-IA-UPO-Cajasol-e1656412266225-750x463.jpg 750w, https:\/\/www.upo.es\/diario\/wp-content\/uploads\/2022\/06\/Jornadas-IA-UPO-Cajasol-e1656412266225-385x238.jpg 385w, https:\/\/www.upo.es\/diario\/wp-content\/uploads\/2022\/06\/Jornadas-IA-UPO-Cajasol-e1656412266225-768x474.jpg 768w, https:\/\/www.upo.es\/diario\/wp-content\/uploads\/2022\/06\/Jornadas-IA-UPO-Cajasol-e1656412266225.jpg 1024w\" sizes=\"auto, (max-width: 750px) 100vw, 750px\" \/><\/a><figcaption id=\"caption-attachment-30873783\" class=\"wp-caption-text\">Juan Francisco \u00c1lvarez, Francisco Oliva, Antonio Sanz y Eduardo Gamero en la presentaci\u00f3n de las Jornadas<\/figcaption><\/figure>\n<p>Especialistas y acad\u00e9micos se re\u00fanen este martes en las <strong>Jornadas \u2018Inteligencia artificial en el sector p\u00fablico: retos, l\u00edmites y medios\u2019<\/strong>, un programa organizado por la Universidad Pablo de Olavide a trav\u00e9s del proyecto de investigaci\u00f3n \u2018Inteligencia artificial y Derecho Administrativo\u2019, financiado con fondos FEDER. <strong>Francisco Oliva<\/strong>, rector de la Universidad Pablo de Olavide, <strong>Antonio Sanz<\/strong>, viceconsejero de la Presidencia, Administraci\u00f3n P\u00fablica e Interior de la Junta de Andaluc\u00eda; <strong>Juan Francisco \u00c1lvarez<\/strong>, de la Fundaci\u00f3n Cajasol; y <strong>Eduardo Gamero<\/strong>, catedr\u00e1tico de Derecho Administrativo de la UPO y director de las Jornadas, han presentado los objetivos del encuentro que tendr\u00e1 lugar en la sala Salvador de la Fundaci\u00f3n Cajasol hasta ma\u00f1ana mi\u00e9rcoles.<\/p>\n<p>El fin \u00faltimo de las Jornadas es determinar el marco jur\u00eddico general al que se sujeta la aplicaci\u00f3n de soluciones de inteligencia artificial (IA) en el sector p\u00fablico, especialmente cuando sirve de soporte a la toma de decisiones. Y es que el hecho de que no exista una normativa espec\u00edfica no significa que los derechos y garant\u00edas fundamentales que rigen los procedimientos administrativos no sean de aplicaci\u00f3n.<\/p>\n<p>Las Jornadas \u2018Inteligencia artificial en el sector p\u00fablico: retos, l\u00edmites y medios\u2019 cuentan con un programa que ha sido estructurado en torno a ocho sesiones. Las cinco primeras tendr\u00e1n lugar a lo largo de hoy martes, comenzando con la intervenci\u00f3n de Norberto D\u00edaz, profesor de Lenguajes y Sistemas Inform\u00e1ticos de la UPO, y de Carlos Torrecilla, jefe de la Unidad de Econom\u00eda Digital del Joint Research Center (JRC), con Eduardo Gamero como moderador, quienes debatir\u00e1n sobre la tecnolog\u00eda y sus aplicaciones en el sector p\u00fablico.<\/p>\n<p>Los derechos como l\u00edmite a la IA; los algoritmos; la supervisi\u00f3n humana de la IA y la responsabilidad administrativa en su uso; los medios para implementarla en el sector p\u00fablico; la organizaci\u00f3n y la gobernanza; y las propuestas regulatorias para el futuro son los temas que ser\u00e1n abordados en unas jornadas que cuentan con la colaboraci\u00f3n de la Fundaci\u00f3n Cajasol y Montero-Aramburu Abogados.<\/p>\n<p>M\u00e1s informaci\u00f3n y programa completo:<\/p>\n<p><a href=\"https:\/\/institutocajasol.com\/cursos\/inteligencia-artificial-en-el-sector-publico-retos-limites-y-medios\/\">https:\/\/institutocajasol.com\/cursos\/inteligencia-artificial-en-el-sector-publico-retos-limites-y-medios\/<\/a><\/p>\n","protected":false},"excerpt":{"rendered":"<p>Especialistas y acad\u00e9micos se re\u00fanen este martes en las Jornadas \u2018Inteligencia artificial en el sector p\u00fablico: retos, l\u00edmites y medios\u2019, un programa organizado por la Universidad Pablo de Olavide a trav\u00e9s del proyecto de investigaci\u00f3n \u2018Inteligencia artificial y Derecho Administrativo\u2019, financiado con fondos FEDER. Francisco Oliva, rector de la Universidad Pablo de Olavide, Antonio Sanz, viceconsejero de la Presidencia, Administraci\u00f3n<a class=\"read-more\" href=\"https:\/\/www.upo.es\/diario\/docencia-formacion\/2022\/06\/unas-jornadas-analizan-la-problematica-del-uso-de-la-inteligencia-artificial-en-el-sector-publico\/\">[Read More&#8230;]<\/a><\/p>\n","protected":false},"author":6,"featured_media":30873783,"comment_status":"closed","ping_status":"open","sticky":false,"template":"","format":"standard","meta":{"_monsterinsights_skip_tracking":false,"_monsterinsights_sitenote_active":false,"_monsterinsights_sitenote_note":"","_monsterinsights_sitenote_category":0,"footnotes":""},"categories":[2779],"tags":[3386,4800,543,4021,151,84,38,1224],"class_list":["post-30873781","post","type-post","status-publish","format-standard","has-post-thumbnail","hentry","category-docencia-formacion","tag-derecho-administrativo","tag-derechos-fundamentales","tag-eduardo-gamero","tag-francisco-oliva-blazquez","tag-inteligencia-artificial","tag-jornadas","tag-rector","tag-tecnologia"],"_links":{"self":[{"href":"https:\/\/www.upo.es\/diario\/wp-json\/wp\/v2\/posts\/30873781","targetHints":{"allow":["GET"]}}],"collection":[{"href":"https:\/\/www.upo.es\/diario\/wp-json\/wp\/v2\/posts"}],"about":[{"href":"https:\/\/www.upo.es\/diario\/wp-json\/wp\/v2\/types\/post"}],"author":[{"embeddable":true,"href":"https:\/\/www.upo.es\/diario\/wp-json\/wp\/v2\/users\/6"}],"replies":[{"embeddable":true,"href":"https:\/\/www.upo.es\/diario\/wp-json\/wp\/v2\/comments?post=30873781"}],"version-history":[{"count":2,"href":"https:\/\/www.upo.es\/diario\/wp-json\/wp\/v2\/posts\/30873781\/revisions"}],"predecessor-version":[{"id":30873784,"href":"https:\/\/www.upo.es\/diario\/wp-json\/wp\/v2\/posts\/30873781\/revisions\/30873784"}],"wp:featuredmedia":[{"embeddable":true,"href":"https:\/\/www.upo.es\/diario\/wp-json\/wp\/v2\/media\/30873783"}],"wp:attachment":[{"href":"https:\/\/www.upo.es\/diario\/wp-json\/wp\/v2\/media?parent=30873781"}],"wp:term":[{"taxonomy":"category","embeddable":true,"href":"https:\/\/www.upo.es\/diario\/wp-json\/wp\/v2\/categories?post=30873781"},{"taxonomy":"post_tag","embeddable":true,"href":"https:\/\/www.upo.es\/diario\/wp-json\/wp\/v2\/tags?post=30873781"}],"curies":[{"name":"wp","href":"https:\/\/api.w.org\/{rel}","templated":true}]}}