{"id":30873800,"date":"2022-06-27T20:04:20","date_gmt":"2022-06-27T18:04:20","guid":{"rendered":"https:\/\/www.upo.es\/diario\/?p=30873800"},"modified":"2022-06-29T12:10:37","modified_gmt":"2022-06-29T10:10:37","slug":"la-letrada-fatima-giraldez-apuesta-por-la-mediacion-estamos-muy-acostumbrados-a-recurrir-a-jueces-y-abogados","status":"publish","type":"post","link":"https:\/\/www.upo.es\/diario\/cursos-verano\/2022\/06\/la-letrada-fatima-giraldez-apuesta-por-la-mediacion-estamos-muy-acostumbrados-a-recurrir-a-jueces-y-abogados\/","title":{"rendered":"La letrada F\u00e1tima Gir\u00e1ldez apuesta por la mediaci\u00f3n: \u00abEstamos muy acostumbrados a recurrir a jueces y abogados\u00bb"},"content":{"rendered":"<figure id=\"attachment_30873804\" aria-describedby=\"caption-attachment-30873804\" style=\"width: 750px\" class=\"wp-caption aligncenter\"><a href=\"https:\/\/www.upo.es\/diario\/wp-content\/uploads\/2022\/06\/Fatima-Giraldez-CuVe-2022.jpg\"><img loading=\"lazy\" decoding=\"async\" class=\"size-large wp-image-30873804\" src=\"https:\/\/www.upo.es\/diario\/wp-content\/uploads\/2022\/06\/Fatima-Giraldez-CuVe-2022-750x561.jpg\" alt=\"F\u00e1tima Gir\u00e1ldez en la sede de la UPO en Carmona\" width=\"750\" height=\"561\" srcset=\"https:\/\/www.upo.es\/diario\/wp-content\/uploads\/2022\/06\/Fatima-Giraldez-CuVe-2022-750x561.jpg 750w, https:\/\/www.upo.es\/diario\/wp-content\/uploads\/2022\/06\/Fatima-Giraldez-CuVe-2022-385x288.jpg 385w, https:\/\/www.upo.es\/diario\/wp-content\/uploads\/2022\/06\/Fatima-Giraldez-CuVe-2022-768x575.jpg 768w, https:\/\/www.upo.es\/diario\/wp-content\/uploads\/2022\/06\/Fatima-Giraldez-CuVe-2022.jpg 1200w\" sizes=\"auto, (max-width: 750px) 100vw, 750px\" \/><\/a><figcaption id=\"caption-attachment-30873804\" class=\"wp-caption-text\">F\u00e1tima Gir\u00e1ldez en la sede de la UPO en Carmona<\/figcaption><\/figure>\n<p>La abogada y mediadora especializada en asesoramiento jur\u00eddico a personas migrantes y personas en exclusi\u00f3n social <strong>F\u00e1tima Gir\u00e1ldez<\/strong> ha advertido este lunes de la necesidad de aprender a mediar en conflictos desde que se accede al sistema educativo, en el marco del primer d\u00eda de los cursos de la UPO en Carmona.<\/p>\n<p>El<strong> &#8216;Taller pr\u00e1ctico sobre resoluci\u00f3n de conflictos: mediaci\u00f3n&#8217;<\/strong> es una de las nuevas incorporaciones que la Universidad Pablo de Olavide ha tenido a bien realizar de cara a una nueva edici\u00f3n de sus cursos en Carmona. Por ello, su directora ha manifestado que \u00abel objetivo que tenemos es trabajar aspectos de la mediaci\u00f3n que entendemos que son m\u00e1s dif\u00edciles de abordar y que son esenciales para una buena gesti\u00f3n\u00bb.<\/p>\n<p>\u00abSe trata de un curso muy pr\u00e1ctico, en el que estamos alternando parte te\u00f3rica con pr\u00e1ctica, a partir de la cual vamos sacando todas las inquietudes que vayan planteando los alumnos\u00bb, a\u00f1ade.<\/p>\n<p>En relaci\u00f3n a c\u00f3mo surge la idea de este seminario, Gir\u00e1ldez a\u00f1ade que \u00abtiene que ir calando la cultura de la mediaci\u00f3n en la sociedad como un m\u00e9todo diferente al que conocemos para resolver conflictos. Para m\u00ed es una oportunidad el tener la posibilidad de que un conflicto se medie\u00bb.<\/p>\n<p>\u00abAlgunos de los alumnos son mediadores, otros no, otros trabajan en otros sectores, pero las herramientas que trabajamos de comunicaci\u00f3n, de negociaci\u00f3n o de gesti\u00f3n de emociones sirven para el \u00e1mbito privado\u00bb, ha manifestado.<\/p>\n<h3><strong>LAS REDES SOCIALES<\/strong><\/h3>\n<p>\u00abUna de las partes que trabajamos es la comunicaci\u00f3n en cualquiera de los niveles; sea a trav\u00e9s de las redes sociales, la v\u00eda escrita o hablada. Nos enfocamos en c\u00f3mo podemos cambiar la comunicaci\u00f3n, en c\u00f3mo reformular la de otro o en c\u00f3mo remarcarla\u00bb, afirma la experta sobre el alcance del curso, se\u00f1alando que en las redes se produce \u00abuna gran crispaci\u00f3n, con muchas agresiones, lo que hace que vaya escalando el conflicto. Si desde la base lo hubieses parado o dicho de otra manera, ser\u00eda diferente. Todo se puede decir si se dice bien\u00bb.<\/p>\n<p>Dicho de otra forma, se trata de recurrir a la diplomacia: \u00abLo que se hace es cambiar el di\u00e1logo que ten\u00edan las partes, por el cual no han conseguido llegar a un acuerdo. Lo que hace el mediador, a trav\u00e9s de ciertas t\u00e9cnicas, es que vaya cambiando el di\u00e1logo, se transforme, y se cree un proceso. En parte, lo que lleva a cabo el mediador es que las personas se responsabilicen de ese proceso, porque estamos muy acostumbrados a recurrir a jueces y abogados para sacar los casos\u00bb.<\/p>\n<h3>SIN \u00abRECURRIR A PODER\u00bb<\/h3>\n<p>La mediaci\u00f3n de conflictos, llevada a ejemplos como la guerra de Ucrania y Rusia, \u00abtiene mucha importancia porque lo que se impone es el poder. En la mediaci\u00f3n se trabaja con los intereses de las partes. La mediaci\u00f3n es una apertura a otra manera diferente para que las partes lleguen a un acuerdo sin tener que recurrir al poder, como ha pasado en Ucrania\u00bb.<\/p>\n<p>\u00abLa mediaci\u00f3n se deber\u00eda aprender y tener m\u00e1s interiorizada desde chicos a la hora de manejarnos, de relacionarnos y de resolver los conflictos que vayamos teniendo\u00bb, ha aseverado F\u00e1tima al escuchar a una de las alumnas que ha intervenido en la presentaci\u00f3n de su formaci\u00f3n.<\/p>\n<p>Por tanto, en lo que concierne a la inclusi\u00f3n de la mediaci\u00f3n en el sistema educativo, la directora del curso ha indicado que \u00abhay colegios que la trabajan o que est\u00e1n empezando a implementarla, pero en cualquier ley educativa deber\u00eda estar como una asignatura desde peque\u00f1os. Deber\u00eda ser una asignatura troncal en la que se trabaje la gesti\u00f3n de las emociones\u00bb.<\/p>\n<p>La hoja de ruta a seguir por el curso durante los pr\u00f3ximos d\u00edas estar\u00e1 marcada por distintas conferencias, como la que se celebra el 28 de junio sobre la \u00abComunicaci\u00f3n: herramientas b\u00e1sicas de comunicaci\u00f3n para la mediaci\u00f3n. \u00bfC\u00f3mo mover la mediaci\u00f3n? Obst\u00e1culos y barreras frecuentes de la comunicaci\u00f3n en la resoluci\u00f3n de conflictos\u00bb o talleres de <em>rol play<\/em>.<\/p>\n<p>&nbsp;<\/p>\n","protected":false},"excerpt":{"rendered":"<p>La abogada y mediadora especializada en asesoramiento jur\u00eddico a personas migrantes y personas en exclusi\u00f3n social F\u00e1tima Gir\u00e1ldez ha advertido este lunes de la necesidad de aprender a mediar en conflictos desde que se accede al sistema educativo, en el marco del primer d\u00eda de los cursos de la UPO en Carmona.<\/p>\n","protected":false},"author":6,"featured_media":30873804,"comment_status":"closed","ping_status":"open","sticky":false,"template":"","format":"standard","meta":{"_monsterinsights_skip_tracking":false,"_monsterinsights_sitenote_active":false,"_monsterinsights_sitenote_note":"","_monsterinsights_sitenote_category":0,"footnotes":""},"categories":[729],"tags":[633,22,87,157,519,279],"class_list":["post-30873800","post","type-post","status-publish","format-standard","has-post-thumbnail","hentry","category-cursos-verano","tag-conflictos","tag-cursos-de-verano","tag-derecho","tag-mediacion","tag-olavide-en-carmona","tag-taller"],"_links":{"self":[{"href":"https:\/\/www.upo.es\/diario\/wp-json\/wp\/v2\/posts\/30873800","targetHints":{"allow":["GET"]}}],"collection":[{"href":"https:\/\/www.upo.es\/diario\/wp-json\/wp\/v2\/posts"}],"about":[{"href":"https:\/\/www.upo.es\/diario\/wp-json\/wp\/v2\/types\/post"}],"author":[{"embeddable":true,"href":"https:\/\/www.upo.es\/diario\/wp-json\/wp\/v2\/users\/6"}],"replies":[{"embeddable":true,"href":"https:\/\/www.upo.es\/diario\/wp-json\/wp\/v2\/comments?post=30873800"}],"version-history":[{"count":2,"href":"https:\/\/www.upo.es\/diario\/wp-json\/wp\/v2\/posts\/30873800\/revisions"}],"predecessor-version":[{"id":30873805,"href":"https:\/\/www.upo.es\/diario\/wp-json\/wp\/v2\/posts\/30873800\/revisions\/30873805"}],"wp:featuredmedia":[{"embeddable":true,"href":"https:\/\/www.upo.es\/diario\/wp-json\/wp\/v2\/media\/30873804"}],"wp:attachment":[{"href":"https:\/\/www.upo.es\/diario\/wp-json\/wp\/v2\/media?parent=30873800"}],"wp:term":[{"taxonomy":"category","embeddable":true,"href":"https:\/\/www.upo.es\/diario\/wp-json\/wp\/v2\/categories?post=30873800"},{"taxonomy":"post_tag","embeddable":true,"href":"https:\/\/www.upo.es\/diario\/wp-json\/wp\/v2\/tags?post=30873800"}],"curies":[{"name":"wp","href":"https:\/\/api.w.org\/{rel}","templated":true}]}}