{"id":30873875,"date":"2022-06-30T12:45:20","date_gmt":"2022-06-30T10:45:20","guid":{"rendered":"https:\/\/www.upo.es\/diario\/?p=30873875"},"modified":"2022-06-30T12:45:20","modified_gmt":"2022-06-30T10:45:20","slug":"los-egresados-del-grado-en-criminologia-y-del-doble-grado-con-derecho-celebran-su-ceremonia-de-graduacion","status":"publish","type":"post","link":"https:\/\/www.upo.es\/diario\/comunidad\/2022\/06\/los-egresados-del-grado-en-criminologia-y-del-doble-grado-con-derecho-celebran-su-ceremonia-de-graduacion\/","title":{"rendered":"Los egresados del Grado en Criminolog\u00eda y del Doble Grado con Derecho celebran su ceremonia de graduaci\u00f3n"},"content":{"rendered":"<figure id=\"attachment_30873926\" aria-describedby=\"caption-attachment-30873926\" style=\"width: 750px\" class=\"wp-caption aligncenter\"><a href=\"https:\/\/www.upo.es\/diario\/wp-content\/uploads\/2022\/06\/egresados_29062022.jpg\"><img loading=\"lazy\" decoding=\"async\" class=\"size-large wp-image-30873926\" src=\"https:\/\/www.upo.es\/diario\/wp-content\/uploads\/2022\/06\/egresados_29062022-750x500.jpg\" alt=\"\" width=\"750\" height=\"500\" srcset=\"https:\/\/www.upo.es\/diario\/wp-content\/uploads\/2022\/06\/egresados_29062022-750x500.jpg 750w, https:\/\/www.upo.es\/diario\/wp-content\/uploads\/2022\/06\/egresados_29062022-385x257.jpg 385w, https:\/\/www.upo.es\/diario\/wp-content\/uploads\/2022\/06\/egresados_29062022-768x512.jpg 768w, https:\/\/www.upo.es\/diario\/wp-content\/uploads\/2022\/06\/egresados_29062022-1536x1024.jpg 1536w, https:\/\/www.upo.es\/diario\/wp-content\/uploads\/2022\/06\/egresados_29062022-165x109.jpg 165w, https:\/\/www.upo.es\/diario\/wp-content\/uploads\/2022\/06\/egresados_29062022-1320x880.jpg 1320w, https:\/\/www.upo.es\/diario\/wp-content\/uploads\/2022\/06\/egresados_29062022.jpg 1800w\" sizes=\"auto, (max-width: 750px) 100vw, 750px\" \/><\/a><figcaption id=\"caption-attachment-30873926\" class=\"wp-caption-text\">Promoci\u00f3n 2018\/22 del Grado en Criminolog\u00eda y promoci\u00f3n 2017\/2022 del Doble Grado en Derecho y Criminolog\u00eda.<\/figcaption><\/figure>\n<p>La ceremonia de fin de grado de la promoci\u00f3n 2018\/22 del Grado en Criminolog\u00eda y de la promoci\u00f3n 2017\/2022 del Doble Grado en Derecho y Criminolog\u00eda se celebr\u00f3 ayer mi\u00e9rcoles en el Paraninfo de la Universidad Pablo de Olavide. El acto fue presidido por la decana de la Facultad de Derecho, Mar\u00eda Serrano Fern\u00e1ndez.<\/p>\n<figure id=\"attachment_30873930\" aria-describedby=\"caption-attachment-30873930\" style=\"width: 385px\" class=\"wp-caption alignright\"><a href=\"https:\/\/www.upo.es\/diario\/wp-content\/uploads\/2022\/06\/220629UPO_095_low.jpg\"><img loading=\"lazy\" decoding=\"async\" class=\"size-medium wp-image-30873930\" src=\"https:\/\/www.upo.es\/diario\/wp-content\/uploads\/2022\/06\/220629UPO_095_low-385x257.jpg\" alt=\"\" width=\"385\" height=\"257\" srcset=\"https:\/\/www.upo.es\/diario\/wp-content\/uploads\/2022\/06\/220629UPO_095_low-385x257.jpg 385w, https:\/\/www.upo.es\/diario\/wp-content\/uploads\/2022\/06\/220629UPO_095_low-750x500.jpg 750w, https:\/\/www.upo.es\/diario\/wp-content\/uploads\/2022\/06\/220629UPO_095_low-768x512.jpg 768w, https:\/\/www.upo.es\/diario\/wp-content\/uploads\/2022\/06\/220629UPO_095_low-1536x1024.jpg 1536w, https:\/\/www.upo.es\/diario\/wp-content\/uploads\/2022\/06\/220629UPO_095_low-2048x1366.jpg 2048w, https:\/\/www.upo.es\/diario\/wp-content\/uploads\/2022\/06\/220629UPO_095_low-165x109.jpg 165w, https:\/\/www.upo.es\/diario\/wp-content\/uploads\/2022\/06\/220629UPO_095_low-1320x880.jpg 1320w\" sizes=\"auto, (max-width: 385px) 100vw, 385px\" \/><\/a><figcaption id=\"caption-attachment-30873930\" class=\"wp-caption-text\">Los directores de la Academia Internacional de Ciencias Criminal\u00edsticas, Manuel P\u00e9rez Cazalla y Rafael Barba Montijano, padrinos de las promociones<\/figcaption><\/figure>\n<p>Los padrinos de las promociones fueron los directores de la Academia Internacional de Ciencias Criminal\u00edsticas, Manuel P\u00e9rez Cazalla y Rafael Barba Montijano. A la ceremonia tambi\u00e9n asistieron Viviana Caruso Font\u00e1n, vicedecana de Calidad y Nuevas Tecnolog\u00edas de la Faculta de Derecho y Sara Maisanaba Hern\u00e1ndez, directora acad\u00e9mica del Grado en Criminolog\u00eda.<\/p>\n<p>En representaci\u00f3n del alumnado egresado, pronunciaron los discursos Laura Parra Toribio y Raquel Gonz\u00e1lez Andr\u00e9 del Grado en Criminolog\u00eda; y Alba Gracia del Valle del Doble Grado en Derecho y Criminolog\u00eda. Un total de 88 egresados y egresadas asistieron, junto a sus familiares, a este acto con el que la Universidad Pablo de Olavide recupera una antigua tradici\u00f3n de las universidades europeas.<\/p>\n","protected":false},"excerpt":{"rendered":"<p>La ceremonia de fin de grado de la promoci\u00f3n 2018\/22 del Grado en Criminolog\u00eda y de la promoci\u00f3n 2017\/2022 del Doble Grado en Derecho y Criminolog\u00eda se ha celebrado en el Paraninfo de la Universidad Pablo de Olavide. Un total de 88 egresados y egresadas asistieron, junto a sus familiares, a este acto con el que la UPO recupera una antigua tradici\u00f3n de las universidades europeas.<\/p>\n","protected":false},"author":4,"featured_media":30873926,"comment_status":"closed","ping_status":"open","sticky":false,"template":"","format":"standard","meta":{"_monsterinsights_skip_tracking":false,"_monsterinsights_sitenote_active":false,"_monsterinsights_sitenote_note":"","_monsterinsights_sitenote_category":0,"footnotes":""},"categories":[5842],"tags":[581,3440,81,2374],"class_list":["post-30873875","post","type-post","status-publish","format-standard","has-post-thumbnail","hentry","category-comunidad","tag-ceremonia-de-egresados","tag-doble-grado-en-derecho-y-criminologia","tag-facultad-de-derecho","tag-grado-en-criminologia"],"_links":{"self":[{"href":"https:\/\/www.upo.es\/diario\/wp-json\/wp\/v2\/posts\/30873875","targetHints":{"allow":["GET"]}}],"collection":[{"href":"https:\/\/www.upo.es\/diario\/wp-json\/wp\/v2\/posts"}],"about":[{"href":"https:\/\/www.upo.es\/diario\/wp-json\/wp\/v2\/types\/post"}],"author":[{"embeddable":true,"href":"https:\/\/www.upo.es\/diario\/wp-json\/wp\/v2\/users\/4"}],"replies":[{"embeddable":true,"href":"https:\/\/www.upo.es\/diario\/wp-json\/wp\/v2\/comments?post=30873875"}],"version-history":[{"count":2,"href":"https:\/\/www.upo.es\/diario\/wp-json\/wp\/v2\/posts\/30873875\/revisions"}],"predecessor-version":[{"id":30873931,"href":"https:\/\/www.upo.es\/diario\/wp-json\/wp\/v2\/posts\/30873875\/revisions\/30873931"}],"wp:featuredmedia":[{"embeddable":true,"href":"https:\/\/www.upo.es\/diario\/wp-json\/wp\/v2\/media\/30873926"}],"wp:attachment":[{"href":"https:\/\/www.upo.es\/diario\/wp-json\/wp\/v2\/media?parent=30873875"}],"wp:term":[{"taxonomy":"category","embeddable":true,"href":"https:\/\/www.upo.es\/diario\/wp-json\/wp\/v2\/categories?post=30873875"},{"taxonomy":"post_tag","embeddable":true,"href":"https:\/\/www.upo.es\/diario\/wp-json\/wp\/v2\/tags?post=30873875"}],"curies":[{"name":"wp","href":"https:\/\/api.w.org\/{rel}","templated":true}]}}