{"id":30873994,"date":"2022-07-04T13:50:27","date_gmt":"2022-07-04T11:50:27","guid":{"rendered":"https:\/\/www.upo.es\/diario\/?p=30873994"},"modified":"2022-07-06T14:03:50","modified_gmt":"2022-07-06T12:03:50","slug":"la-ministra-de-justicia-asegura-que-el-gran-reto-del-siglo-xxi-es-llevar-la-democracia-al-interior-de-los-hogares","status":"publish","type":"post","link":"https:\/\/www.upo.es\/diario\/cursos-verano\/2022\/07\/la-ministra-de-justicia-asegura-que-el-gran-reto-del-siglo-xxi-es-llevar-la-democracia-al-interior-de-los-hogares\/","title":{"rendered":"La ministra de Justicia asegura que el gran reto del siglo XXI es llevar la democracia al interior de los hogares"},"content":{"rendered":"<figure id=\"attachment_30873996\" aria-describedby=\"caption-attachment-30873996\" style=\"width: 1500px\" class=\"wp-caption aligncenter\"><a href=\"https:\/\/www.upo.es\/diario\/wp-content\/uploads\/2022\/07\/CUVE_Justicia.jpeg\"><img loading=\"lazy\" decoding=\"async\" class=\"wp-image-30873996 size-full\" src=\"https:\/\/www.upo.es\/diario\/wp-content\/uploads\/2022\/07\/CUVE_Justicia.jpeg\" alt=\"\" width=\"1500\" height=\"1000\" srcset=\"https:\/\/www.upo.es\/diario\/wp-content\/uploads\/2022\/07\/CUVE_Justicia.jpeg 1500w, https:\/\/www.upo.es\/diario\/wp-content\/uploads\/2022\/07\/CUVE_Justicia-385x257.jpeg 385w, https:\/\/www.upo.es\/diario\/wp-content\/uploads\/2022\/07\/CUVE_Justicia-750x500.jpeg 750w, https:\/\/www.upo.es\/diario\/wp-content\/uploads\/2022\/07\/CUVE_Justicia-768x512.jpeg 768w, https:\/\/www.upo.es\/diario\/wp-content\/uploads\/2022\/07\/CUVE_Justicia-165x109.jpeg 165w, https:\/\/www.upo.es\/diario\/wp-content\/uploads\/2022\/07\/CUVE_Justicia-1320x880.jpeg 1320w\" sizes=\"auto, (max-width: 1500px) 100vw, 1500px\" \/><\/a><figcaption id=\"caption-attachment-30873996\" class=\"wp-caption-text\">Curso de verano \u2018Mujeres y justicia\u2019<\/figcaption><\/figure>\n<p>Espa\u00f1a es una de las democracias m\u00e1s avanzadas de la Uni\u00f3n Europea y del mundo. Es uno de los pa\u00edses con mayores \u00edndices de igualdad entre mujeres y hombres de la Uni\u00f3n Europea, a casi seis puntos por encima de la media europea. \u201cSin embargo, a pesar de todos los esfuerzos y avances, a\u00fan nos queda camino por recorrer para alcanzar la plena igualdad de g\u00e9nero, para que la igualdad formal ante la ley, reconocida en las leyes en las que se asienta nuestra democracia, se convierta de manera efectiva en igualdad real\u201d, seg\u00fan asegura Mar\u00eda Pilar Llop Cuenca, ministra de Justicia del Gobierno de Espa\u00f1a.<\/p>\n<p>Mar\u00eda Pilar Llop ha participado esta ma\u00f1ana en el acto de inauguraci\u00f3n del curso de verano \u2018Mujeres y justicia\u2019, que acoge la sede Olavide en Carmona desde hoy y hasta el pr\u00f3ximo 6 de julio en modalidad dual. La ministra ha estado acompa\u00f1ada en dicho acto por el rector de la Universidad Pablo de Olavide, Francisco Oliva Bl\u00e1zquez y la codirectora del curso, Amparo Rubiales Torrej\u00f3n. Tras la inauguraci\u00f3n, la ministra ha impartido la conferencia inaugural de dicho seminario, titulada \u201cEl derecho para los derechos\u201d.<\/p>\n<p>Durante su intervenci\u00f3n, el rector ha destacado el compromiso de la Universidad Pablo de Olavide por la igualdad de g\u00e9nero y ha detallado algunas de las medidas pioneras puestas en marcha en los \u00faltimos a\u00f1os para conseguir la igualdad real en la Universidad.<\/p>\n<p>\u201cHemos sido de las primeras universidades en Espa\u00f1a en hacer unos presupuestos con perspectiva de g\u00e9nero\u00bb, ha subrayado Francisco Oliva, quien tambi\u00e9n ha reivindicado el papel de la formaci\u00f3n para alcanzar la verdadera igualdad entre mujeres y hombres en la sociedad. \u00abFormaci\u00f3n, formaci\u00f3n y formaci\u00f3n\u00bb, ha recalcado.<\/p>\n<p><a href=\"https:\/\/www.upo.es\/diario\/wp-content\/uploads\/2022\/07\/CUVE_Justicia1.jpeg\"><img loading=\"lazy\" decoding=\"async\" class=\"alignright wp-image-30873995 size-medium\" src=\"https:\/\/www.upo.es\/diario\/wp-content\/uploads\/2022\/07\/CUVE_Justicia1-385x289.jpeg\" alt=\"\" width=\"385\" height=\"289\" srcset=\"https:\/\/www.upo.es\/diario\/wp-content\/uploads\/2022\/07\/CUVE_Justicia1-385x289.jpeg 385w, https:\/\/www.upo.es\/diario\/wp-content\/uploads\/2022\/07\/CUVE_Justicia1-750x563.jpeg 750w, https:\/\/www.upo.es\/diario\/wp-content\/uploads\/2022\/07\/CUVE_Justicia1-768x576.jpeg 768w, https:\/\/www.upo.es\/diario\/wp-content\/uploads\/2022\/07\/CUVE_Justicia1.jpeg 1024w\" sizes=\"auto, (max-width: 385px) 100vw, 385px\" \/><\/a>Por su parte, Mar\u00eda Pilar Llop ha declarado que la Justicia, entendida como un servicio p\u00fablico para la ciudadan\u00eda, \u201cdebe ser una herramienta de la revoluci\u00f3n feminista que est\u00e1 en marcha. La Justicia tiene mucho que aportar en la consecuci\u00f3n de la igualdad\u201d, apunta la ministra. Sin embargo, las mujeres no consiguen llegar de forma paritaria a la c\u00fapula de los m\u00e1ximos \u00f3rganos judiciales. Seg\u00fan Mar\u00eda Pilar Llop, esto sucede porque los llamados techos de cristal son una realidad, al igual que los suelos pegajosos.<\/p>\n<p>Adem\u00e1s, las mujeres siguen siendo las principales encargadas de las tareas dom\u00e9sticas y de los cuidados familiares, no solo de los hijos e hijas, sino tambi\u00e9n de las personas mayores y dependientes. Y esto se ha agravado y evidenciado a causa de la pandemia de la COVID-19. Seg\u00fan datos del INE, el 40 % de las mujeres destinan tiempo a diario a las tareas dom\u00e9sticas y al cuidado de ni\u00f1os, mayores o dependientes, frente al 28% de los hombres. Y el 95% de las personas que optan por trabajar a tiempo parcial por motivo de cuidados son mujeres.<\/p>\n<p>\u201cA pesar de las medidas normativas y pol\u00edticas progresistas que hemos adoptado para promover la corresponsabilidad entre hombres y mujeres, como los permisos de paternidad y maternidad igualitarios, la igualdad de trato y oportunidades en el empleo y la ocupaci\u00f3n, el refuerzo en la igualdad de remuneraci\u00f3n entre hombres y mujeres, sin discriminaci\u00f3n, el derecho a la conciliaci\u00f3n de la vida familiar y laboral, o la introducci\u00f3n en nuestro ordenamiento del concepto de &#8216;trabajo de igual valor&#8217;, entre otras muchas medidas, los estereotipos de g\u00e9nero hacen que persista la desigualdad entre mujeres y hombres en las tareas de cuidados que se sigue atribuyendo mayoritariamente a las mujeres\u201d, asegura Mar\u00eda Pilar Llop.<\/p>\n<p>En este sentido, sostiene que para alcanzar la equidad debemos romper los roles y estereotipos de la sociedad patriarcal. \u201cEstereotipos contra los que tenemos que luchar a trav\u00e9s de la educaci\u00f3n, desde edades tempranas, de ni\u00f1as y ni\u00f1os, de manera igualitaria. Si no lo hacemos as\u00ed, seguir\u00e1n perviviendo en todas las esferas de la sociedad. Ese es el gran reto del siglo XXI: llevar la democracia al interior de los hogares, la corresponsabilidad, la igualdad entre los miembros de la pareja en el reparto equitativo de los cuidados\u201d.<\/p>\n","protected":false},"excerpt":{"rendered":"<p>Espa\u00f1a es una de las democracias m\u00e1s avanzadas de la Uni\u00f3n Europea y del mundo. Es uno de los pa\u00edses con mayores \u00edndices de igualdad entre mujeres y hombres de la Uni\u00f3n Europea, a casi seis puntos por encima de la media europea. \u201cSin embargo, a pesar de todos los esfuerzos y avances, a\u00fan nos queda camino por recorrer para<a class=\"read-more\" href=\"https:\/\/www.upo.es\/diario\/cursos-verano\/2022\/07\/la-ministra-de-justicia-asegura-que-el-gran-reto-del-siglo-xxi-es-llevar-la-democracia-al-interior-de-los-hogares\/\">[Read More&#8230;]<\/a><\/p>\n","protected":false},"author":4,"featured_media":30873996,"comment_status":"closed","ping_status":"open","sticky":false,"template":"","format":"standard","meta":{"_monsterinsights_skip_tracking":false,"_monsterinsights_sitenote_active":false,"_monsterinsights_sitenote_note":"","_monsterinsights_sitenote_category":0,"footnotes":""},"categories":[729],"tags":[23,22,336,5883,613,519,7759],"class_list":["post-30873994","post","type-post","status-publish","format-standard","has-post-thumbnail","hentry","category-cursos-verano","tag-carmona","tag-cursos-de-verano","tag-genero","tag-igualdad-de-genero","tag-justicia","tag-olavide-en-carmona","tag-pilar-llop"],"_links":{"self":[{"href":"https:\/\/www.upo.es\/diario\/wp-json\/wp\/v2\/posts\/30873994","targetHints":{"allow":["GET"]}}],"collection":[{"href":"https:\/\/www.upo.es\/diario\/wp-json\/wp\/v2\/posts"}],"about":[{"href":"https:\/\/www.upo.es\/diario\/wp-json\/wp\/v2\/types\/post"}],"author":[{"embeddable":true,"href":"https:\/\/www.upo.es\/diario\/wp-json\/wp\/v2\/users\/4"}],"replies":[{"embeddable":true,"href":"https:\/\/www.upo.es\/diario\/wp-json\/wp\/v2\/comments?post=30873994"}],"version-history":[{"count":1,"href":"https:\/\/www.upo.es\/diario\/wp-json\/wp\/v2\/posts\/30873994\/revisions"}],"predecessor-version":[{"id":30873997,"href":"https:\/\/www.upo.es\/diario\/wp-json\/wp\/v2\/posts\/30873994\/revisions\/30873997"}],"wp:featuredmedia":[{"embeddable":true,"href":"https:\/\/www.upo.es\/diario\/wp-json\/wp\/v2\/media\/30873996"}],"wp:attachment":[{"href":"https:\/\/www.upo.es\/diario\/wp-json\/wp\/v2\/media?parent=30873994"}],"wp:term":[{"taxonomy":"category","embeddable":true,"href":"https:\/\/www.upo.es\/diario\/wp-json\/wp\/v2\/categories?post=30873994"},{"taxonomy":"post_tag","embeddable":true,"href":"https:\/\/www.upo.es\/diario\/wp-json\/wp\/v2\/tags?post=30873994"}],"curies":[{"name":"wp","href":"https:\/\/api.w.org\/{rel}","templated":true}]}}