{"id":30874014,"date":"2022-07-06T10:12:15","date_gmt":"2022-07-06T08:12:15","guid":{"rendered":"https:\/\/www.upo.es\/diario\/?p=30874014"},"modified":"2022-07-13T10:08:33","modified_gmt":"2022-07-13T08:08:33","slug":"el-cambio-climatico-provocara-reducciones-drasticas-en-la-distribucion-de-plantas-con-relevancia-ecologica","status":"publish","type":"post","link":"https:\/\/www.upo.es\/diario\/ciencia\/2022\/07\/el-cambio-climatico-provocara-reducciones-drasticas-en-la-distribucion-de-plantas-con-relevancia-ecologica\/","title":{"rendered":"El cambio clim\u00e1tico provocar\u00e1 reducciones dr\u00e1sticas en la distribuci\u00f3n de plantas con relevancia ecol\u00f3gica"},"content":{"rendered":"<figure id=\"attachment_30874015\" aria-describedby=\"caption-attachment-30874015\" style=\"width: 385px\" class=\"wp-caption alignright\"><a href=\"https:\/\/www.upo.es\/diario\/wp-content\/uploads\/2022\/07\/Santiago_Carmen01-scaled.jpg\"><img loading=\"lazy\" decoding=\"async\" class=\"wp-image-30874015 size-medium\" src=\"https:\/\/www.upo.es\/diario\/wp-content\/uploads\/2022\/07\/Santiago_Carmen01-385x267.jpg\" alt=\"\" width=\"385\" height=\"267\" srcset=\"https:\/\/www.upo.es\/diario\/wp-content\/uploads\/2022\/07\/Santiago_Carmen01-385x267.jpg 385w, https:\/\/www.upo.es\/diario\/wp-content\/uploads\/2022\/07\/Santiago_Carmen01-750x520.jpg 750w, https:\/\/www.upo.es\/diario\/wp-content\/uploads\/2022\/07\/Santiago_Carmen01-768x532.jpg 768w, https:\/\/www.upo.es\/diario\/wp-content\/uploads\/2022\/07\/Santiago_Carmen01-1536x1065.jpg 1536w, https:\/\/www.upo.es\/diario\/wp-content\/uploads\/2022\/07\/Santiago_Carmen01-2048x1420.jpg 2048w, https:\/\/www.upo.es\/diario\/wp-content\/uploads\/2022\/07\/Santiago_Carmen01-1320x915.jpg 1320w\" sizes=\"auto, (max-width: 385px) 100vw, 385px\" \/><\/a><figcaption id=\"caption-attachment-30874015\" class=\"wp-caption-text\">Santiago Mart\u00edn Bravo y Carmen Ben\u00edtez Ben\u00edtez<\/figcaption><\/figure>\n<p>Los investigadores del \u00c1rea de Bot\u00e1nica de la Universidad Pablo de Olavide <strong>Carmen Ben\u00edtez Ben\u00edtez<\/strong> y <strong>Santiago Mart\u00edn Bravo<\/strong>, en estrecha colaboraci\u00f3n con los investigadores de la Universidad Aut\u00f3noma de Madrid <strong>Mar\u00eda Sanz Arnal<\/strong> y <strong>Pedro Jim\u00e9nez Mej\u00edas<\/strong> y la investigadora de la Universidad de Sassari en Cerde\u00f1a <strong>Malvina Urbani<\/strong> han publicado recientemente un estudio cuyos resultados pueden suponer una contribuci\u00f3n significativa en el campo de la conservaci\u00f3n de la biodiversidad.<\/p>\n<p>En el trabajo, los investigadores realizan predicciones de las respuestas de especies vegetales de importancia ecol\u00f3gica frente a distintos escenarios de cambio clim\u00e1tico (estas respuestas est\u00e1n medidas como cambios en su distribuci\u00f3n potencial y en su diversidad y estructura gen\u00e9tica). Para ello han utilizado dos especies del g\u00e9nero <strong><em>Carex<\/em> (Cyperaceae)<\/strong> que por su dominancia en los h\u00e1bitats que ocupan los caracterizan, por lo que tienen una importancia clave para su funcionamiento, y pueden ayudar a evaluar el impacto del cambio clim\u00e1tico sobre los ecosistemas. Adem\u00e1s, dichas especies est\u00e1n distribuidas exclusivamente en el Mediterr\u00e1neo Occidental, una de las regiones del planeta donde los efectos del cambio clim\u00e1tico se prev\u00e9n m\u00e1s severos.<\/p>\n<figure id=\"attachment_30874016\" aria-describedby=\"caption-attachment-30874016\" style=\"width: 385px\" class=\"wp-caption alignright\"><a href=\"https:\/\/www.upo.es\/diario\/wp-content\/uploads\/2022\/07\/fig-3-full_martin_bravo.png\"><img loading=\"lazy\" decoding=\"async\" class=\"wp-image-30874016 size-medium\" src=\"https:\/\/www.upo.es\/diario\/wp-content\/uploads\/2022\/07\/fig-3-full_martin_bravo-385x239.png\" alt=\"\" width=\"385\" height=\"239\" srcset=\"https:\/\/www.upo.es\/diario\/wp-content\/uploads\/2022\/07\/fig-3-full_martin_bravo-385x239.png 385w, https:\/\/www.upo.es\/diario\/wp-content\/uploads\/2022\/07\/fig-3-full_martin_bravo-750x466.png 750w, https:\/\/www.upo.es\/diario\/wp-content\/uploads\/2022\/07\/fig-3-full_martin_bravo-768x477.png 768w, https:\/\/www.upo.es\/diario\/wp-content\/uploads\/2022\/07\/fig-3-full_martin_bravo-1536x954.png 1536w, https:\/\/www.upo.es\/diario\/wp-content\/uploads\/2022\/07\/fig-3-full_martin_bravo-2048x1273.png 2048w, https:\/\/www.upo.es\/diario\/wp-content\/uploads\/2022\/07\/fig-3-full_martin_bravo-1320x820.png 1320w\" sizes=\"auto, (max-width: 385px) 100vw, 385px\" \/><\/a><figcaption id=\"caption-attachment-30874016\" class=\"wp-caption-text\">Cambios previstos de distribuci\u00f3n potencial inferidos por Biomod<\/figcaption><\/figure>\n<p>\u201cNuestras predicciones son preocupantes, pues indican una reducci\u00f3n significativa de la distribuci\u00f3n potencial de ambas especies bajo todos los escenarios de cambio clim\u00e1tico, que incluso podr\u00eda provocar la extinci\u00f3n de una de las especies en los escenarios m\u00e1s severos\u201d, explican los investigadores. \u201cAdem\u00e1s, inferimos cambios importantes en la diversidad y en la estructura gen\u00e9tica de ambas especies\u201d, a\u00f1aden.<\/p>\n<figure id=\"attachment_30874021\" aria-describedby=\"caption-attachment-30874021\" style=\"width: 385px\" class=\"wp-caption alignright\"><a href=\"https:\/\/www.upo.es\/diario\/wp-content\/uploads\/2022\/07\/invest-SantiagoMartinBravo-scaled.jpg\"><img loading=\"lazy\" decoding=\"async\" class=\"wp-image-30874021 size-medium\" src=\"https:\/\/www.upo.es\/diario\/wp-content\/uploads\/2022\/07\/invest-SantiagoMartinBravo-385x289.jpg\" alt=\"\" width=\"385\" height=\"289\" srcset=\"https:\/\/www.upo.es\/diario\/wp-content\/uploads\/2022\/07\/invest-SantiagoMartinBravo-385x289.jpg 385w, https:\/\/www.upo.es\/diario\/wp-content\/uploads\/2022\/07\/invest-SantiagoMartinBravo-750x563.jpg 750w, https:\/\/www.upo.es\/diario\/wp-content\/uploads\/2022\/07\/invest-SantiagoMartinBravo-768x576.jpg 768w, https:\/\/www.upo.es\/diario\/wp-content\/uploads\/2022\/07\/invest-SantiagoMartinBravo-1536x1152.jpg 1536w, https:\/\/www.upo.es\/diario\/wp-content\/uploads\/2022\/07\/invest-SantiagoMartinBravo-2048x1536.jpg 2048w\" sizes=\"auto, (max-width: 385px) 100vw, 385px\" \/><\/a><figcaption id=\"caption-attachment-30874021\" class=\"wp-caption-text\">Las plantas analizadas son caracter\u00edsticas en arroyos y r\u00edos en zonas de monta\u00f1a<\/figcaption><\/figure>\n<p>Las especies estudiadas son <em>Carex reuteriana<\/em> y <em>C. panormitana<\/em>, caracterizadoras de ciertas comunidades vegetales de bordes de r\u00edos y arroyos en \u00e1reas de monta\u00f1a principalmente de la pen\u00ednsula ib\u00e9rica, y Cerde\u00f1a, Sicilia \u00a0y T\u00fanez, respectivamente. Esta \u00faltima especie, un endemismo ya de por s\u00ed de distribuci\u00f3n extremadamente restringida, podr\u00eda incluso extinguirse, al producirse una dr\u00e1stica reducci\u00f3n de las \u00e1reas aptas para su supervivencia, seg\u00fan se\u00f1alan los autores del trabajo. \u201cLos resultados alertan sobre la necesidad urgente de reevaluar el estado de conservaci\u00f3n a nivel global de esta especie end\u00e9mica as\u00ed como de la implementaci\u00f3n de medidas de conservaci\u00f3n <em>ex situ<\/em> e <em>in situ<\/em>\u201d, apuntan.<\/p>\n<h3><strong>Un nuevo enfoque para la conservaci\u00f3n de la biodiversidad<\/strong><\/h3>\n<p>Tal y como destacan los investigadores, los resultados de este estudio pueden contribuir\u00a0 a una planificaci\u00f3n apropiada de las medidas de conservaci\u00f3n de la biodiversidad frente a los efectos negativos del calentamiento global, destacando la importancia de la conservaci\u00f3n de determinadas especies para una efectiva conservaci\u00f3n de ecosistemas al completo. \u201cPredecir las respuestas de las especies ante el cambio clim\u00e1tico es clave para proponer medidas de conservaci\u00f3n eficaces, y nuestro trabajo puede suponer un enfoque \u00fatil para la gesti\u00f3n y optimizaci\u00f3n de los recursos, priorizando su asignaci\u00f3n a especies y poblaciones relevantes\u201d, concluyen.<\/p>\n<p><strong>M\u00e1s informaci\u00f3n:<br \/>\n<\/strong>Ben\u00edtez-Ben\u00edtez C, Sanz-Arnal M, Urbani M, Jim\u00e9nez-Mej\u00edas P, Mart\u00edn-Bravo S. 2022. Dramatic impact of future climate change on the genetic diversity and distribution of ecologically relevant Western Mediterranean <em>Carex<\/em>\u00a0(Cyperaceae)<em> PeerJ<\/em> 10. <a href=\"https:\/\/peerj.com\/articles\/13464\/#aff-1\">https:\/\/peerj.com\/articles\/13464\/#aff-1<\/a><\/p>\n<p>&nbsp;<\/p>\n<p>&nbsp;<\/p>\n<p>&nbsp;<\/p>\n<p>&nbsp;<\/p>\n<p>&nbsp;<\/p>\n","protected":false},"excerpt":{"rendered":"<p>Los investigadores del \u00c1rea de Bot\u00e1nica de la Universidad Pablo de Olavide Carmen Ben\u00edtez Ben\u00edtez y Santiago Mart\u00edn Bravo, en estrecha colaboraci\u00f3n con los investigadores de la Universidad Aut\u00f3noma de Madrid Mar\u00eda Sanz Arnal y Pedro Jim\u00e9nez Mej\u00edas y la investigadora de la Universidad de Sassari en Cerde\u00f1a Malvina Urbani han publicado recientemente un estudio cuyos resultados pueden suponer una contribuci\u00f3n significativa en el campo de la conservaci\u00f3n de la biodiversidad.<\/p>\n","protected":false},"author":15,"featured_media":30874021,"comment_status":"closed","ping_status":"open","sticky":false,"template":"","format":"standard","meta":{"_monsterinsights_skip_tracking":false,"_monsterinsights_sitenote_active":false,"_monsterinsights_sitenote_note":"","_monsterinsights_sitenote_category":0,"footnotes":""},"categories":[3],"tags":[814,902,593,2587,7947,1146,194,406,1196],"class_list":["post-30874014","post","type-post","status-publish","format-standard","has-post-thumbnail","hentry","category-ciencia","tag-biodiversidad","tag-botanica","tag-cambio-climatico","tag-carex","tag-carmen-benitez","tag-conservacion","tag-ecologia","tag-publicacion","tag-santiago-martin-bravo"],"_links":{"self":[{"href":"https:\/\/www.upo.es\/diario\/wp-json\/wp\/v2\/posts\/30874014","targetHints":{"allow":["GET"]}}],"collection":[{"href":"https:\/\/www.upo.es\/diario\/wp-json\/wp\/v2\/posts"}],"about":[{"href":"https:\/\/www.upo.es\/diario\/wp-json\/wp\/v2\/types\/post"}],"author":[{"embeddable":true,"href":"https:\/\/www.upo.es\/diario\/wp-json\/wp\/v2\/users\/15"}],"replies":[{"embeddable":true,"href":"https:\/\/www.upo.es\/diario\/wp-json\/wp\/v2\/comments?post=30874014"}],"version-history":[{"count":7,"href":"https:\/\/www.upo.es\/diario\/wp-json\/wp\/v2\/posts\/30874014\/revisions"}],"predecessor-version":[{"id":30874029,"href":"https:\/\/www.upo.es\/diario\/wp-json\/wp\/v2\/posts\/30874014\/revisions\/30874029"}],"wp:featuredmedia":[{"embeddable":true,"href":"https:\/\/www.upo.es\/diario\/wp-json\/wp\/v2\/media\/30874021"}],"wp:attachment":[{"href":"https:\/\/www.upo.es\/diario\/wp-json\/wp\/v2\/media?parent=30874014"}],"wp:term":[{"taxonomy":"category","embeddable":true,"href":"https:\/\/www.upo.es\/diario\/wp-json\/wp\/v2\/categories?post=30874014"},{"taxonomy":"post_tag","embeddable":true,"href":"https:\/\/www.upo.es\/diario\/wp-json\/wp\/v2\/tags?post=30874014"}],"curies":[{"name":"wp","href":"https:\/\/api.w.org\/{rel}","templated":true}]}}