{"id":30874017,"date":"2022-07-06T09:46:06","date_gmt":"2022-07-06T07:46:06","guid":{"rendered":"https:\/\/www.upo.es\/diario\/?p=30874017"},"modified":"2022-07-11T11:23:05","modified_gmt":"2022-07-11T09:23:05","slug":"obra-sevilla-historia-de-su-forma-urbana-profesor-upo-jose-maria-feria-premios-nacionales-edicion-universitaria","status":"publish","type":"post","link":"https:\/\/www.upo.es\/diario\/docencia-formacion\/2022\/07\/obra-sevilla-historia-de-su-forma-urbana-profesor-upo-jose-maria-feria-premios-nacionales-edicion-universitaria\/","title":{"rendered":"La obra \u2018Sevilla. Historia de su forma urbana\u2019 del profesor de la UPO Jos\u00e9 Mar\u00eda Feria, galardonada en los Premios Nacionales de Edici\u00f3n Universitaria"},"content":{"rendered":"<p><strong><a href=\"https:\/\/www.upo.es\/diario\/wp-content\/uploads\/2022\/07\/libro_sevilla.png\"><img loading=\"lazy\" decoding=\"async\" class=\"alignright size-medium wp-image-30874019\" src=\"https:\/\/www.upo.es\/diario\/wp-content\/uploads\/2022\/07\/libro_sevilla-299x385.png\" alt=\"\" width=\"299\" height=\"385\" srcset=\"https:\/\/www.upo.es\/diario\/wp-content\/uploads\/2022\/07\/libro_sevilla-299x385.png 299w, https:\/\/www.upo.es\/diario\/wp-content\/uploads\/2022\/07\/libro_sevilla-583x750.png 583w, https:\/\/www.upo.es\/diario\/wp-content\/uploads\/2022\/07\/libro_sevilla.png 675w\" sizes=\"auto, (max-width: 299px) 100vw, 299px\" \/><\/a>El libro \u2018Sevilla. Historia de su forma urbana. Dos mil a\u00f1os de una ciudad excepcional\u2019,<\/strong> una obra coordinada y dirigida por el catedr\u00e1tico de Geograf\u00eda Humana de la Universidad Pablo de Olavide, Jos\u00e9 Mar\u00eda Feria Toribio, ha sido galardonado en <strong>los XXV Premios Nacionales de Edici\u00f3n Universitaria<\/strong> como mejor monograf\u00eda en Ciencias, Ingenier\u00eda y Arquitectura. El jurado ha reconocido esta obra por tratarse de un exhaustivo an\u00e1lisis gr\u00e1fico del urbanismo sevillano en los dos \u00faltimos milenios.<\/p>\n<p>Un total de 238 obras optaban a doce categor\u00edas en esta edici\u00f3n de los Premios Nacionales de Edici\u00f3n Universitaria que conmemora el primer cuarto de siglo de estos galardones, reconociendo los mejores libros publicados por las universidades y centros de investigaci\u00f3n espa\u00f1oles en distintas modalidades.<\/p>\n<p><strong>La obra \u2018Sevilla. Historia de su forma urbana. Dos mil a\u00f1os de una ciudad excepcional\u2019 <\/strong>(Editorial Universidad de Sevilla, 2021) es fruto de la colaboraci\u00f3n entre acad\u00e9micos, investigadores y profesionales, de distintas disciplinas con una amplia trayectoria en el estudio de la ciudad de Sevilla. En el libro se realiza un recorrido por la historia de su forma urbana desde sus or\u00edgenes hasta hoy; desde su inicial asentamiento en un enclave estrat\u00e9gico hace m\u00e1s de dos milenios como colonia romana, hasta la actualidad cuando se integra su corona metropolitana. As\u00ed, se incorpora la Sevilla real de hoy, la metropolitana, a los estudios hist\u00f3ricos, ofreciendo una completa y compleja visi\u00f3n de la forma urbana de la ciudad.<\/p>\n<p>A lo largo de cuatrocientas p\u00e1ginas con centenares de im\u00e1genes, desde pinturas y grabados a fotograf\u00edas y mapas digitales, esta publicaci\u00f3n es una novedosa aportaci\u00f3n en forma y contenidos para el conocimiento de la historia urbana de Sevilla. Es un proyecto realizado por un equipo de ge\u00f3grafos, historiadores, arque\u00f3logos, ec\u00f3logos de las universidades Pablo de Olavide,\u00a0 Sevilla y Huelva e investigadores independientes, integrado por Gonzalo Acosta Bono, Francisco Borja Barrera, Antonio Collantes de Tera\u0301n Sa\u0301nchez, Jos\u00e9 Di\u0301az Quidiello, Jos\u00e9 Mar\u00eda Feria Toribio, Enrique Garci\u0301a Vargas, Jos\u00e9 Mar\u00eda Miura Andrades, Francisco Ollero Lobato, Fernando Olmedo Granados y Fernando Sancho Royo, a los que se ha sumado la intervenci\u00f3n de dise\u00f1adores, cart\u00f3grafos, fot\u00f3grafos y otros profesionales.<\/p>\n","protected":false},"excerpt":{"rendered":"<p>El libro \u2018Sevilla. Historia de su forma urbana. Dos mil a\u00f1os de una ciudad excepcional\u2019, una obra coordinada y dirigida por el catedr\u00e1tico de Geograf\u00eda Humana de la Universidad Pablo de Olavide, Jos\u00e9 Mar\u00eda Feria Toribio, ha sido galardonado en los XXV Premios Nacionales de Edici\u00f3n Universitaria como mejor monograf\u00eda en Ciencias, Ingenier\u00eda y Arquitectura.<\/p>\n","protected":false},"author":4,"featured_media":30874019,"comment_status":"closed","ping_status":"open","sticky":false,"template":"","format":"standard","meta":{"_monsterinsights_skip_tracking":false,"_monsterinsights_sitenote_active":false,"_monsterinsights_sitenote_note":"","_monsterinsights_sitenote_category":0,"footnotes":""},"categories":[2779],"tags":[1788,96,7330,7951],"class_list":["post-30874017","post","type-post","status-publish","format-standard","has-post-thumbnail","hentry","category-docencia-formacion","tag-area-de-geografia-humana","tag-facultad-de-humanidades","tag-jose-maria-feria-toribio","tag-premio-nacional-de-edicion-universitaria"],"_links":{"self":[{"href":"https:\/\/www.upo.es\/diario\/wp-json\/wp\/v2\/posts\/30874017","targetHints":{"allow":["GET"]}}],"collection":[{"href":"https:\/\/www.upo.es\/diario\/wp-json\/wp\/v2\/posts"}],"about":[{"href":"https:\/\/www.upo.es\/diario\/wp-json\/wp\/v2\/types\/post"}],"author":[{"embeddable":true,"href":"https:\/\/www.upo.es\/diario\/wp-json\/wp\/v2\/users\/4"}],"replies":[{"embeddable":true,"href":"https:\/\/www.upo.es\/diario\/wp-json\/wp\/v2\/comments?post=30874017"}],"version-history":[{"count":1,"href":"https:\/\/www.upo.es\/diario\/wp-json\/wp\/v2\/posts\/30874017\/revisions"}],"predecessor-version":[{"id":30874022,"href":"https:\/\/www.upo.es\/diario\/wp-json\/wp\/v2\/posts\/30874017\/revisions\/30874022"}],"wp:featuredmedia":[{"embeddable":true,"href":"https:\/\/www.upo.es\/diario\/wp-json\/wp\/v2\/media\/30874019"}],"wp:attachment":[{"href":"https:\/\/www.upo.es\/diario\/wp-json\/wp\/v2\/media?parent=30874017"}],"wp:term":[{"taxonomy":"category","embeddable":true,"href":"https:\/\/www.upo.es\/diario\/wp-json\/wp\/v2\/categories?post=30874017"},{"taxonomy":"post_tag","embeddable":true,"href":"https:\/\/www.upo.es\/diario\/wp-json\/wp\/v2\/tags?post=30874017"}],"curies":[{"name":"wp","href":"https:\/\/api.w.org\/{rel}","templated":true}]}}