{"id":30874079,"date":"2022-07-08T14:28:06","date_gmt":"2022-07-08T12:28:06","guid":{"rendered":"https:\/\/www.upo.es\/diario\/?p=30874079"},"modified":"2022-07-08T14:28:06","modified_gmt":"2022-07-08T12:28:06","slug":"trastornos-de-conducta-en-el-aula-autismo-y-proteccion-de-menores-en-el-ambito-deportivo-en-los-cursos-de-verano-de-la-upo","status":"publish","type":"post","link":"https:\/\/www.upo.es\/diario\/cursos-verano\/2022\/07\/trastornos-de-conducta-en-el-aula-autismo-y-proteccion-de-menores-en-el-ambito-deportivo-en-los-cursos-de-verano-de-la-upo\/","title":{"rendered":"Trastornos de conducta en el aula, autismo y protecci\u00f3n de menores en el \u00e1mbito deportivo, en los cursos de verano de la UPO"},"content":{"rendered":"<p><a href=\"https:\/\/www.upo.es\/diario\/wp-content\/uploads\/2022\/06\/CursosdeVerano2022_cartel.png\"><img loading=\"lazy\" decoding=\"async\" class=\"alignright size-medium wp-image-30873254\" src=\"https:\/\/www.upo.es\/diario\/wp-content\/uploads\/2022\/06\/CursosdeVerano2022_cartel-273x385.png\" alt=\"\" width=\"273\" height=\"385\" srcset=\"https:\/\/www.upo.es\/diario\/wp-content\/uploads\/2022\/06\/CursosdeVerano2022_cartel-273x385.png 273w, https:\/\/www.upo.es\/diario\/wp-content\/uploads\/2022\/06\/CursosdeVerano2022_cartel-532x750.png 532w, https:\/\/www.upo.es\/diario\/wp-content\/uploads\/2022\/06\/CursosdeVerano2022_cartel-768x1083.png 768w, https:\/\/www.upo.es\/diario\/wp-content\/uploads\/2022\/06\/CursosdeVerano2022_cartel-1089x1536.png 1089w, https:\/\/www.upo.es\/diario\/wp-content\/uploads\/2022\/06\/CursosdeVerano2022_cartel.png 1202w\" sizes=\"auto, (max-width: 273px) 100vw, 273px\" \/><\/a>La sede de la Universidad Pablo de Olavide en Carmona acoge la semana pr\u00f3xima la celebraci\u00f3n de<strong> cinco nuevos cursos de verano<\/strong>: \u2018Trastornos de conducta en el aula. Propuesta de intervenci\u00f3n desde enfoques psicol\u00f3gicos y educativos de tercera generaci\u00f3n\u2019; \u2018Derecho deportivo aplicado al f\u00fatbol\u2019; \u2018Actualizaci\u00f3n en los trastornos del espectro del autismo (TEA)\u2019; \u2018Procesos de creaci\u00f3n en el audiovisual en Andaluc\u00eda en la era digital. 2\u00aa edici\u00f3n\u2019; y \u2018Protecci\u00f3n de los menores frente a la violencia en el \u00e1mbito deportivo, especialmente ni\u00f1as, menores con discapacidad y LGTBI\u2019.<\/p>\n<p>El curso <strong>\u2018Trastornos de conducta en el aula. Propuesta de intervenci\u00f3n desde enfoques psicol\u00f3gicos y educativos de tercera generaci\u00f3n\u2019<\/strong>, que se celebrar\u00e1 en modalidad dual (presencial y online) del 11 al 15 de julio, aborda la importancia de la salud mental, que est\u00e1 adquiriendo cada vez mayor relevancia, ya que los problemas de conducta aumentan en las escuelas y se manifiestan en la pandemia por mor de la incertidumbre, la inestabilidad social y la problem\u00e1tica familiar.<\/p>\n<p>Otro de los seminarios que se celebra la pr\u00f3xima semana, y que se inaugura el martes es<strong> \u2018Derecho deportivo aplicado al f\u00fatbol\u2019<\/strong>, que se impartir\u00e1 hasta el mi\u00e9rcoles 13 de julio en modalidad dual. Entre las ponencias que se impartir\u00e1n en el transcurso de esta actividad formativa figuran \u2018La regulaci\u00f3n del deporte en Espa\u00f1a\u2019, \u2018La nueva Ley del Deporte\u2019 o \u2018El r\u00e9gimen disciplinario en el deporte profesional\u2019<\/p>\n<p>Por otro lado, el mi\u00e9rcoles 13 de julio dar\u00e1 comienzo el curso<strong> \u2018Actualizaci\u00f3n en los trastornos del espectro del autismo (TEA)\u2019<\/strong>, que se impartir\u00e1 en modalidad online y se extender\u00e1 hasta el jueves 14 de julio. El objetivo de este curso es realizar una aproximaci\u00f3n a los TEA y dar una imagen global de los mismos con la necesaria claridad conceptual que sirva para afianzar los conocimientos para la iniciaci\u00f3n en la atenci\u00f3n como apoyo a personas con TEA.<\/p>\n<p>Otro curso que se imparte entre el jueves y el viernes en modalidad dual es <strong>\u2018Procesos de creaci\u00f3n en el audiovisual en Andaluc\u00eda en la era digital. 2\u00aa edici\u00f3n\u2019<\/strong>. Contar\u00e1 con la presencia de directores de cine, directores de producci\u00f3n, montadores y expertos en efectos visuales, quienes har\u00e1n patente el excelente momento que atraviesa el sector audiovisual en Andaluc\u00eda, con cada vez m\u00e1s profesionales reconocidos y premiados tanto en Espa\u00f1a como en el extranjero.<\/p>\n<p>El \u00faltimo de los seminarios que se celebrar\u00e1 la semana pr\u00f3xima es <strong>\u2018Protecci\u00f3n integral de los menores frente a la violencia en el \u00e1mbito deportivo, especialmente ni\u00f1as, menores con discapacidad y menores LGTBI\u2019<\/strong>, que se desarrollar\u00e1 en la modalidad online los d\u00edas 14 y 15 de julio. La finalidad de este curso es la formaci\u00f3n de todas las personas y entidades con responsabilidades en materia de seguridad en la evaluaci\u00f3n y gesti\u00f3n de los riesgos para poder determinar las necesidades m\u00e1s all\u00e1 de lo meramente reglamentario y la forma m\u00e1s adecuada de gestionarlo.<\/p>\n<p><strong>Para consultar los programas de los cursos:<\/strong><br \/>\n<a href=\"https:\/\/www.upo.es\/formacionpermanente\/cursos-de-verano-olavide\/\">www.upo.es\/formacionpermanente\/cursos-de-verano-olavide\/<\/a><\/p>\n<p>&nbsp;<\/p>\n","protected":false},"excerpt":{"rendered":"<p>Cinco seminarios dar\u00e1n continuidad a la actividad acad\u00e9mica estival de la universidad sevillana en la sede Rectora Rosario Valpuesta de Carmona, sita en la casa-palacio de los Briones de la localidad.<\/p>\n","protected":false},"author":6,"featured_media":30873254,"comment_status":"closed","ping_status":"open","sticky":false,"template":"","format":"standard","meta":{"_monsterinsights_skip_tracking":false,"_monsterinsights_sitenote_active":false,"_monsterinsights_sitenote_note":"","_monsterinsights_sitenote_category":0,"footnotes":""},"categories":[729],"tags":[1842,5507,23,22,541,4379,519],"class_list":["post-30874079","post","type-post","status-publish","format-standard","has-post-thumbnail","hentry","category-cursos-verano","tag-audiovisual","tag-autismo","tag-carmona","tag-cursos-de-verano","tag-deporte","tag-derecho-deportivo","tag-olavide-en-carmona"],"_links":{"self":[{"href":"https:\/\/www.upo.es\/diario\/wp-json\/wp\/v2\/posts\/30874079","targetHints":{"allow":["GET"]}}],"collection":[{"href":"https:\/\/www.upo.es\/diario\/wp-json\/wp\/v2\/posts"}],"about":[{"href":"https:\/\/www.upo.es\/diario\/wp-json\/wp\/v2\/types\/post"}],"author":[{"embeddable":true,"href":"https:\/\/www.upo.es\/diario\/wp-json\/wp\/v2\/users\/6"}],"replies":[{"embeddable":true,"href":"https:\/\/www.upo.es\/diario\/wp-json\/wp\/v2\/comments?post=30874079"}],"version-history":[{"count":2,"href":"https:\/\/www.upo.es\/diario\/wp-json\/wp\/v2\/posts\/30874079\/revisions"}],"predecessor-version":[{"id":30874081,"href":"https:\/\/www.upo.es\/diario\/wp-json\/wp\/v2\/posts\/30874079\/revisions\/30874081"}],"wp:featuredmedia":[{"embeddable":true,"href":"https:\/\/www.upo.es\/diario\/wp-json\/wp\/v2\/media\/30873254"}],"wp:attachment":[{"href":"https:\/\/www.upo.es\/diario\/wp-json\/wp\/v2\/media?parent=30874079"}],"wp:term":[{"taxonomy":"category","embeddable":true,"href":"https:\/\/www.upo.es\/diario\/wp-json\/wp\/v2\/categories?post=30874079"},{"taxonomy":"post_tag","embeddable":true,"href":"https:\/\/www.upo.es\/diario\/wp-json\/wp\/v2\/tags?post=30874079"}],"curies":[{"name":"wp","href":"https:\/\/api.w.org\/{rel}","templated":true}]}}