{"id":30874142,"date":"2022-07-11T12:55:19","date_gmt":"2022-07-11T10:55:19","guid":{"rendered":"https:\/\/www.upo.es\/diario\/?p=30874142"},"modified":"2022-07-13T10:08:28","modified_gmt":"2022-07-13T08:08:28","slug":"ocho-nuevas-entidades-se-suman-programa-voluntariado-upo","status":"publish","type":"post","link":"https:\/\/www.upo.es\/diario\/cultura-social\/2022\/07\/ocho-nuevas-entidades-se-suman-programa-voluntariado-upo\/","title":{"rendered":"Ocho nuevas entidades se suman al programa de voluntariado de la Universidad Pablo de Olavide"},"content":{"rendered":"<figure id=\"attachment_30874144\" aria-describedby=\"caption-attachment-30874144\" style=\"width: 750px\" class=\"wp-caption aligncenter\"><a href=\"https:\/\/www.upo.es\/diario\/wp-content\/uploads\/2022\/07\/Conv-Voluntariado-UPO-scaled.jpg\"><img loading=\"lazy\" decoding=\"async\" class=\"size-large wp-image-30874144\" src=\"https:\/\/www.upo.es\/diario\/wp-content\/uploads\/2022\/07\/Conv-Voluntariado-UPO-750x500.jpg\" alt=\"con representantes de las entidades y responsables del programa de Voluntariado de la UPO\" width=\"750\" height=\"500\" srcset=\"https:\/\/www.upo.es\/diario\/wp-content\/uploads\/2022\/07\/Conv-Voluntariado-UPO-750x500.jpg 750w, https:\/\/www.upo.es\/diario\/wp-content\/uploads\/2022\/07\/Conv-Voluntariado-UPO-385x257.jpg 385w, https:\/\/www.upo.es\/diario\/wp-content\/uploads\/2022\/07\/Conv-Voluntariado-UPO-768x512.jpg 768w, https:\/\/www.upo.es\/diario\/wp-content\/uploads\/2022\/07\/Conv-Voluntariado-UPO-1536x1024.jpg 1536w, https:\/\/www.upo.es\/diario\/wp-content\/uploads\/2022\/07\/Conv-Voluntariado-UPO-2048x1365.jpg 2048w\" sizes=\"auto, (max-width: 750px) 100vw, 750px\" \/><\/a><figcaption id=\"caption-attachment-30874144\" class=\"wp-caption-text\">Francisco Oliva con representantes de las entidades y responsables del programa de Voluntariado de la UPO<\/figcaption><\/figure>\n<p>Francisco Oliva, rector de la Universidad Pablo de Olavide, ha firmado hoy convenios con representantes de ocho nuevas entidades del tercer sector que se incorporan al programa de voluntariado universitario de la UPO. Por parte de estas asociaciones han acudido al Rectorado para formalizar los acuerdos, Miguel Enrile, delegado en Andaluc\u00eda de la Orden de Malta; Lorena Leyva, presidenta de Corazones con bata; Antonio Segundo Silva, presidente de ATMOS; Jes\u00fas L\u00f3pez, responsable de voluntariado de la Fundaci\u00f3n Aproni; Israel Corpas, presidente de Isbilya PFC; Mar\u00eda Ru\u00edz, responsable de voluntariado de ADIMA; Rafael Pozo, presidente de la Fundaci\u00f3n TAU; y Pilar Medrano, presidenta de la Asociaci\u00f3n Guzm\u00e1n Abierto. Ha asistido tambi\u00e9n a la firma David Cobos, vicerrector de Cultura y Pol\u00edticas Sociales de la Universidad.<\/p>\n<p>Estudiantes, profesorado y personal de administraci\u00f3n de la UPO, mediante los acuerdos suscritos esta ma\u00f1ana, realizar\u00e1n labores solidarias, aportando su tiempo de manera altruista, gracias a la colaboraci\u00f3n de estas asociaciones con la <strong>Oficina de Voluntariado y Compromiso Social de la Universidad<\/strong>. Por otro lado, estas entidades y la Universidad Pablo de Olavide realizar\u00e1n conjuntamente actividades de sensibilizaci\u00f3n y formaci\u00f3n en materia de voluntariado, trabajando por la difusi\u00f3n de la importancia de esta labor.<\/p>\n<p>Estas entidades se suman as\u00ed a las 130 asociaciones con las que colabora la Universidad Pablo de Olavide, de las que m\u00e1s de setenta acogen en sus programas a voluntarios y voluntarias de la UPO, que prestan de este modo su tiempo solidariamente, colaborando en m\u00e1s de cien actividades de voluntariado, adem\u00e1s de los proyectos e iniciativas llevados a cabo directamente por la Oficina de Voluntariado y Compromiso Social de la Universidad.<\/p>\n<p>El rector de la UPO ha agradecido a las asociaciones la confianza que tienen en la UPO para articular su labor de voluntariado. As\u00ed mismo, Francisco Oliva ha destacado que, gracias a estos convenios, el estudiantado aprender\u00e1 directamente en el tercer sector, tan importante para la sociedad, form\u00e1ndose en valores a la vez que trabajan por conseguir la excelencia acad\u00e9mica. \u201cLa sociedad es la gran ganadora de este programa, porque cuando los estudiantes salgan de la Universidad ser\u00e1n buenos profesionales pero conscientes de la importancia del bien com\u00fan\u201d, ha concluido.<\/p>\n<p>Las entidades que se incorporan al programa de voluntariado de la Universidad Pablo de Olavide y sus principales objetivos y marcos de acci\u00f3n son los siguientes:<\/p>\n<p><strong><a href=\"https:\/\/www.ordendemalta.es\/comedor-de-san-juan-de-acre-sevilla\/\">ORDEN DE MALTA<\/a><\/strong>.\u00a0 El Comedor San Juan de Acre comenz\u00f3 a funcionar en 2011. Cumplidos los diez a\u00f1os de su gesti\u00f3n, se ha consolidado la atenci\u00f3n a sus beneficiarios y el equipo de personas voluntarias. El Comedor San Juan de Acre es un recurso conocido y bien valorado en la ciudad de Sevilla y utilizado por las personas en situaci\u00f3n de vulnerabilidad y riesgo de exclusi\u00f3n social de Sevilla.<\/p>\n<p><strong><a href=\"https:\/\/es-es.facebook.com\/groups\/210048516767614\/\">CORAZONES CON BATA<\/a><\/strong>. La asociaci\u00f3n <em>Corazones con bata<\/em> est\u00e1 formada por un grupo de mujeres aficionadas al <em>patchwork<\/em> que donan de manera altruista sonrisas y optimismo en forma de corazones de tela. La iniciativa comenz\u00f3 en la provincia de Sevilla cosiendo corazones con mensajes de \u00e1nimo para el personal sanitario de los hospitales de la provincia de Sevilla, en los peores momentos de la pandemia, en marzo de 2020. El personal sanitario sufri\u00f3 psicol\u00f3gica y f\u00edsicamente esta lucha tan intensa contra el virus de la COVID-19 en sus propias carnes, y estos corazones fueron capaces de repartir sonrisas, mucho \u00e1nimo y reponer fuerzas a nuestros profesionales.<\/p>\n<p><strong><a href=\"https:\/\/www.facebook.com\/atmossevilla\/\">Asociaci\u00f3n de Personas Trasplantadas de M\u00e9dula \u00d3sea y Enfermedades de la Sangre<\/a><\/strong>. ATMOS es una Asociaci\u00f3n de personas trasplantadas de m\u00e9dula \u00f3sea y enfermedades de la sangre con sede en Sevilla y con la vocaci\u00f3n de ayudar a enfermos y sus familiares. Llevan a cabo iniciativas para atender tanto a los pacientes como a sus familias. En el proyecto <em>Tu alma gemela<\/em> son los pacientes que han superado la enfermedad quienes ayudan a otros en sus comienzos, mientras que <em>Aqu\u00ed tienes un amigo<\/em> est\u00e1 impulsado por familiares que brindan su experiencia como cuidadores a otros familiares que est\u00e1n empezando.<\/p>\n<p><strong><a href=\"https:\/\/aproni.org\/\">Fundaci\u00f3n Internacional APRONI<\/a><\/strong>.\u00a0 En el a\u00f1o 1999, Juan Gabriel Garc\u00eda Ruiz, junto con un grupo de familias voluntarias crean la Asociaci\u00f3n de Ayuda y Protecci\u00f3n al Ni\u00f1o, germen de lo que a\u00f1os m\u00e1s tarde ser\u00eda la Fundaci\u00f3n Internacional APRONI, formada por personas voluntarias sensibilizadas con las necesidades de los colectivos m\u00e1s desfavorecidos. Hoy en d\u00eda, desde APRONI se trabaja la discapacidad desde una perspectiva tanto especializada, a trav\u00e9s de recursos muy espec\u00edficos (Da\u00f1o Cerebral Adquirido, Trastorno del Espectro Autista, Discapacidad Ps\u00edquica e intelectual), como transversal en todos y cada uno de los programas y centros que gestionan. Adem\u00e1s de formar parte del Programa de Acogimiento Familiar de Menores de la Junta de Andaluc\u00eda.<\/p>\n<p><strong><a href=\"https:\/\/isbilyapfc.com\/\">ISBILYA <em>Powerchair<\/em> F\u00fatbol Club<\/a><\/strong>. F\u00fatbol en silla motorizada, en ingl\u00e9s <em>Powerchair Football<\/em> es un deporte en equipo para las personas con discapacidad, que se rige y respeta las normas del f\u00fatbol, en el que dos equipos de cuatro jugadores cada uno usan sus sillas equipadas con protecciones met\u00e1licas para atacar, defender, y golpear una de pelota de f\u00fatbol intentando marcar m\u00e1s goles que su adversario. ISBILYA, gestionado por completo con personas con diversidad funcional, es el primer club de Sevilla en este tipo de deporte, reci\u00e9n implantado en nuestro pa\u00eds.<\/p>\n<p><strong><a href=\"https:\/\/www.bienestaryproteccioninfantil.es\/fuentes.asp?sec=16&amp;subs=35\">ADIMA<\/a><\/strong>. La Asociaci\u00f3n Andaluza de Defensa de la Infancia y Prevenci\u00f3n del Maltrato Infantil (ADIMA) es una organizaci\u00f3n sin \u00e1nimo de lucro que nace en el a\u00f1o 1990 ante la necesidad detectada por profesionales de distintos \u00e1mbitos, para promocionar el buen trato y la atenci\u00f3n a la Infancia y la Adolescencia. Desde su creaci\u00f3n, ha supuesto un lugar de encuentro, discusi\u00f3n, formaci\u00f3n y trabajo para los\/as profesionales e instituciones interesados en mejorar la calidad de vida de los Ni\u00f1os, Ni\u00f1as y Adolescentes.<\/p>\n<p><strong><a href=\"http:\/\/fundaciontau.org\/\">Fundaci\u00f3n TAU<\/a><\/strong>. La Fundaci\u00f3n Tutelar TAU es una entidad andaluza con m\u00e1s de veintis\u00e9is a\u00f1os de experiencia que ofrece un servicio de apoyo para personas con discapacidad intelectual o del desarrollo y cuya capacidad jur\u00eddica ha sido modificada o revisada, encontr\u00e1ndose en una situaci\u00f3n de vulnerabilidad. Desempe\u00f1an cargos tutelares en aquellos casos en los que no existen referentes o no son id\u00f3neos para su ejercicio o prestan asesoramiento e informaci\u00f3n jur\u00eddica y social, tanto a familiares de personas con discapacidad intelectual, como a profesionales de las distintas administraciones.<\/p>\n<p><strong><a href=\"https:\/\/es-la.facebook.com\/PCGuzmanAbierto\/\">Asociaci\u00f3n Guzm\u00e1n Abierto<\/a><\/strong>. Es una asociaci\u00f3n de ciudadanos de Castilleja de Guzm\u00e1n y alrededores que desarrolla actividades de sensibilizaci\u00f3n sobre la situaci\u00f3n de las personas migrantes. Trabajan en la sensibilizaci\u00f3n, ayuda y acogida del colectivo migrante, para lograr la no discriminaci\u00f3n e integraci\u00f3n de las personas migrantes.<\/p>\n","protected":false},"excerpt":{"rendered":"<p>El rector de la UPO ha firmado hoy los convenios para que la comunidad universitaria colabore solidariamente con la Orden de Malta, Corazones con bata, ATMOS, Fundaci\u00f3n Aproni, Isbilya PFC, ADIMA, Fundaci\u00f3n TAU y la Asociaci\u00f3n Guzm\u00e1n Abierto.<\/p>\n","protected":false},"author":6,"featured_media":30874144,"comment_status":"closed","ping_status":"open","sticky":false,"template":"","format":"standard","meta":{"_monsterinsights_skip_tracking":false,"_monsterinsights_sitenote_active":false,"_monsterinsights_sitenote_note":"","_monsterinsights_sitenote_category":0,"footnotes":""},"categories":[5843],"tags":[3364,5150,21,4021,1315,38,1024,5906,86],"class_list":["post-30874142","post","type-post","status-publish","format-standard","has-post-thumbnail","hentry","category-cultura-social","tag-asociaciones","tag-david-cobos-sanchiz","tag-estudiantes","tag-francisco-oliva-blazquez","tag-oficina-de-voluntariado","tag-rector","tag-solidaridad","tag-tercer-sector","tag-voluntariado"],"_links":{"self":[{"href":"https:\/\/www.upo.es\/diario\/wp-json\/wp\/v2\/posts\/30874142","targetHints":{"allow":["GET"]}}],"collection":[{"href":"https:\/\/www.upo.es\/diario\/wp-json\/wp\/v2\/posts"}],"about":[{"href":"https:\/\/www.upo.es\/diario\/wp-json\/wp\/v2\/types\/post"}],"author":[{"embeddable":true,"href":"https:\/\/www.upo.es\/diario\/wp-json\/wp\/v2\/users\/6"}],"replies":[{"embeddable":true,"href":"https:\/\/www.upo.es\/diario\/wp-json\/wp\/v2\/comments?post=30874142"}],"version-history":[{"count":2,"href":"https:\/\/www.upo.es\/diario\/wp-json\/wp\/v2\/posts\/30874142\/revisions"}],"predecessor-version":[{"id":30874145,"href":"https:\/\/www.upo.es\/diario\/wp-json\/wp\/v2\/posts\/30874142\/revisions\/30874145"}],"wp:featuredmedia":[{"embeddable":true,"href":"https:\/\/www.upo.es\/diario\/wp-json\/wp\/v2\/media\/30874144"}],"wp:attachment":[{"href":"https:\/\/www.upo.es\/diario\/wp-json\/wp\/v2\/media?parent=30874142"}],"wp:term":[{"taxonomy":"category","embeddable":true,"href":"https:\/\/www.upo.es\/diario\/wp-json\/wp\/v2\/categories?post=30874142"},{"taxonomy":"post_tag","embeddable":true,"href":"https:\/\/www.upo.es\/diario\/wp-json\/wp\/v2\/tags?post=30874142"}],"curies":[{"name":"wp","href":"https:\/\/api.w.org\/{rel}","templated":true}]}}