{"id":30874192,"date":"2022-07-14T10:24:17","date_gmt":"2022-07-14T08:24:17","guid":{"rendered":"https:\/\/www.upo.es\/diario\/?p=30874192"},"modified":"2022-07-14T11:39:28","modified_gmt":"2022-07-14T09:39:28","slug":"jose-maria-cruz-pide-no-obsesionarse-con-numeros-puntuales-de-aficionados-beticos-y-sevillistas","status":"publish","type":"post","link":"https:\/\/www.upo.es\/diario\/cursos-verano\/2022\/07\/jose-maria-cruz-pide-no-obsesionarse-con-numeros-puntuales-de-aficionados-beticos-y-sevillistas\/","title":{"rendered":"Jos\u00e9 Mar\u00eda Cruz pide \u00abno obsesionarse\u00bb con n\u00fameros \u00abpuntuales\u00bb de aficionados b\u00e9ticos y sevillistas"},"content":{"rendered":"<figure id=\"attachment_30874194\" aria-describedby=\"caption-attachment-30874194\" style=\"width: 750px\" class=\"wp-caption aligncenter\"><img loading=\"lazy\" decoding=\"async\" class=\"size-large wp-image-30874194\" src=\"https:\/\/www.upo.es\/diario\/wp-content\/uploads\/2022\/07\/jose-maria-cruz-sevilla-fc-750x409.jpg\" alt=\"Jos\u00e9 Mar\u00eda Cruz\" width=\"750\" height=\"409\" srcset=\"https:\/\/www.upo.es\/diario\/wp-content\/uploads\/2022\/07\/jose-maria-cruz-sevilla-fc-750x409.jpg 750w, https:\/\/www.upo.es\/diario\/wp-content\/uploads\/2022\/07\/jose-maria-cruz-sevilla-fc-385x210.jpg 385w, https:\/\/www.upo.es\/diario\/wp-content\/uploads\/2022\/07\/jose-maria-cruz-sevilla-fc-768x419.jpg 768w, https:\/\/www.upo.es\/diario\/wp-content\/uploads\/2022\/07\/jose-maria-cruz-sevilla-fc.jpg 1100w\" sizes=\"auto, (max-width: 750px) 100vw, 750px\" \/><figcaption id=\"caption-attachment-30874194\" class=\"wp-caption-text\">Jos\u00e9 Mar\u00eda Cruz<\/figcaption><\/figure>\n<p>El director general del Sevilla FC,<strong> Jos\u00e9 Mar\u00eda Cruz,<\/strong> ha compartido en los cursos de verano de la Universidad Pablo de Olavide que \u00abno podemos obsesionarnos\u00bb con el n\u00famero de aficionados sevillistas en la ciudad y con que \u00abhaya un porcentaje mayor puntualmente\u00bb de b\u00e9ticos, al mismo tiempo que ha reconocido que son \u00abcuestiones que est\u00e1n por encima de nuestras posibilidades\u00bb.<\/p>\n<p>Durante la inauguraci\u00f3n del <strong>curso \u2018Derecho deportivo aplicado al f\u00fatbol\u2019<\/strong> en Carmona, Jos\u00e9 Mar\u00eda Cruz ha tratado la actualidad del club sevillista, diciendo que \u00abhace a\u00f1os ten\u00edamos la sensaci\u00f3n de que \u00e9ramos menos sevillistas de los que realmente \u00e9ramos\u00bb. \u00abCon los \u00e9xitos deportivos, sobre todo a nivel internacional, no solo han aflorado nuevos aficionados, sino ese orgullo por sus colores del que el aficionado b\u00e9tico hace m\u00e1s gala\u00bb, ha aclarado el directivo <em>nervionense<\/em> acerca del hecho de que \u00abhaya m\u00e1s simpatizantes del Betis\u00bb.<\/p>\n<p>En este sentido, Cruz ha a\u00f1adido que \u00absiempre\u00bb ha pensado \u00abque el Real Betis Balompi\u00e9 era un club que se hac\u00eda simp\u00e1tico\u00bb para las personas for\u00e1neas por \u00aban\u00e9cdotas o querencias por alg\u00fan futbolista particular\u00bb, poniendo el contraste en que el Sevilla \u00abpuede generar antipat\u00eda\u00bb por ser visto como \u00abun club m\u00e1s serio\u00bb y por esa \u00abrivalidad que ha tenido con algunos de los grandes clubes nacionales\u00bb.<\/p>\n<p>El n\u00famero de aficionados, el cual \u00abes importante que siga creciendo\u00bb as\u00ed como que se \u00abrejuvenezca\u00bb, lo ha vinculado con la reciente campa\u00f1a de abonados y los precios de \u00e9sta: \u00abEvidentemente cualquier decisi\u00f3n de subida de los abonos siempre es impopular; como abonado y <em>subvencionador<\/em> de algunos de los abonos de mis hijos la decisi\u00f3n nunca me gusta, pero entiendo que era necesaria la actualizaci\u00f3n si queremos que el Sevilla se sit\u00fae al nivel de los grandes clubes espa\u00f1oles\u00bb. \u00abLa pol\u00edtica de precios que hab\u00edamos seguido en los \u00faltimos a\u00f1os hab\u00eda determinado que nos qued\u00e1bamos fuera de los seis primeros clubes que m\u00e1s recaudan por abonos, eliminando el factor del n\u00famero de asientos\u00bb, ha afirmado el directivo.<\/p>\n<p>Ha seguido diciendo que \u00abtodo contribuye aunque sea poco, como pueden decir\u00bb: \u00abLos <strong>abonos<\/strong> son un producto que ofrecemos que pueden competir a nivel de precio con cualquier oferta de ocio; si asumes que el objetivo es estar peleando por lo m\u00e1ximo, tanto a nivel nacional como internacional, no es un producto caro. El \u00e9xito o el fracaso de una campa\u00f1a se mide por el n\u00famero de abonados\u00bb.<\/p>\n<p>Al mismo tiempo, se ha referido a la <strong>cantera<\/strong> tras el duod\u00e9cimo aniversario del triunfo de Espa\u00f1a en Sud\u00e1frica, en el que Jes\u00fas Navas estuvo presente: \u00abLa cantera es un baluarte y hemos invertido mucho en los \u00faltimos a\u00f1os en generar mejores infraestructuras; nos gustar\u00eda dar un salto de calidad, tenemos que hacer una reflexi\u00f3n de si tenemos la cantera que nos gustar\u00eda tener para los pr\u00f3ximos a\u00f1os y de si tenemos que hacer algunos cambios que nos vuelvan a hacer l\u00edderes en gesti\u00f3n del terreno\u00bb.<\/p>\n<p>En otro orden de cosas, Jos\u00e9 Mar\u00eda Cruz ha comentado que, como director general, \u00aben funci\u00f3n de la tipolog\u00eda del club, la direcci\u00f3n general tiene \u00e1mbitos de competencias distintas; normalmente se ocupa de la gesti\u00f3n de toda la parte deportiva del club hasta el resto las \u00e1reas generalistas\u00bb.<\/p>\n<p>\u00abEn el Sevilla FC hemos ido creciendo y ello ha supuesto que hayamos creado no una sola direcci\u00f3n general, sino m\u00e1s de una, como puede ser la deportiva que gestiona Monchi o la econ\u00f3mica\u00bb, ha se\u00f1alado el letrado, que tambi\u00e9n ha dicho que coordina \u00abtodas las direcciones generales, fundamentalmente de la parte corporativa: finanzas, presupuestos, historia o recursos humanos\u00bb.<\/p>\n<p>El ejecutivo sevillista ha subrayado el<strong> impacto del mundo del derecho en el f\u00fatbol<\/strong>: \u00abCreo que ha evolucionado en muy diversos aspectos, pues ha habido una mayor afluencia de profesionales con unos conocimientos al mundo del derecho deportivo; por otra parte, ha ido creciendo la complejidad obligatoria, no solo la que mana de las autoridades p\u00fablicas, sino especialmente la proveniente de las instituciones deportivas como FIFA o UEFA, por lo que ha crecido la riqueza regulatoria, as\u00ed como la dedicaci\u00f3n para dominar esas facetas\u00bb.<\/p>\n<p>A colaci\u00f3n de la UEFA y la FIFA, Cruz se ha pronunciado al respecto de la <strong>Superliga<\/strong> desde el punto de vista jur\u00eddico: \u00abLo que salga de la vista que se ha celebrado en estos d\u00edas en el Tribunal Europeo puede provocar un cambio sustancial en la organizaci\u00f3n de las estructuras de competiciones europeas\u00bb.<\/p>\n<p>\u00abTengo muchas dudas de la Superliga como negocio, especialmente porque entiendo que pone en peligro una parte del f\u00fatbol como es la pasi\u00f3n, el alma y el sentimiento de los aficionados; desde el punto de visa jur\u00eddico, tengo mis dudas de si se est\u00e1 vulnerando el derecho de la competencia, aunque entiendo que hay argumentos de peso por ambas partes\u00bb, ha espetado Cruz, que ha concluido confesando que \u00ablas expectativas de los promotores de la Superliga me generan muchas dudas, el respaldo econ\u00f3mico y las cifras que se han mencionado est\u00e1n sobrevalorados\u00bb.<\/p>\n","protected":false},"excerpt":{"rendered":"<p>El director general del Sevilla FC, Jos\u00e9 Mar\u00eda Cruz, ha compartido en los cursos de verano de la Universidad Pablo de Olavide que \u00abno podemos obsesionarnos\u00bb con el n\u00famero de aficionados sevillistas en la ciudad y con que \u00abhaya un porcentaje mayor puntualmente\u00bb de b\u00e9ticos, al mismo tiempo que ha reconocido que son \u00abcuestiones que est\u00e1n por encima de nuestras posibilidades\u00bb.<\/p>\n","protected":false},"author":6,"featured_media":30874194,"comment_status":"closed","ping_status":"open","sticky":false,"template":"","format":"standard","meta":{"_monsterinsights_skip_tracking":false,"_monsterinsights_sitenote_active":false,"_monsterinsights_sitenote_note":"","_monsterinsights_sitenote_category":0,"footnotes":""},"categories":[729],"tags":[23,1310,22,4379,46,519,5477,6123],"class_list":["post-30874192","post","type-post","status-publish","format-standard","has-post-thumbnail","hentry","category-cursos-verano","tag-carmona","tag-competicion","tag-cursos-de-verano","tag-derecho-deportivo","tag-futbol","tag-olavide-en-carmona","tag-real-betis-balompie","tag-sevilla-fc"],"_links":{"self":[{"href":"https:\/\/www.upo.es\/diario\/wp-json\/wp\/v2\/posts\/30874192","targetHints":{"allow":["GET"]}}],"collection":[{"href":"https:\/\/www.upo.es\/diario\/wp-json\/wp\/v2\/posts"}],"about":[{"href":"https:\/\/www.upo.es\/diario\/wp-json\/wp\/v2\/types\/post"}],"author":[{"embeddable":true,"href":"https:\/\/www.upo.es\/diario\/wp-json\/wp\/v2\/users\/6"}],"replies":[{"embeddable":true,"href":"https:\/\/www.upo.es\/diario\/wp-json\/wp\/v2\/comments?post=30874192"}],"version-history":[{"count":2,"href":"https:\/\/www.upo.es\/diario\/wp-json\/wp\/v2\/posts\/30874192\/revisions"}],"predecessor-version":[{"id":30874195,"href":"https:\/\/www.upo.es\/diario\/wp-json\/wp\/v2\/posts\/30874192\/revisions\/30874195"}],"wp:featuredmedia":[{"embeddable":true,"href":"https:\/\/www.upo.es\/diario\/wp-json\/wp\/v2\/media\/30874194"}],"wp:attachment":[{"href":"https:\/\/www.upo.es\/diario\/wp-json\/wp\/v2\/media?parent=30874192"}],"wp:term":[{"taxonomy":"category","embeddable":true,"href":"https:\/\/www.upo.es\/diario\/wp-json\/wp\/v2\/categories?post=30874192"},{"taxonomy":"post_tag","embeddable":true,"href":"https:\/\/www.upo.es\/diario\/wp-json\/wp\/v2\/tags?post=30874192"}],"curies":[{"name":"wp","href":"https:\/\/api.w.org\/{rel}","templated":true}]}}