{"id":30874199,"date":"2022-07-14T12:58:55","date_gmt":"2022-07-14T10:58:55","guid":{"rendered":"https:\/\/www.upo.es\/diario\/?p=30874199"},"modified":"2022-07-14T12:58:55","modified_gmt":"2022-07-14T10:58:55","slug":"en-andalucia-sabemos-hacer-cine-de-calidad-y-tenemos-a-profesionales-con-un-nivel-tecnico-igual-o-superior-que-en-el-resto-del-pais","status":"publish","type":"post","link":"https:\/\/www.upo.es\/diario\/cursos-verano\/2022\/07\/en-andalucia-sabemos-hacer-cine-de-calidad-y-tenemos-a-profesionales-con-un-nivel-tecnico-igual-o-superior-que-en-el-resto-del-pais\/","title":{"rendered":"\u201cEn Andaluc\u00eda sabemos hacer cine de calidad y tenemos a profesionales con un nivel t\u00e9cnico igual o superior que en el resto del pa\u00eds\u201d"},"content":{"rendered":"<figure id=\"attachment_30874200\" aria-describedby=\"caption-attachment-30874200\" style=\"width: 257px\" class=\"wp-caption alignright\"><img loading=\"lazy\" decoding=\"async\" class=\"size-medium wp-image-30874200\" src=\"https:\/\/www.upo.es\/diario\/wp-content\/uploads\/2022\/07\/Juan-Ventura-257x385.jpg\" alt=\"Juan Ventura\" width=\"257\" height=\"385\" srcset=\"https:\/\/www.upo.es\/diario\/wp-content\/uploads\/2022\/07\/Juan-Ventura-257x385.jpg 257w, https:\/\/www.upo.es\/diario\/wp-content\/uploads\/2022\/07\/Juan-Ventura-500x750.jpg 500w, https:\/\/www.upo.es\/diario\/wp-content\/uploads\/2022\/07\/Juan-Ventura.jpg 567w\" sizes=\"auto, (max-width: 257px) 100vw, 257px\" \/><figcaption id=\"caption-attachment-30874200\" class=\"wp-caption-text\">Juan Ventura<\/figcaption><\/figure>\n<p>El audiovisual en Andaluc\u00eda vive desde hace varios a\u00f1os un excelente momento. Cada vez son m\u00e1s los directores, actores y profesionales reconocidos en el resto de Espa\u00f1a, a trav\u00e9s de premios como los Goya, as\u00ed como en el extranjero. Es el caso de <strong>Juan Ventura, supervisor de efectos visuales<\/strong> en la mayor\u00eda de las pel\u00edculas de Alberto Rodr\u00edguez y nominado al Goya en la categor\u00eda de efectos especiales por &#8216;Grupo 7&#8217;, &#8216;La gran familia espa\u00f1ola&#8217; y &#8216;La isla m\u00ednima&#8217;, galard\u00f3n que consigui\u00f3 con la pel\u00edcula \u2018Juan de los muertos\u2019.<\/p>\n<p>Juan Ventura participa hoy en el <strong>curso de verano de Olavide en Carmona &#8216;Procesos de creaci\u00f3n en el audiovisual en Andaluc\u00eda en la era digital&#8217;<\/strong>, que dirige el profesor y cr\u00edtico de cine <strong>Miguel Olid<\/strong>, en el que imparte el <strong>taller &#8216;Efectos visuales: de la lectura de un guion a la postproducci\u00f3n, pasando por el rodaje&#8217;<\/strong>. Este profesional, con m\u00e1s de 20 a\u00f1os de experiencia en VFX \/ supervisi\u00f3n de composici\u00f3n, ha trabajado en m\u00e1s de 70 proyectos cinematogr\u00e1ficos, documentales, series, as\u00ed como con los principales directores de fotograf\u00eda: Alex Catal\u00e1n, Pau Esteve, Carles Gusi, Sergi Gallardo y David Omedes.<\/p>\n<p>En su opini\u00f3n, \u201cel sector audiovisual en Andaluc\u00eda goza de muy buena salud, pues tenemos que tener en cuenta que nuestra comunidad es un plat\u00f3 natural, donde tenemos toda la variedad de localizaciones y recursos para poder llevar a cabo cualquier producci\u00f3n. Adem\u00e1s, contamos con una cantidad de profesionales altamente cualificados\u201d.<\/p>\n<p>Y es que, seg\u00fan Juan Ventura, en Andaluc\u00eda sabemos hacer cine de calidad y tenemos a profesionales con un nivel t\u00e9cnico igual o mejor que en el resto del pa\u00eds. Muestra de ello es el sector de los efectos visuales, que desde hace unos a\u00f1os es un trabajo imprescindible en cualquier obra audiovisual: desde quitar un micr\u00f3fono que se cuela en un plano, retoques del propio set\u2026 \u201cEs un departamento que, al igual que los de fotograf\u00eda, arte, etc. est\u00e1n desde los inicios hasta la finalizaci\u00f3n de una obra\u201d, explica.<\/p>\n<p>Y como todo evoluciona, el mundo de los efectos visuales no pod\u00eda ser menos: \u201cEl cambio ha sido gradual desde mis inicios en el a\u00f1o 2000 hasta hoy en d\u00eda. Aumento de la realidad y la calidad de las obras, potencia de c\u00e1lculo con el avance de las nuevas tecnolog\u00edas\u2026\u201d. Y es que, precisamente gracias a estas nuevas tecnolog\u00edas, \u201cla creaci\u00f3n de efectos visuales est\u00e1 m\u00e1s a la mano de todo aquel que quiera empezar en este mundo\u201d, sostiene Ventura.<\/p>\n<p>Con respecto a la forma en que este profesional aborda un proceso creativo, sostiene que empieza en la lectura de un guion, asesorando y supervisando en rodaje, creando los efectos digitales y llegando hasta la correcci\u00f3n del color de dichos efectos. Y aunque a lo largo de su carrera ha tenido que enfrentarse a numerosos retos, recuerda especialmente el que abord\u00f3 en una de sus obras para recrear todas las necesidades \u201cpara que la Sevilla del siglo XV fuera cre\u00edble\u201d. En relaci\u00f3n a los proyectos en los que est\u00e1 inmerso, explica que: \u201cAcabamos de terminar la pel\u00edcula \u2018El universo de Oliver\u2019, de Alexis Morante y estamos ahora con \u2018TIN y TINA\u2019, de Rub\u00edn Stein\u201d. Porque Juan Ventura y su equipo no paran de trabajar\u2026<\/p>\n","protected":false},"excerpt":{"rendered":"<p>El supervisor de efectos visuales Juan Ventura, que participa en un curso sobre creaci\u00f3n audiovisual, afirma que el sector audiovisual goza de muy buena salud en nuestra comunidad porque \u201ces un plat\u00f3 natural\u201d.<\/p>\n","protected":false},"author":6,"featured_media":30874200,"comment_status":"closed","ping_status":"open","sticky":false,"template":"","format":"standard","meta":{"_monsterinsights_skip_tracking":false,"_monsterinsights_sitenote_active":false,"_monsterinsights_sitenote_note":"","_monsterinsights_sitenote_category":0,"footnotes":""},"categories":[729],"tags":[23,937,4598,22,519,4273],"class_list":["post-30874199","post","type-post","status-publish","format-standard","has-post-thumbnail","hentry","category-cursos-verano","tag-carmona","tag-cine","tag-comunicacion-audiovisual","tag-cursos-de-verano","tag-olavide-en-carmona","tag-sector-audiovisual"],"_links":{"self":[{"href":"https:\/\/www.upo.es\/diario\/wp-json\/wp\/v2\/posts\/30874199","targetHints":{"allow":["GET"]}}],"collection":[{"href":"https:\/\/www.upo.es\/diario\/wp-json\/wp\/v2\/posts"}],"about":[{"href":"https:\/\/www.upo.es\/diario\/wp-json\/wp\/v2\/types\/post"}],"author":[{"embeddable":true,"href":"https:\/\/www.upo.es\/diario\/wp-json\/wp\/v2\/users\/6"}],"replies":[{"embeddable":true,"href":"https:\/\/www.upo.es\/diario\/wp-json\/wp\/v2\/comments?post=30874199"}],"version-history":[{"count":2,"href":"https:\/\/www.upo.es\/diario\/wp-json\/wp\/v2\/posts\/30874199\/revisions"}],"predecessor-version":[{"id":30874202,"href":"https:\/\/www.upo.es\/diario\/wp-json\/wp\/v2\/posts\/30874199\/revisions\/30874202"}],"wp:featuredmedia":[{"embeddable":true,"href":"https:\/\/www.upo.es\/diario\/wp-json\/wp\/v2\/media\/30874200"}],"wp:attachment":[{"href":"https:\/\/www.upo.es\/diario\/wp-json\/wp\/v2\/media?parent=30874199"}],"wp:term":[{"taxonomy":"category","embeddable":true,"href":"https:\/\/www.upo.es\/diario\/wp-json\/wp\/v2\/categories?post=30874199"},{"taxonomy":"post_tag","embeddable":true,"href":"https:\/\/www.upo.es\/diario\/wp-json\/wp\/v2\/tags?post=30874199"}],"curies":[{"name":"wp","href":"https:\/\/api.w.org\/{rel}","templated":true}]}}