{"id":30874215,"date":"2022-07-15T14:19:21","date_gmt":"2022-07-15T12:19:21","guid":{"rendered":"https:\/\/www.upo.es\/diario\/?p=30874215"},"modified":"2022-07-19T10:52:55","modified_gmt":"2022-07-19T08:52:55","slug":"homenaje-juan-fernandez-valverde-presentacion-opera-minora-selecta","status":"publish","type":"post","link":"https:\/\/www.upo.es\/diario\/comunidad\/2022\/07\/homenaje-juan-fernandez-valverde-presentacion-opera-minora-selecta\/","title":{"rendered":"Homenaje en la UPO al catedr\u00e1tico Juan Fern\u00e1ndez Valverde con la presentaci\u00f3n de su libro \u2018Opera minora selecta\u2019"},"content":{"rendered":"<figure id=\"attachment_30874217\" aria-describedby=\"caption-attachment-30874217\" style=\"width: 750px\" class=\"wp-caption aligncenter\"><a href=\"https:\/\/www.upo.es\/diario\/wp-content\/uploads\/2022\/07\/Homenaje-JFV-scaled.jpg\"><img loading=\"lazy\" decoding=\"async\" class=\"size-large wp-image-30874217\" src=\"https:\/\/www.upo.es\/diario\/wp-content\/uploads\/2022\/07\/Homenaje-JFV-750x422.jpg\" alt=\"Rosario Moreno, Juan Fern\u00e1ndez, Francisco Oliva, Mar\u00eda Crego y Alberto Marina\" width=\"750\" height=\"422\" srcset=\"https:\/\/www.upo.es\/diario\/wp-content\/uploads\/2022\/07\/Homenaje-JFV-750x422.jpg 750w, https:\/\/www.upo.es\/diario\/wp-content\/uploads\/2022\/07\/Homenaje-JFV-385x217.jpg 385w, https:\/\/www.upo.es\/diario\/wp-content\/uploads\/2022\/07\/Homenaje-JFV-768x432.jpg 768w, https:\/\/www.upo.es\/diario\/wp-content\/uploads\/2022\/07\/Homenaje-JFV-1536x864.jpg 1536w, https:\/\/www.upo.es\/diario\/wp-content\/uploads\/2022\/07\/Homenaje-JFV-2048x1152.jpg 2048w\" sizes=\"auto, (max-width: 750px) 100vw, 750px\" \/><\/a><figcaption id=\"caption-attachment-30874217\" class=\"wp-caption-text\">Rosario Moreno, Juan Fern\u00e1ndez, Francisco Oliva, Mar\u00eda Crego y Alberto Marina durante el homenaje y presentaci\u00f3n de Opera minora selecta<\/figcaption><\/figure>\n<p>Compa\u00f1eros y compa\u00f1eras de <strong>Juan Fern\u00e1ndez Valverde<\/strong> han homenajeado hoy al catedr\u00e1tico de Filolog\u00eda Latina de la Universidad Pablo de Olavide en un acto con motivo de su jubilaci\u00f3n que ha presidido el rector <strong>Francisco Oliva<\/strong> en el Paraninfo. Durante el mismo ha sido presentado el libro <strong><em>Opera minora selecta<\/em><\/strong>, obra editada por <strong>Rosario Moreno Soldevila<\/strong> y<strong> Alberto Marina Castillo<\/strong> con la financiaci\u00f3n del Departamento de Filolog\u00eda y Traducci\u00f3n de la UPO, cuya directora <strong>Mar\u00eda Crego G\u00f3mez<\/strong> ha estado tambi\u00e9n presente en el homenaje.<\/p>\n<p>El catedr\u00e1tico Juan Fern\u00e1ndez ha recibido as\u00ed este viernes el cari\u00f1o y reconocimiento por su labor investigadora y docente por parte de quienes han sido estudiantes y compa\u00f1eros en las diferentes instituciones donde ha desarrollado su trayectoria acad\u00e9mica. Y esta trayectoria es la que trata de sintetizar <em>Opera minora selecta<\/em>, obra que recopila gran parte de su producci\u00f3n investigadora, recogiendo una amplia selecci\u00f3n de sus art\u00edculos y cap\u00edtulos de libro publicados en revistas y monograf\u00edas cient\u00edficas espa\u00f1olas y extranjeras.<\/p>\n<p><strong><em><a href=\"https:\/\/www.upo.es\/diario\/wp-content\/uploads\/2022\/07\/JuanFernandezValverde_OperaMinoraSelecta_extracto.pdf\"><img loading=\"lazy\" decoding=\"async\" class=\"alignright wp-image-30874218 size-medium\" src=\"https:\/\/www.upo.es\/diario\/wp-content\/uploads\/2022\/07\/Opera-minora-selecta_portada-274x385.png\" alt=\"Opera minora selecta\" width=\"274\" height=\"385\" srcset=\"https:\/\/www.upo.es\/diario\/wp-content\/uploads\/2022\/07\/Opera-minora-selecta_portada-274x385.png 274w, https:\/\/www.upo.es\/diario\/wp-content\/uploads\/2022\/07\/Opera-minora-selecta_portada.png 423w\" sizes=\"auto, (max-width: 274px) 100vw, 274px\" \/><\/a><a href=\"https:\/\/www.upo.es\/diario\/wp-content\/uploads\/2022\/07\/JuanFernandezValverde_OperaMinoraSelecta_extracto.pdf\">Opera minora selecta<\/a><\/em><\/strong> consta de tres partes. La primera contiene once trabajos filol\u00f3gicos sobre la obra del autor medieval Rodrigo Jim\u00e9nez de Rada, conocido como el Toledano. La segunda parte, dedicada a poeta latino Marco Valerio Marcial, est\u00e1 formada por siete trabajos sobre el poeta de B\u00edlbilis, centrados en la cr\u00edtica textual y literaria, la ecd\u00f3tica y la pervivencia de sus epigramas. \u2018Miscel\u00e1nea\u2019 es el t\u00edtulo de la tercera parte, que recoge trabajos variados en torno a otros autores y temas a los que Juan Fern\u00e1ndez ha dedicado su inter\u00e9s, como la historiograf\u00eda latina cl\u00e1sica y la relacionada con el Descubrimiento, as\u00ed como la tradici\u00f3n cl\u00e1sica. Cierra el volumen una <strong><em>Tabula gratulatoria<\/em><\/strong>, un listado de m\u00e1s de doscientos compa\u00f1eros y compa\u00f1eras de numerosas universidades espa\u00f1olas y extranjeras que han querido sumarse al homenaje.<\/p>\n<p>Mar\u00eda Crego ha agradecido al catedr\u00e1tico ahora jubilado su contribuci\u00f3n al Departamento y a la Facultad de Humanidades y ha destacado de Juan Fern\u00e1ndez Valverde \u201cser un maestro en el que nos hemos mirado y del que esperamos haber podido extraer alguna ense\u00f1anza\u201d.<\/p>\n<figure id=\"attachment_30874227\" aria-describedby=\"caption-attachment-30874227\" style=\"width: 385px\" class=\"wp-caption alignleft\"><a href=\"https:\/\/www.upo.es\/diario\/wp-content\/uploads\/2022\/07\/Homenaje-JFV-3v2-scaled.jpg\"><img loading=\"lazy\" decoding=\"async\" class=\"size-medium wp-image-30874227\" src=\"https:\/\/www.upo.es\/diario\/wp-content\/uploads\/2022\/07\/Homenaje-JFV-3v2-385x217.jpg\" alt=\"\" width=\"385\" height=\"217\" srcset=\"https:\/\/www.upo.es\/diario\/wp-content\/uploads\/2022\/07\/Homenaje-JFV-3v2-385x217.jpg 385w, https:\/\/www.upo.es\/diario\/wp-content\/uploads\/2022\/07\/Homenaje-JFV-3v2-750x422.jpg 750w, https:\/\/www.upo.es\/diario\/wp-content\/uploads\/2022\/07\/Homenaje-JFV-3v2-768x432.jpg 768w, https:\/\/www.upo.es\/diario\/wp-content\/uploads\/2022\/07\/Homenaje-JFV-3v2-1536x864.jpg 1536w, https:\/\/www.upo.es\/diario\/wp-content\/uploads\/2022\/07\/Homenaje-JFV-3v2-2048x1152.jpg 2048w, https:\/\/www.upo.es\/diario\/wp-content\/uploads\/2022\/07\/Homenaje-JFV-3v2-1320x742.jpg 1320w\" sizes=\"auto, (max-width: 385px) 100vw, 385px\" \/><\/a><figcaption id=\"caption-attachment-30874227\" class=\"wp-caption-text\">Juan Fern\u00e1ndez Valverde<\/figcaption><\/figure>\n<p>\u201cLa mejor recompensa de un profesor es el saludo, a\u00f1os despu\u00e9s, de un antiguo alumno\u201d ha declarado el catedr\u00e1tico de Filolog\u00eda durante el homenaje de sus compa\u00f1eros y compa\u00f1eras, y antiguos estudiantes que fueron de sus clases muchos de ellos. \u201cHacer saltar la primera chispa de la curiosidad por el saber, ese ha sido mi m\u00e9todo docente\u201d, ha concluido.<\/p>\n<blockquote><p>\u00abLa mejor recompensa de un profesor es el saludo, a\u00f1os despu\u00e9s, de un antiguo alumno\u00bb<\/p><\/blockquote>\n<h5>Juan Fern\u00e1ndez Valverde<\/h5>\n<p>Por su parte, el rector de la UPO ha reivindicado durante el acto la importancia de las Humanidades en el siglo XXI y ha agradecido el esfuerzo realizado por Juan Fern\u00e1ndez en la construcci\u00f3n de la Universidad Pablo de Olavide. \u201cEl primer legado de un maestro son sus disc\u00edpulos\u201d, ha declarado adem\u00e1s de se\u00f1alar que la buena escuela la hacen los buenos profesores. \u201cRendir homenaje a Juan Fern\u00e1ndez Valverde es rendir homenaje al esp\u00edritu universitario puro, al amor al conocimiento, al aprendizaje, al estudio, al rigor, a la justicia acad\u00e9mica\u2026 Es poner el acento en la entrega vocacional por ense\u00f1ar a los dem\u00e1s\u201d, ha destacado.<\/p>\n<p><a href=\"https:\/\/www.upo.es\/diario\/wp-content\/uploads\/2022\/07\/Homenaje-JFV-2-scaled.jpg\"><img loading=\"lazy\" decoding=\"async\" class=\"aligncenter size-large wp-image-30874222\" src=\"https:\/\/www.upo.es\/diario\/wp-content\/uploads\/2022\/07\/Homenaje-JFV-2-750x422.jpg\" alt=\"Profesores de la UPO en el homenaje a Juan Fern\u00e1ndez\" width=\"750\" height=\"422\" srcset=\"https:\/\/www.upo.es\/diario\/wp-content\/uploads\/2022\/07\/Homenaje-JFV-2-750x422.jpg 750w, https:\/\/www.upo.es\/diario\/wp-content\/uploads\/2022\/07\/Homenaje-JFV-2-385x217.jpg 385w, https:\/\/www.upo.es\/diario\/wp-content\/uploads\/2022\/07\/Homenaje-JFV-2-768x432.jpg 768w, https:\/\/www.upo.es\/diario\/wp-content\/uploads\/2022\/07\/Homenaje-JFV-2-1536x864.jpg 1536w, https:\/\/www.upo.es\/diario\/wp-content\/uploads\/2022\/07\/Homenaje-JFV-2-2048x1152.jpg 2048w\" sizes=\"auto, (max-width: 750px) 100vw, 750px\" \/><\/a><\/p>\n<h3><strong>Juan Fern\u00e1ndez Valverde<\/strong><\/h3>\n<p>Juan Fern\u00e1ndez Valverde se licenci\u00f3 en 1974 en Filolog\u00eda Cl\u00e1sica en la Universidad de Sevilla y se doctor\u00f3 en 1978 con una tesis sobre el <em>De rebus Hispanie<\/em> de Rodrigo Jim\u00e9nez de Rada, con Premio Extraordinario de Doctorado. Fue profesor en la Universidad de Sevilla desde 1975 hasta 2000, a\u00f1o en que se traslad\u00f3 a la Universidad Pablo de Olavide como profesor titular. Catedr\u00e1tico de Universidad de la UPO desde 2001, entre 2003 y 2007 fue vicerrector de Ordenaci\u00f3n Acad\u00e9mica y Postgrado y vicerrector Primero de esta universidad. De sus estancias en el extranjero, puede destacarse que ha sido dos veces <em>Visiting Scholar<\/em> en Harvard University. Su actividad docente e investigadora ha sido reconocida con seis quinquenios de docencia y seis sexenios de investigaci\u00f3n. Ha dirigido cinco tesis doctorales y publicado catorce monograf\u00edas, entre ellas, numerosas ediciones de obras de Jim\u00e9nez de Rada en la prestigiosa editorial Brepols, de Marcial en la colecci\u00f3n Alma Mater del CSIC y traducciones de Marcial y Tito Livio en editoriales como Gredos o Alianza. Ha pertenecido a numerosos proyectos de investigaci\u00f3n competitivos, de varios de los cuales ha sido investigador principal: \u00abEdici\u00f3n cr\u00edtica y traducci\u00f3n de las cr\u00f3nicas hispano-latinas de los siglos XI-XII: <em>Cr\u00f3nica de Sampiro, Historia Silense, Corpus Pelagianum y Cr\u00f3nica Najerense<\/em>\u00bb (1991-1994); \u00abMarcial en Espa\u00f1a\u00bb (2002-2005); \u00abFortuna de Marcial en la literatura espa\u00f1ola\u00bb (2006-2009). Desde 2001 hasta 2017 fue miembro del grupo de investigaci\u00f3n de la UPO \u00abEstudios sobre Europa, el mundo mediterr\u00e1neo y su difusi\u00f3n atl\u00e1ntica\u00bb (HUM-680), del que fue investigador responsable. Su labor docente se ha centrado en los \u00faltimos a\u00f1os, por elecci\u00f3n, convicci\u00f3n y vocaci\u00f3n, en el primer curso del Grado en Humanidades, del que fue adem\u00e1s director acad\u00e9mico.<\/p>\n<p><a href=\"https:\/\/www.upo.es\/diario\/wp-content\/uploads\/2022\/07\/JuanFernandezValverde_OperaMinoraSelecta_extracto.pdf\"><strong><em>Opera minora selecta<\/em><\/strong><\/a> , Juan Fern\u00e1ndez Valverde.<br \/>\nEdici\u00f3n de Alberto Marina y Rosario Moreno (extracto en PDF)<\/p>\n<p>&nbsp;<\/p>\n","protected":false},"excerpt":{"rendered":"<p>Profesorado del Departamento de Filolog\u00eda y Traducci\u00f3n y de la Facultad de Humanidades, y tambi\u00e9n de otros departamentos adem\u00e1s de integrantes del PAS, han homenajeado este viernes en el Paraninfo al catedr\u00e1tico de Filolog\u00eda Latina de la Universidad Pablo de Olavide con motivo de su jubilaci\u00f3n. El acto ha incluido la presentaci\u00f3n de Opera minora selecta, libro que recopila los principales art\u00edculos de su trayectoria investigadora.<\/p>\n","protected":false},"author":6,"featured_media":30874217,"comment_status":"closed","ping_status":"open","sticky":false,"template":"","format":"standard","meta":{"_monsterinsights_skip_tracking":false,"_monsterinsights_sitenote_active":false,"_monsterinsights_sitenote_note":"","_monsterinsights_sitenote_category":0,"footnotes":""},"categories":[5842],"tags":[1568,2055,1116,96,308,38,3957],"class_list":["post-30874215","post","type-post","status-publish","format-standard","has-post-thumbnail","hentry","category-comunidad","tag-alberto-marina-castillo","tag-area-de-filologia-latina","tag-departamento-de-filologia-y-traduccion","tag-facultad-de-humanidades","tag-homenaje","tag-rector","tag-rosario-moreno-soldevila"],"_links":{"self":[{"href":"https:\/\/www.upo.es\/diario\/wp-json\/wp\/v2\/posts\/30874215","targetHints":{"allow":["GET"]}}],"collection":[{"href":"https:\/\/www.upo.es\/diario\/wp-json\/wp\/v2\/posts"}],"about":[{"href":"https:\/\/www.upo.es\/diario\/wp-json\/wp\/v2\/types\/post"}],"author":[{"embeddable":true,"href":"https:\/\/www.upo.es\/diario\/wp-json\/wp\/v2\/users\/6"}],"replies":[{"embeddable":true,"href":"https:\/\/www.upo.es\/diario\/wp-json\/wp\/v2\/comments?post=30874215"}],"version-history":[{"count":10,"href":"https:\/\/www.upo.es\/diario\/wp-json\/wp\/v2\/posts\/30874215\/revisions"}],"predecessor-version":[{"id":30874230,"href":"https:\/\/www.upo.es\/diario\/wp-json\/wp\/v2\/posts\/30874215\/revisions\/30874230"}],"wp:featuredmedia":[{"embeddable":true,"href":"https:\/\/www.upo.es\/diario\/wp-json\/wp\/v2\/media\/30874217"}],"wp:attachment":[{"href":"https:\/\/www.upo.es\/diario\/wp-json\/wp\/v2\/media?parent=30874215"}],"wp:term":[{"taxonomy":"category","embeddable":true,"href":"https:\/\/www.upo.es\/diario\/wp-json\/wp\/v2\/categories?post=30874215"},{"taxonomy":"post_tag","embeddable":true,"href":"https:\/\/www.upo.es\/diario\/wp-json\/wp\/v2\/tags?post=30874215"}],"curies":[{"name":"wp","href":"https:\/\/api.w.org\/{rel}","templated":true}]}}