{"id":30874231,"date":"2022-07-15T15:38:25","date_gmt":"2022-07-15T13:38:25","guid":{"rendered":"https:\/\/www.upo.es\/diario\/?p=30874231"},"modified":"2022-07-15T15:38:25","modified_gmt":"2022-07-15T13:38:25","slug":"las-nuevas-tecnologias-en-energia-solar-o-el-diseno-de-eventos-culturales-nuevos-temas-que-se-abordaran-en-los-cursos-de-verano-de-la-upo","status":"publish","type":"post","link":"https:\/\/www.upo.es\/diario\/cursos-verano\/2022\/07\/las-nuevas-tecnologias-en-energia-solar-o-el-diseno-de-eventos-culturales-nuevos-temas-que-se-abordaran-en-los-cursos-de-verano-de-la-upo\/","title":{"rendered":"Las nuevas tecnolog\u00edas en energ\u00eda solar o el dise\u00f1o de eventos culturales, nuevos temas que se abordar\u00e1n en los cursos de verano de la UPO"},"content":{"rendered":"<p><a href=\"https:\/\/www.upo.es\/diario\/wp-content\/uploads\/2022\/06\/CursosdeVerano2022_cartel.png\"><img loading=\"lazy\" decoding=\"async\" class=\"size-medium wp-image-30873254 alignright\" src=\"https:\/\/www.upo.es\/diario\/wp-content\/uploads\/2022\/06\/CursosdeVerano2022_cartel-273x385.png\" alt=\"\" width=\"273\" height=\"385\" srcset=\"https:\/\/www.upo.es\/diario\/wp-content\/uploads\/2022\/06\/CursosdeVerano2022_cartel-273x385.png 273w, https:\/\/www.upo.es\/diario\/wp-content\/uploads\/2022\/06\/CursosdeVerano2022_cartel-532x750.png 532w, https:\/\/www.upo.es\/diario\/wp-content\/uploads\/2022\/06\/CursosdeVerano2022_cartel-768x1083.png 768w, https:\/\/www.upo.es\/diario\/wp-content\/uploads\/2022\/06\/CursosdeVerano2022_cartel-1089x1536.png 1089w, https:\/\/www.upo.es\/diario\/wp-content\/uploads\/2022\/06\/CursosdeVerano2022_cartel.png 1202w\" sizes=\"auto, (max-width: 273px) 100vw, 273px\" \/><\/a>La sede de la Universidad Pablo de Olavide en Carmona acoge la semana pr\u00f3xima la celebraci\u00f3n de cinco nuevos cursos de verano: \u2018Educador\/a parental\u2019; \u2018Comunicar ciencia desde la academia a la sociedad\u2019; \u2018Dise\u00f1o, planificaci\u00f3n y producci\u00f3n de eventos culturales\u2019; \u2018Curso internacional de formaci\u00f3n deportiva: Neurociencia y deporte. Claves para la optimizaci\u00f3n del entrenamiento deportivo. 4\u00aa edici\u00f3n\u2019 y \u2018Nuevas tecnolog\u00edas en energ\u00eda solar: fundamentos y aplicaciones\u2019.<\/p>\n<p>El curso<strong> \u2018Educador\/a parental\u2019<\/strong>, que se celebrar\u00e1 en modalidad dual (presencial y online) del 18 al 22 de julio, ofrece una formaci\u00f3n especializada en educador\/a parental como figura profesional de apoyo a conflictos en el \u00e1mbito familiar. Entre otros ponentes, asistir\u00e1n al mismo el experto en violencia filioparental Pedro Garc\u00eda Aguado.<\/p>\n<p>Otro de los seminarios que se celebra la pr\u00f3xima semana, y que se inaugura el lunes es <strong>\u2018Comunicar ciencia desde la academia a la sociedad\u2019<\/strong>, que se impartir\u00e1 hasta el mi\u00e9rcoles 20 de julio en modalidad online. Entre las ponencias que se impartir\u00e1n en el transcurso de esta actividad formativa figuran \u2018Proselitismo de la divulgaci\u00f3n cient\u00edfica\u2019, \u2018Claves de redacci\u00f3n para la publicaci\u00f3n de la ciencia\u2019; \u2018Rascar y divulgar, todo es empezar: nuevas formas de comunicar ciencia\u2019 o \u2018Ciencia y redes sociales: el maridaje perfecto para comunicar tu investigaci\u00f3n\u2019.<\/p>\n<p>El lunes 18 de julio tambi\u00e9n dar\u00e1 comienzo el seminario <strong>\u2018Dise\u00f1o, planificaci\u00f3n y producci\u00f3n de eventos culturales\u2019<\/strong>, que se extender\u00e1 hasta el martes en modalidad presencial. En este curso-taller se desarrollar\u00e1 de manera pr\u00e1ctica todos los aspectos a tener en cuenta para dise\u00f1ar, planificar, producir y ejecutar un evento cultural.<\/p>\n<p>Por otro lado, el jueves 21 de julio comenzar\u00e1 el<strong> \u2018Curso internacional de formaci\u00f3n deportiva: Neurociencia y deporte. Claves para la optimizaci\u00f3n del entrenamiento deportivo. 4\u00aa edici\u00f3n<\/strong>\u2019, que se impartir\u00e1 en modalidad presencial y se extender\u00e1 hasta el viernes 22 de julio. En esta jornada formativa se analizar\u00e1n algunos de los factores o claves que favorecen la mejora de los atletas en diferentes disciplinas deportivas. Tambi\u00e9n se presentar\u00e1n las principales investigaciones de la Neurociencia en el campo del entrenamiento deportivo, as\u00ed como los resultados de algunas de sus aplicaciones pr\u00e1cticas.<\/p>\n<p>El \u00faltimo de los seminarios que se celebrar\u00e1 la semana pr\u00f3xima es<strong> \u2018Nuevas tecnolog\u00edas en energ\u00eda solar: fundamentos y aplicaciones\u2019<\/strong>, que se desarrollar\u00e1 en la modalidad dual los d\u00edas 21 y 22 de julio. El objetivo principal de este curso es proporcionar a los participantes un entendimiento fundamental de los procesos y mecanismos de la conversi\u00f3n de energ\u00eda solar<\/p>\n<p>Para consultar los programas de los cursos:<br \/>\n<a href=\"https:\/\/www.upo.es\/formacionpermanente\/programa-cursos-de-verano\/\">www.upo.es\/formacionpermanente\/programa-cursos-de-verano\/<\/a><\/p>\n","protected":false},"excerpt":{"rendered":"<p>La sede de la Universidad Pablo de Olavide en Carmona acoge la semana pr\u00f3xima la celebraci\u00f3n de cinco nuevos cursos de verano: \u2018Educador\/a parental\u2019; \u2018Comunicar ciencia desde la academia a la sociedad\u2019; \u2018Dise\u00f1o, planificaci\u00f3n y producci\u00f3n de eventos culturales\u2019; \u2018Curso internacional de formaci\u00f3n deportiva: Neurociencia y deporte. Claves para la optimizaci\u00f3n del entrenamiento deportivo. 4\u00aa edici\u00f3n\u2019 y \u2018Nuevas tecnolog\u00edas en<a class=\"read-more\" href=\"https:\/\/www.upo.es\/diario\/cursos-verano\/2022\/07\/las-nuevas-tecnologias-en-energia-solar-o-el-diseno-de-eventos-culturales-nuevos-temas-que-se-abordaran-en-los-cursos-de-verano-de-la-upo\/\">[Read More&#8230;]<\/a><\/p>\n","protected":false},"author":6,"featured_media":30873254,"comment_status":"closed","ping_status":"open","sticky":false,"template":"","format":"standard","meta":{"_monsterinsights_skip_tracking":false,"_monsterinsights_sitenote_active":false,"_monsterinsights_sitenote_note":"","_monsterinsights_sitenote_category":0,"footnotes":""},"categories":[729],"tags":[22,519],"class_list":["post-30874231","post","type-post","status-publish","format-standard","has-post-thumbnail","hentry","category-cursos-verano","tag-cursos-de-verano","tag-olavide-en-carmona"],"_links":{"self":[{"href":"https:\/\/www.upo.es\/diario\/wp-json\/wp\/v2\/posts\/30874231","targetHints":{"allow":["GET"]}}],"collection":[{"href":"https:\/\/www.upo.es\/diario\/wp-json\/wp\/v2\/posts"}],"about":[{"href":"https:\/\/www.upo.es\/diario\/wp-json\/wp\/v2\/types\/post"}],"author":[{"embeddable":true,"href":"https:\/\/www.upo.es\/diario\/wp-json\/wp\/v2\/users\/6"}],"replies":[{"embeddable":true,"href":"https:\/\/www.upo.es\/diario\/wp-json\/wp\/v2\/comments?post=30874231"}],"version-history":[{"count":1,"href":"https:\/\/www.upo.es\/diario\/wp-json\/wp\/v2\/posts\/30874231\/revisions"}],"predecessor-version":[{"id":30874232,"href":"https:\/\/www.upo.es\/diario\/wp-json\/wp\/v2\/posts\/30874231\/revisions\/30874232"}],"wp:featuredmedia":[{"embeddable":true,"href":"https:\/\/www.upo.es\/diario\/wp-json\/wp\/v2\/media\/30873254"}],"wp:attachment":[{"href":"https:\/\/www.upo.es\/diario\/wp-json\/wp\/v2\/media?parent=30874231"}],"wp:term":[{"taxonomy":"category","embeddable":true,"href":"https:\/\/www.upo.es\/diario\/wp-json\/wp\/v2\/categories?post=30874231"},{"taxonomy":"post_tag","embeddable":true,"href":"https:\/\/www.upo.es\/diario\/wp-json\/wp\/v2\/tags?post=30874231"}],"curies":[{"name":"wp","href":"https:\/\/api.w.org\/{rel}","templated":true}]}}