{"id":30874287,"date":"2022-07-18T21:15:26","date_gmt":"2022-07-18T19:15:26","guid":{"rendered":"https:\/\/www.upo.es\/diario\/?p=30874287"},"modified":"2022-07-19T11:18:44","modified_gmt":"2022-07-19T09:18:44","slug":"el-presidente-de-la-asociacion-de-gestores-culturales-de-andalucia-asegura-que-la-cultura-no-es-un-sector-subvencionado","status":"publish","type":"post","link":"https:\/\/www.upo.es\/diario\/cursos-verano\/2022\/07\/el-presidente-de-la-asociacion-de-gestores-culturales-de-andalucia-asegura-que-la-cultura-no-es-un-sector-subvencionado\/","title":{"rendered":"El presidente de la Asociaci\u00f3n de Gestores Culturales de Andaluc\u00eda asegura que la cultura no es un sector subvencionado"},"content":{"rendered":"<figure id=\"attachment_30874289\" aria-describedby=\"caption-attachment-30874289\" style=\"width: 750px\" class=\"wp-caption aligncenter\"><a href=\"https:\/\/www.upo.es\/diario\/wp-content\/uploads\/2022\/07\/Rafael-Morales.jpg\"><img loading=\"lazy\" decoding=\"async\" class=\"wp-image-30874289 size-large\" src=\"https:\/\/www.upo.es\/diario\/wp-content\/uploads\/2022\/07\/Rafael-Morales-e1658222164662-750x393.jpg\" alt=\"Rafael Morales\" width=\"750\" height=\"393\" srcset=\"https:\/\/www.upo.es\/diario\/wp-content\/uploads\/2022\/07\/Rafael-Morales-e1658222164662-750x393.jpg 750w, https:\/\/www.upo.es\/diario\/wp-content\/uploads\/2022\/07\/Rafael-Morales-e1658222164662-385x202.jpg 385w, https:\/\/www.upo.es\/diario\/wp-content\/uploads\/2022\/07\/Rafael-Morales-e1658222164662-768x403.jpg 768w, https:\/\/www.upo.es\/diario\/wp-content\/uploads\/2022\/07\/Rafael-Morales-e1658222164662-1536x806.jpg 1536w, https:\/\/www.upo.es\/diario\/wp-content\/uploads\/2022\/07\/Rafael-Morales-e1658222164662-1320x692.jpg 1320w, https:\/\/www.upo.es\/diario\/wp-content\/uploads\/2022\/07\/Rafael-Morales-e1658222164662.jpg 2048w\" sizes=\"auto, (max-width: 750px) 100vw, 750px\" \/><\/a><figcaption id=\"caption-attachment-30874289\" class=\"wp-caption-text\">Rafael Morales en la sede de la UPO en Carmona<\/figcaption><\/figure>\n<p>El presidente de Gestores Culturales de Andaluc\u00eda (GECA) <strong>Rafael Morales<\/strong> ha afirmado en los cursos de verano de la Universidad Pablo de Olavide que \u00abha hecho mucho da\u00f1o\u00bb el concepto de que la cultura es \u00abun sector subvencionado\u00bb, lo cual ha recalcado que \u00abno es cierto\u00bb.<\/p>\n<p>En la inauguraci\u00f3n del <strong>seminario &#8216;Dise\u00f1o, planificaci\u00f3n y producci\u00f3n de eventos culturales&#8217;<\/strong>, la cabeza visible de la GECA ha asegurado que la cultura \u00abno es un sector subvencionado\u00bb y que \u00abda m\u00e1s de lo que recibe\u00bb.<\/p>\n<p>\u00abEn Espa\u00f1a <strong>aporta el 3,2% al Producto Interior Bruto (PIB)<\/strong>, riqueza pura y dura\u00bb, ha dicho Morales, que a su vez se ha referido a otros sectores que \u00abreciben apoyos multimillonarios\u00bb como son \u00abla ganader\u00eda, la construcci\u00f3n o la miner\u00eda\u00bb, si bien ha mostrado su conformidad a que estas industrias reciban su soporte, aunque el de la cultura sea \u00abincomparable\u00bb.<\/p>\n<p>Estas palabras vienen a ra\u00edz del rechazo parlamentario a la <strong>proposici\u00f3n de Ley Andaluza de la Cultura<\/strong> presentada por el PSOE-A el pasado mes de abril, sobre la cual el doctor en Filolog\u00eda Hisp\u00e1nica ha comentado lo siguiente: \u00abEstamos esperando que se produzca la formaci\u00f3n del nuevo gobierno en Andaluc\u00eda, por lo que en cuanto podamos vamos a solicitar una reuni\u00f3n; vamos a ponerle el texto que redactamos en el sector y que luego pas\u00f3 por muchos filtros jur\u00eddicos y finalmente por un acabado t\u00e9cnico jur\u00eddico impecable\u00bb. \u00abVamos a decirle que ese texto no representa a ninguna ideolog\u00eda ni a ning\u00fan partido, sino que representa el sentir, las demandas y necesidades del sector\u00bb, ha subrayado el invitado al curso, que adem\u00e1s ha recalcado que \u00abno es f\u00e1cil que el sector se una para crear un proyecto cultural com\u00fan\u00bb y que el hecho de que reconozcan derechos culturales a la ciudadan\u00eda es \u00abuna necesidad\u00bb.<\/p>\n<p>Por otro lado, ha expresado que se trata de \u00abuna rutina por la cual todo se empieza a mirar desde la lupa partidista\u00bb el hecho de que la propuesta se encuentre con obst\u00e1culos; ha incidido en que consiste en \u00abdarle forma desde una visi\u00f3n abierta y normativa a una regulaci\u00f3n de la cultura\u00bb. En este sentido, el gestor cultural del Ayuntamiento de Cortegana (Huelva) se ha esmerado en trasmitir que no es una regulaci\u00f3n que \u00abconstri\u00f1a ni la creatividad, ni a la administraci\u00f3n p\u00fablica en su acci\u00f3n y mucho menos a las empresas creativas y culturales\u00bb.<\/p>\n<p>A colaci\u00f3n de que la cultura no tenga la categor\u00eda de esencial, Morales ha lamentado que \u00abla cultura hist\u00f3ricamente en este pa\u00eds no ha tenido el tratamiento que debiera. Ves otros pa\u00edses de nuestro entorno y el tratamiento que ha recibido la cultura ha sido m\u00e1s riguroso\u00bb.<\/p>\n<p>\u00abAqu\u00ed ha estado demasiadas veces expuesta al devenir pol\u00edtico, no solo de diferentes partidos, sino por cambios incluso dentro de los mismos\u00bb, ha aclarado el ponente, que posteriormente ha a\u00f1adido que \u00abpor razones hist\u00f3ricas y sociol\u00f3gicas la cultura se ha volcado hacia un lado o hacia otro en un \u00e1mbito pol\u00edtico\u00bb, lo cual genera mucha \u00abinsatisfacci\u00f3n y frustraci\u00f3n\u00bb.<\/p>\n<p>El docente, que ha opinado que \u00ablas cosas cambian\u00bb y que \u00abel texto est\u00e1 ah\u00ed\u00bb pese a la negativa reciente por parte del Ejecutivo andaluz, ha advertido lo que puede suponer para los andaluces en caso de que la iniciativa no salga adelante: \u00abSeguiremos en el limbo. La educaci\u00f3n es un derecho y existe la ley de educaci\u00f3n; la vivienda es un derecho y existe la ley de vivienda. No se puede creer que no hay que especificar m\u00e1s por estar reconocida la importancia de la cultura en el Estatuto de Autonom\u00eda y la Constituci\u00f3n\u00bb.<\/p>\n<h3><strong>LA CULTURA TRAS LA PANDEMIA<\/strong><\/h3>\n<p>Sobre los retos a conseguir que aguardan a la cultura una vez recuperada la normalidad, Morales se ha pronunciado: \u00abYo creo que hay dos retos fundamentales. El primero es la transformaci\u00f3n digital de la cultura incluso en artes muy vinculadas a lo ceremonial o a lo artesanal, como las empresas circenses, que est\u00e1n haciendo un trabajo potente para entrar en esa era digital en la que ya est\u00e1bamos, pero que la pandemia ha acelerado; hay que buscar nuevos caminos por el \u00e1mbito digital, no solo el cine y lo audiovisual sino artes m\u00e1s ceremoniales o vinculadas al acto en vivo\u00bb.<\/p>\n<p>\u00abOtro reto es la una reordenaci\u00f3n y una regulaci\u00f3n jur\u00eddica de nuestro sector. La cultura no puede estar siempre cambiando las cosas sin que haya un marco referencial, es decir, una ley\u00bb, ha finalizado.<\/p>\n","protected":false},"excerpt":{"rendered":"<p>El presidente de Gestores Culturales de Andaluc\u00eda (GECA) Rafael Morales ha afirmado en los cursos de verano de la Universidad Pablo de Olavide que \u00abha hecho mucho da\u00f1o\u00bb el concepto de que la cultura es \u00abun sector subvencionado\u00bb, lo cual ha recalcado que \u00abno es cierto\u00bb. En la inauguraci\u00f3n del seminario &#8216;Dise\u00f1o, planificaci\u00f3n y producci\u00f3n de eventos culturales&#8217;, la cabeza<a class=\"read-more\" href=\"https:\/\/www.upo.es\/diario\/cursos-verano\/2022\/07\/el-presidente-de-la-asociacion-de-gestores-culturales-de-andalucia-asegura-que-la-cultura-no-es-un-sector-subvencionado\/\">[Read More&#8230;]<\/a><\/p>\n","protected":false},"author":6,"featured_media":30874289,"comment_status":"closed","ping_status":"open","sticky":false,"template":"","format":"standard","meta":{"_monsterinsights_skip_tracking":false,"_monsterinsights_sitenote_active":false,"_monsterinsights_sitenote_note":"","_monsterinsights_sitenote_category":0,"footnotes":""},"categories":[729],"tags":[190,23,5834,22,4360,2088,519],"class_list":["post-30874287","post","type-post","status-publish","format-standard","has-post-thumbnail","hentry","category-cursos-verano","tag-andalucia","tag-carmona","tag-cultura","tag-cursos-de-verano","tag-gestion-cultural","tag-legislacion","tag-olavide-en-carmona"],"_links":{"self":[{"href":"https:\/\/www.upo.es\/diario\/wp-json\/wp\/v2\/posts\/30874287","targetHints":{"allow":["GET"]}}],"collection":[{"href":"https:\/\/www.upo.es\/diario\/wp-json\/wp\/v2\/posts"}],"about":[{"href":"https:\/\/www.upo.es\/diario\/wp-json\/wp\/v2\/types\/post"}],"author":[{"embeddable":true,"href":"https:\/\/www.upo.es\/diario\/wp-json\/wp\/v2\/users\/6"}],"replies":[{"embeddable":true,"href":"https:\/\/www.upo.es\/diario\/wp-json\/wp\/v2\/comments?post=30874287"}],"version-history":[{"count":4,"href":"https:\/\/www.upo.es\/diario\/wp-json\/wp\/v2\/posts\/30874287\/revisions"}],"predecessor-version":[{"id":30874292,"href":"https:\/\/www.upo.es\/diario\/wp-json\/wp\/v2\/posts\/30874287\/revisions\/30874292"}],"wp:featuredmedia":[{"embeddable":true,"href":"https:\/\/www.upo.es\/diario\/wp-json\/wp\/v2\/media\/30874289"}],"wp:attachment":[{"href":"https:\/\/www.upo.es\/diario\/wp-json\/wp\/v2\/media?parent=30874287"}],"wp:term":[{"taxonomy":"category","embeddable":true,"href":"https:\/\/www.upo.es\/diario\/wp-json\/wp\/v2\/categories?post=30874287"},{"taxonomy":"post_tag","embeddable":true,"href":"https:\/\/www.upo.es\/diario\/wp-json\/wp\/v2\/tags?post=30874287"}],"curies":[{"name":"wp","href":"https:\/\/api.w.org\/{rel}","templated":true}]}}