{"id":30874299,"date":"2022-07-20T14:30:54","date_gmt":"2022-07-20T12:30:54","guid":{"rendered":"https:\/\/www.upo.es\/diario\/?p=30874299"},"modified":"2022-07-20T14:35:18","modified_gmt":"2022-07-20T12:35:18","slug":"exposicion-alarifes-ruiz-florindo","status":"publish","type":"post","link":"https:\/\/www.upo.es\/diario\/cultura\/2022\/07\/exposicion-alarifes-ruiz-florindo\/","title":{"rendered":"La exposici\u00f3n que conmemora el A\u00f1o Florindo puede verse en la Casa de la Provincia hasta el 4 de septiembre"},"content":{"rendered":"<figure id=\"attachment_30874302\" aria-describedby=\"caption-attachment-30874302\" style=\"width: 750px\" class=\"wp-caption aligncenter\"><a href=\"https:\/\/www.upo.es\/diario\/wp-content\/uploads\/2022\/07\/Alonso-Ruiz-Florindo-Casa-Calle-Fernando-Llera-7-1753-scaled.jpg\"><img loading=\"lazy\" decoding=\"async\" class=\"size-large wp-image-30874302\" src=\"https:\/\/www.upo.es\/diario\/wp-content\/uploads\/2022\/07\/Alonso-Ruiz-Florindo-Casa-Calle-Fernando-Llera-7-1753-750x541.jpg\" alt=\"Casa se\u00f1orial en la C\/ Fernando de Llera y D\u00edaz (Alonso Ruiz Florindo)\" width=\"750\" height=\"541\" srcset=\"https:\/\/www.upo.es\/diario\/wp-content\/uploads\/2022\/07\/Alonso-Ruiz-Florindo-Casa-Calle-Fernando-Llera-7-1753-750x541.jpg 750w, https:\/\/www.upo.es\/diario\/wp-content\/uploads\/2022\/07\/Alonso-Ruiz-Florindo-Casa-Calle-Fernando-Llera-7-1753-385x278.jpg 385w, https:\/\/www.upo.es\/diario\/wp-content\/uploads\/2022\/07\/Alonso-Ruiz-Florindo-Casa-Calle-Fernando-Llera-7-1753-768x554.jpg 768w, https:\/\/www.upo.es\/diario\/wp-content\/uploads\/2022\/07\/Alonso-Ruiz-Florindo-Casa-Calle-Fernando-Llera-7-1753-1536x1109.jpg 1536w, https:\/\/www.upo.es\/diario\/wp-content\/uploads\/2022\/07\/Alonso-Ruiz-Florindo-Casa-Calle-Fernando-Llera-7-1753-2048x1478.jpg 2048w, https:\/\/www.upo.es\/diario\/wp-content\/uploads\/2022\/07\/Alonso-Ruiz-Florindo-Casa-Calle-Fernando-Llera-7-1753-1320x953.jpg 1320w\" sizes=\"auto, (max-width: 750px) 100vw, 750px\" \/><\/a><figcaption id=\"caption-attachment-30874302\" class=\"wp-caption-text\">Casa se\u00f1orial de Alonso Ruiz Florindo en la C\/ Fernando de Llera y D\u00edaz<\/figcaption><\/figure>\n<p>En 2022 se cumplen <strong>300 a\u00f1os del nacimiento de Alonso Ruiz Florindo<\/strong>, considerado el principal representante de la familia de maestros alba\u00f1iles y arquitectos Ruiz Florindo, que desde Fuentes de Andaluc\u00eda desarrollaron un particular estilo constructivo y decorativo en el siglo XVIII mediante el uso del ladrillo cocido en la composici\u00f3n y la ornamentaci\u00f3n de fachadas, patios y torres llevados a cabo en la campi\u00f1a sevillana.<\/p>\n<p>Entre las actividades organizadas para conmemorar el <strong>A\u00f1o Florindo<\/strong>, y fruto del convenio entre el Ayuntamiento de Fuentes de Andaluc\u00eda y la Universidad Pablo de Olavide, y en colaboraci\u00f3n con la Diputaci\u00f3n de Sevilla, puede verse <strong>hasta el 4 de septiembre en la Casa de la Provincia (Plaza del Triunfo, 1) la exposici\u00f3n \u2018Alarifes Ruiz Florindo. Arquitectura barroca desde Fuentes de Andaluc\u00eda\u2019<\/strong>, comisariada por los <strong>profesores de Historia del Arte de la UPO Fernando Quiles, Francisco Ollero y Andrea D\u00edaz<\/strong>.<\/p>\n<figure id=\"attachment_30874303\" aria-describedby=\"caption-attachment-30874303\" style=\"width: 339px\" class=\"wp-caption alignright\"><a href=\"https:\/\/www.upo.es\/diario\/wp-content\/uploads\/2022\/07\/Alonso-Ruiz-Florindo-Portada-del-Evangelio-Fuentes-1764-65-scaled.jpg\"><img loading=\"lazy\" decoding=\"async\" class=\"size-medium wp-image-30874303\" src=\"https:\/\/www.upo.es\/diario\/wp-content\/uploads\/2022\/07\/Alonso-Ruiz-Florindo-Portada-del-Evangelio-Fuentes-1764-65-339x385.jpg\" alt=\"\" width=\"339\" height=\"385\" srcset=\"https:\/\/www.upo.es\/diario\/wp-content\/uploads\/2022\/07\/Alonso-Ruiz-Florindo-Portada-del-Evangelio-Fuentes-1764-65-339x385.jpg 339w, https:\/\/www.upo.es\/diario\/wp-content\/uploads\/2022\/07\/Alonso-Ruiz-Florindo-Portada-del-Evangelio-Fuentes-1764-65-661x750.jpg 661w, https:\/\/www.upo.es\/diario\/wp-content\/uploads\/2022\/07\/Alonso-Ruiz-Florindo-Portada-del-Evangelio-Fuentes-1764-65-768x871.jpg 768w, https:\/\/www.upo.es\/diario\/wp-content\/uploads\/2022\/07\/Alonso-Ruiz-Florindo-Portada-del-Evangelio-Fuentes-1764-65-1354x1536.jpg 1354w, https:\/\/www.upo.es\/diario\/wp-content\/uploads\/2022\/07\/Alonso-Ruiz-Florindo-Portada-del-Evangelio-Fuentes-1764-65-1805x2048.jpg 1805w, https:\/\/www.upo.es\/diario\/wp-content\/uploads\/2022\/07\/Alonso-Ruiz-Florindo-Portada-del-Evangelio-Fuentes-1764-65-1320x1498.jpg 1320w\" sizes=\"auto, (max-width: 339px) 100vw, 339px\" \/><\/a><figcaption id=\"caption-attachment-30874303\" class=\"wp-caption-text\">Portada del Evangelio, obra de Alonso Ruiz Florindo en Fuentes de Andaluc\u00eda<\/figcaption><\/figure>\n<p>Los Ruiz Florindo componen una familia de maestros de obras y arquitectos, alarifes, que desarrollan su labor a lo largo del siglo XVIII. Destaca durante la primera mitad del siglo Juan, y en la segunda su hijo Alonso Ruiz Florindo; Alonso Ruiz Florindo de Carmona y Antonio Ruiz Florindo continuaron la saga, este \u00faltimo prolongando su labor m\u00e1s all\u00e1 del t\u00e9rmino de la centuria. Se trata de un grupo de art\u00edfices que se forman y trabajan en la villa de Fuentes de Andaluc\u00eda, con el uso del ladrillo cocido y cortado como material fundamental de su obra. El profesor<strong> Francisco Ollero<\/strong> destaca su originalidad. \u201cCon ese material desarrollar\u00e1n una gran creatividad art\u00edstica que utiliza con enorme libertad los elementos de la composici\u00f3n cl\u00e1sica. Sorprende ese hecho observando su formaci\u00f3n profesional, fundamentalmente emp\u00edrica y con escasa doctrina te\u00f3rica. Adem\u00e1s de representar lo m\u00e1s destacado de la arquitectura barroca de Fuentes, desarrollan su labor en la comarca de la campi\u00f1a sevillana, con obras en El Arahal, La Luisiana, \u00c9cija y Osuna. Antonio Ruiz Florindo pasar\u00eda a trabajar en el \u00e1rea gaditana, interviniendo en obras p\u00fablicas de Algeciras, Puerto Real y levantando el convento mercedario de Cartaya en Huelva\u201d.<\/p>\n<p>La exposici\u00f3n puede visitarse de martes a s\u00e1bado entre las 10 y las 14 horas, y de 18 a 21 horas en horario de tarde. Domingos y festivos solamente en horario de ma\u00f1ana.<\/p>\n<p>&nbsp;<\/p>\n","protected":false},"excerpt":{"rendered":"<p>En 2022 se cumplen 300 a\u00f1os del nacimiento de Alonso Ruiz Florindo, considerado el principal representante de la familia de maestros alba\u00f1iles y arquitectos Ruiz Florindo, que desde Fuentes de Andaluc\u00eda desarrollaron un particular estilo constructivo y decorativo en el siglo XVIII mediante el uso del ladrillo cocido en la composici\u00f3n y la ornamentaci\u00f3n de fachadas, patios y torres llevados a cabo en la campi\u00f1a sevillana.<\/p>\n","protected":false},"author":6,"featured_media":30874302,"comment_status":"closed","ping_status":"open","sticky":false,"template":"","format":"standard","meta":{"_monsterinsights_skip_tracking":false,"_monsterinsights_sitenote_active":false,"_monsterinsights_sitenote_note":"","_monsterinsights_sitenote_category":0,"footnotes":""},"categories":[2779,7],"tags":[1014,7730,2279,2556,74,259,527],"class_list":["post-30874299","post","type-post","status-publish","format-standard","has-post-thumbnail","hentry","category-docencia-formacion","category-cultura","tag-arquitectura","tag-arquitectura-vernacula","tag-barroco","tag-casa-de-la-provincia","tag-exposiciones","tag-area-de-historia-del-arte","tag-patrimonio-arquitectonico"],"_links":{"self":[{"href":"https:\/\/www.upo.es\/diario\/wp-json\/wp\/v2\/posts\/30874299","targetHints":{"allow":["GET"]}}],"collection":[{"href":"https:\/\/www.upo.es\/diario\/wp-json\/wp\/v2\/posts"}],"about":[{"href":"https:\/\/www.upo.es\/diario\/wp-json\/wp\/v2\/types\/post"}],"author":[{"embeddable":true,"href":"https:\/\/www.upo.es\/diario\/wp-json\/wp\/v2\/users\/6"}],"replies":[{"embeddable":true,"href":"https:\/\/www.upo.es\/diario\/wp-json\/wp\/v2\/comments?post=30874299"}],"version-history":[{"count":4,"href":"https:\/\/www.upo.es\/diario\/wp-json\/wp\/v2\/posts\/30874299\/revisions"}],"predecessor-version":[{"id":30874305,"href":"https:\/\/www.upo.es\/diario\/wp-json\/wp\/v2\/posts\/30874299\/revisions\/30874305"}],"wp:featuredmedia":[{"embeddable":true,"href":"https:\/\/www.upo.es\/diario\/wp-json\/wp\/v2\/media\/30874302"}],"wp:attachment":[{"href":"https:\/\/www.upo.es\/diario\/wp-json\/wp\/v2\/media?parent=30874299"}],"wp:term":[{"taxonomy":"category","embeddable":true,"href":"https:\/\/www.upo.es\/diario\/wp-json\/wp\/v2\/categories?post=30874299"},{"taxonomy":"post_tag","embeddable":true,"href":"https:\/\/www.upo.es\/diario\/wp-json\/wp\/v2\/tags?post=30874299"}],"curies":[{"name":"wp","href":"https:\/\/api.w.org\/{rel}","templated":true}]}}