{"id":30874402,"date":"2022-07-26T12:49:36","date_gmt":"2022-07-26T10:49:36","guid":{"rendered":"https:\/\/www.upo.es\/diario\/?p=30874402"},"modified":"2022-07-26T12:49:49","modified_gmt":"2022-07-26T10:49:49","slug":"el-arqueologo-juan-manuel-roman-confirma-que-no-se-ha-excavado-ni-el-1-de-carmona","status":"publish","type":"post","link":"https:\/\/www.upo.es\/diario\/cursos-verano\/2022\/07\/el-arqueologo-juan-manuel-roman-confirma-que-no-se-ha-excavado-ni-el-1-de-carmona\/","title":{"rendered":"El arque\u00f3logo Juan Manuel Rom\u00e1n confirma que no se ha excavado \u00abni el 1%\u00bb de Carmona"},"content":{"rendered":"<p><a href=\"https:\/\/www.upo.es\/diario\/wp-content\/uploads\/2022\/07\/Juanma-Roman.jpg\"><img loading=\"lazy\" decoding=\"async\" class=\"aligncenter size-large wp-image-30874403\" src=\"https:\/\/www.upo.es\/diario\/wp-content\/uploads\/2022\/07\/Juanma-Roman-750x500.jpg\" alt=\"\" width=\"750\" height=\"500\" srcset=\"https:\/\/www.upo.es\/diario\/wp-content\/uploads\/2022\/07\/Juanma-Roman-750x500.jpg 750w, https:\/\/www.upo.es\/diario\/wp-content\/uploads\/2022\/07\/Juanma-Roman-385x257.jpg 385w, https:\/\/www.upo.es\/diario\/wp-content\/uploads\/2022\/07\/Juanma-Roman-768x512.jpg 768w, https:\/\/www.upo.es\/diario\/wp-content\/uploads\/2022\/07\/Juanma-Roman-1536x1024.jpg 1536w, https:\/\/www.upo.es\/diario\/wp-content\/uploads\/2022\/07\/Juanma-Roman-165x109.jpg 165w, https:\/\/www.upo.es\/diario\/wp-content\/uploads\/2022\/07\/Juanma-Roman-1320x880.jpg 1320w, https:\/\/www.upo.es\/diario\/wp-content\/uploads\/2022\/07\/Juanma-Roman.jpg 2048w\" sizes=\"auto, (max-width: 750px) 100vw, 750px\" \/><\/a><\/p>\n<p>El arque\u00f3logo Juan Manuel Rom\u00e1n ha confirmado en los cursos de verano de la Universidad Pablo de Olavide\u00a0 que, aunque \u00abel Servicio Municipal de Arqueolog\u00eda lleve m\u00e1s de 35 a\u00f1os realizando excavaciones urbanas\u00bb, no se ha excavado \u00abni el 1%\u00bb de la ciudad de Carmona (Sevilla), as\u00ed como que futuras excavaciones \u00abvan a seguir aportando informaci\u00f3n sobre la din\u00e1mica hist\u00f3rica de la ciudad\u00bb.<\/p>\n<p>El director del curso &#8216;Arqueolog\u00eda de campo&#8217; ha declarado que la Arqueolog\u00eda \u00absiempre puede deparar sorpresas\u00bb, que \u00abno es una ciencia exacta\u00bb y que en ocasiones \u00abpuede ser que durante el transcurso de la excavaci\u00f3n se encuentren restos o estructuras que no estaban previstos\u00bb.<\/p>\n<p>Dichas palabras vienen a ra\u00edz de los derroteros por los que discurrir\u00e1 la excavaci\u00f3n: \u00abLa parte pr\u00e1ctica del curso de arqueolog\u00eda de este a\u00f1o, en su decimoquinta edici\u00f3n, se celebra en el Conjunto Arqueol\u00f3gico de Carmona, en la necr\u00f3polis; el a\u00f1o pasado tuvimos una primera fase en la que excavamos en el sector sur, donde encontramos parte de una v\u00eda romana, que es la que tradicionalmente se ha interpretado como la que un\u00eda Carmona con Sevilla: la V\u00eda H\u00edspalis\u00bb.<\/p>\n<p>\u00abDado que el a\u00f1o pasado dimos con la v\u00eda de manera transversal, este a\u00f1o nos vamos a centrar sobre su trazado\u00bb, ha apuntado el experto, que adem\u00e1s ha recalcado que busca \u00abrecopilar m\u00e1s informaci\u00f3n acerca de las caracter\u00edsticas constructivas o de la direcci\u00f3n de la v\u00eda\u00bb y que \u00abvamos aumentando el nivel de conocimiento que ten\u00edamos sobre ese camino romano\u00bb.<\/p>\n<p>En relaci\u00f3n a los motivos por los que, un a\u00f1o m\u00e1s, los esfuerzos se dediquen a la v\u00eda, Rom\u00e1n ha comentado lo siguiente: \u00abNos parece bastante interesante; en los \u00faltimos 30 o 40 a\u00f1os se han realizado pocas intervenciones en el Conjunto Arqueol\u00f3gico\u00bb destacando las realizadas \u00aben el anfiteatro o junto al mausoleo circular\u00bb.<\/p>\n<p>\u00abEs interesante que se siga interviniendo y se siga generando informaci\u00f3n que nos permita ir conociendo m\u00e1s sobre la historia de lo que fue tanto el cementario de la antigua Carmo como de las v\u00edas de comunicaci\u00f3n\u00bb, ha profundizado el arque\u00f3logo del Museo de la Ciudad de Carmona.<\/p>\n<p><strong>ARQUEOLOG\u00cdA Y URBANISMO, OBLIGADOS A ENTENDERSE<\/strong><\/p>\n<p>Por otra parte, el miembro del servicio de Arqueolog\u00eda del Ayuntamiento de Carmona ha abundado en la convergencia de Urbanismo y Arqueolog\u00eda con la V\u00eda H\u00edspalis como ejemplo: \u00abEn el caso de Carmona, la calle Sevilla fosiliza esa antigua v\u00eda romana y puede ser normal que, en las obras que se puedan realizar en los edificios colindantes, aparezcan restos funerarios como el mausoleo que encontramos en el a\u00f1o 2019, precisamente en el curso de Arqueolog\u00eda\u00bb.<\/p>\n<p>\u00abEn el caso de la v\u00eda de este a\u00f1o, se trata de una excavaci\u00f3n puntual, la cual se realiza bajo unos criterios de investigaci\u00f3n; no obstante, la gran mayor\u00eda de excavaciones que se hacen son preventivas\u00bb, ha especificado Rom\u00e1n, que ha detallado que en los solares donde se va a construir una vivienda \u00abpreviamente hay que hacer un estudio para determinar si las obras pueden alterar o destruir el sustrato arqueol\u00f3gico\u00bb.<\/p>\n<p>El director de la formaci\u00f3n ha relatado que \u00abla intervenci\u00f3n arqueol\u00f3gica se hace por ley\u00bb, concluyendo con lo siguiente: \u00abSe documentan y determinan los restos que hay ah\u00ed y si su conservaci\u00f3n es viable con la nueva edificaci\u00f3n; normalmente se lleva a cabo la misma, aunque pueda ser normal que sea necesaria alguna modificaci\u00f3n de cara a la preservaci\u00f3n de los restos\u00bb.<\/p>\n","protected":false},"excerpt":{"rendered":"<p>El arque\u00f3logo Juan Manuel Rom\u00e1n ha confirmado en los cursos de verano de la Universidad Pablo de Olavide\u00a0que, aunque \u00abel Servicio Municipal de Arqueolog\u00eda lleve m\u00e1s de 35 a\u00f1os realizando excavaciones urbanas\u00bb, no se ha excavado \u00abni el 1%\u00bb de la ciudad de Carmona (Sevilla), as\u00ed como que futuras excavaciones \u00abvan a seguir aportando informaci\u00f3n sobre la din\u00e1mica hist\u00f3rica de la ciudad\u00bb.<\/p>\n","protected":false},"author":4,"featured_media":30874403,"comment_status":"closed","ping_status":"open","sticky":false,"template":"","format":"standard","meta":{"_monsterinsights_skip_tracking":false,"_monsterinsights_sitenote_active":false,"_monsterinsights_sitenote_note":"","_monsterinsights_sitenote_category":0,"footnotes":""},"categories":[729],"tags":[128,23,22,519],"class_list":["post-30874402","post","type-post","status-publish","format-standard","has-post-thumbnail","hentry","category-cursos-verano","tag-arqueologia","tag-carmona","tag-cursos-de-verano","tag-olavide-en-carmona"],"_links":{"self":[{"href":"https:\/\/www.upo.es\/diario\/wp-json\/wp\/v2\/posts\/30874402","targetHints":{"allow":["GET"]}}],"collection":[{"href":"https:\/\/www.upo.es\/diario\/wp-json\/wp\/v2\/posts"}],"about":[{"href":"https:\/\/www.upo.es\/diario\/wp-json\/wp\/v2\/types\/post"}],"author":[{"embeddable":true,"href":"https:\/\/www.upo.es\/diario\/wp-json\/wp\/v2\/users\/4"}],"replies":[{"embeddable":true,"href":"https:\/\/www.upo.es\/diario\/wp-json\/wp\/v2\/comments?post=30874402"}],"version-history":[{"count":1,"href":"https:\/\/www.upo.es\/diario\/wp-json\/wp\/v2\/posts\/30874402\/revisions"}],"predecessor-version":[{"id":30874404,"href":"https:\/\/www.upo.es\/diario\/wp-json\/wp\/v2\/posts\/30874402\/revisions\/30874404"}],"wp:featuredmedia":[{"embeddable":true,"href":"https:\/\/www.upo.es\/diario\/wp-json\/wp\/v2\/media\/30874403"}],"wp:attachment":[{"href":"https:\/\/www.upo.es\/diario\/wp-json\/wp\/v2\/media?parent=30874402"}],"wp:term":[{"taxonomy":"category","embeddable":true,"href":"https:\/\/www.upo.es\/diario\/wp-json\/wp\/v2\/categories?post=30874402"},{"taxonomy":"post_tag","embeddable":true,"href":"https:\/\/www.upo.es\/diario\/wp-json\/wp\/v2\/tags?post=30874402"}],"curies":[{"name":"wp","href":"https:\/\/api.w.org\/{rel}","templated":true}]}}